{"id":273843,"date":"2025-12-06T07:58:11","date_gmt":"2025-12-06T07:58:11","guid":{"rendered":"https:\/\/www.europesays.com\/es\/273843\/"},"modified":"2025-12-06T07:58:11","modified_gmt":"2025-12-06T07:58:11","slug":"jorge-javier-vazquez-le-quita-el-puesto-a-bea-archidona-y-santi-acosta-en-de-viernes","status":"publish","type":"post","link":"https:\/\/www.europesays.com\/es\/273843\/","title":{"rendered":"Jorge Javier V\u00e1zquez le quita el puesto a Bea Archidona y Santi Acosta en &#8216;\u00a1De Viernes!&#8217;"},"content":{"rendered":"<p data-journey-content=\"true\" data-node-id=\"3\" class=\"css-6wxqfj emevuu60\"><a href=\"https:\/\/diezminutos.es\/jorge-javier-vazquez\" target=\"_blank\" data-node-id=\"3.0\" class=\"css-177bzfx emevuu60\" rel=\"nofollow noopener\">Jorge Javier V\u00e1zquez<\/a> ha relevado a Beatriz Archidona y Santi Acosta al frente de &#8216;\u00a1De Viernes!&#8217;. Al menos as\u00ed lo ha hecho en el inicio del programa de este 5 de diciembre, comenzando el programa desde <strong data-node-id=\"3.2\">el centro del plat\u00f3 con una aparici\u00f3n estelar detr\u00e1s del pantall\u00f3n. <\/strong>Con paso firme, el presentador hac\u00eda lo que mejor sabe hacer: abrir el programa present\u00e1ndose a la audiencia. <\/p>\n<p data-journey-content=\"true\" data-node-id=\"6\" class=\"css-6wxqfj emevuu60\">Pero en esta ocasi\u00f3n <strong data-node-id=\"6.1\">el rol de Jorge Javier no ha sido el de presentador, sino el de entrevistado. <\/strong>A pesar de este inicio, el catal\u00e1n se sentaba en el sof\u00e1 para someterse a las preguntas de sus compa\u00f1eros, aunque no ha podido ocultar sus tablas haci\u00e9ndose con las riendas del programa en m\u00e1s de una ocasi\u00f3n, con esa chispa de espontaneidad y sinceridad. Sobre todo, en el momento en el que <a href=\"https:\/\/www.diezminutos.es\/famosos-corazon\/famosos-espanoles\/a69647600\/lydia-lozano-jorge-javier-reencuentro-de-viernes-no-te-lo-has-operado-no\/\" target=\"_blank\" data-vars-ga-outbound-link=\"https:\/\/www.diezminutos.es\/famosos-corazon\/famosos-espanoles\/a69647600\/lydia-lozano-jorge-javier-reencuentro-de-viernes-no-te-lo-has-operado-no\/\" data-vars-ga-ux-element=\"Hyperlink\" data-vars-ga-call-to-action=\"pod\u00eda interactuar con Lydia Lozano\" data-node-id=\"6.3\" class=\"body-link css-177bzfx emevuu60\" rel=\"nofollow noopener\">pod\u00eda interactuar con Lydia Lozano<\/a>, o con <a href=\"https:\/\/diezminutos.es\/terelu-campos\" target=\"_blank\" data-node-id=\"6.5\" class=\"css-177bzfx emevuu60\" rel=\"nofollow noopener\">Terelu Campos<\/a>, ambas ex compa\u00f1eras.<\/p>\n<p><img draggable=\"true\" alt=\"bea archidona santi acosta jorge javier vazquez\" title=\"bea archidona santi acosta jorge javier vazquez\" loading=\"lazy\" width=\"2500\" height=\"1414\" decoding=\"async\" data-nimg=\"1\" style=\"color:transparent;width:100%;height:auto;\"   src=\"https:\/\/www.europesays.com\/es\/wp-content\/uploads\/2025\/12\/bea-archidona-santi-acosta-jorge-javier-69336620949f8.jpg\" class=\"css-0 e1g79fud0\"\/><\/p>\n<p>Telecinco<\/p>\n<p data-journey-content=\"true\" data-node-id=\"9\" class=\"css-6wxqfj emevuu60\">Durante la entrevista, Jorge Javier se ha mostrado agradecido y divertido por ser, por una vez, el entrevistado. Eso s\u00ed, su &#8216;formaci\u00f3n profesional&#8217; hac\u00eda que se diera cuenta de detalles de sus compa\u00f1eros, incluso siendo \u00e9l el foco de la atenci\u00f3n: \u00abMe encanta estar en el sof\u00e1 porque desde aqu\u00ed se ve otro programa\u00bb, dec\u00eda.<\/p>\n<p>Jorge Javier V\u00e1zquez no puede verse<\/p>\n<p data-journey-content=\"true\" data-node-id=\"14\" class=\"css-6wxqfj emevuu60\">El presentador ha acudido al programa para sincerarse sobre su proceso est\u00e9tico que dej\u00f3 a todos <a href=\"https:\/\/www.diezminutos.es\/teleprograma\/programas-tv\/a65986392\/imagen-jorge-javier-vazquez-supervivientes-all-stars-2-parecidos-razonables\/\" target=\"_blank\" data-vars-ga-outbound-link=\"https:\/\/www.diezminutos.es\/teleprograma\/programas-tv\/a65986392\/imagen-jorge-javier-vazquez-supervivientes-all-stars-2-parecidos-razonables\/\" data-vars-ga-ux-element=\"Hyperlink\" data-vars-ga-call-to-action=\"boquiabiertos en la vuelta de &#039;Supervivientes: All Stars&#039;\" data-node-id=\"14.1\" class=\"body-link css-177bzfx emevuu60\" rel=\"nofollow noopener\">boquiabiertos en la vuelta de &#8216;Supervivientes: All Stars&#8217;<\/a>. El cambio fue tan grande que cop\u00f3 las redes sociales en minutos haciendo correr r\u00edos de tinta especulando sobre lo que se hab\u00eda hecho. \u00abYo hable con la producci\u00f3n del programa y dije, <strong data-node-id=\"14.3\">los titulares me los voy a llevar yo porque voy a salir genial<\/strong>, la gente se va a quedar flipada&#8230; \u00a1toma! Madre m\u00eda\u00bb, recordaba bromeando.<\/p>\n<p data-journey-content=\"true\" data-node-id=\"16\" class=\"css-6wxqfj emevuu60\">\u00abPara mi fue muy complicado para <a href=\"https:\/\/www.diezminutos.es\/teleprograma\/programas-tv\/a65986728\/supervivientes-all-stars-2-saltos-en-helicoptero-cancelados\/\" target=\"_blank\" data-vars-ga-outbound-link=\"https:\/\/www.diezminutos.es\/teleprograma\/programas-tv\/a65986728\/supervivientes-all-stars-2-saltos-en-helicoptero-cancelados\/\" data-vars-ga-ux-element=\"Hyperlink\" data-vars-ga-call-to-action=\"salir el d\u00eda de Supervivientes,\" data-node-id=\"16.1\" class=\"body-link css-177bzfx emevuu60\" rel=\"nofollow noopener\">salir el d\u00eda de Supervivientes,<\/a> pero pasados los d\u00edas me di cuenta de los a\u00f1os que tengo y<strong data-node-id=\"16.3\"> los a\u00f1os de terapia que llevo a mis espaldas<\/strong>\u00ab, explicaba.<\/p>\n<p>El rev\u00e9s de la operaci\u00f3n de Jorge Javier V\u00e1zquez<\/p>\n<p data-journey-content=\"true\" data-node-id=\"19\" class=\"css-6wxqfj emevuu60\">Sin embargo, el cambio no sali\u00f3 como se esperaba despu\u00e9s de un rev\u00e9s. \u00abTuve un problema durante la operaci\u00f3n porque ten\u00eda la presi\u00f3n alta y no consegu\u00edan controlarla\u00bb por lo que pas\u00f3 la primera noche en el hospital pasando mucho dolor. \u00ab<strong data-node-id=\"19.1\">Me levant\u00e9 y sent\u00ed c\u00f3mo la cara se empezaba a llenar de algo y la cara estaba a punto de explotar. <\/strong>Era un dolor terrible. Me tuvieron que meter de nuevo al quir\u00f3fano porque hab\u00eda tenido una subida de tensi\u00f3n\u00bb, explicaba. <\/p>\n<p data-journey-content=\"true\" data-node-id=\"21\" class=\"css-6wxqfj emevuu60\">De hecho el presentador no quer\u00eda ni ver en el monitor cuando mostraban los v\u00eddeos del primer d\u00eda del concurso. <strong data-node-id=\"21.1\">\u00abQu\u00e9 verg\u00fcenza&#8230;\u00bb, dec\u00eda Jorge Javier V\u00e1zquez<\/strong> y es que tan solo hab\u00eda pasado un mes desde su operaci\u00f3n. \u00abNo consegu\u00ed que el derrame del ojo se me fuera por lo que sal\u00ed con gafas de sol\u00bb, a\u00f1ad\u00eda.<br data-node-id=\"21.3\"\/><\/p>\n<p>El motivo de las operaciones de Jorge Javier V\u00e1zquez<\/p>\n<p data-journey-content=\"true\" data-node-id=\"24\" class=\"css-6wxqfj emevuu60\">Jorge Javier V\u00e1zquez ha detallado que se ha hecho un gran n\u00famero de operaciones que tuvo que hacerse en dos d\u00edas, siendo el primero de ellos el 29 de julio, dejando todo el mes de agosto de postoperatorio. <strong data-node-id=\"24.1\">\u00abPara mi ha sido un verano maravilloso<\/strong> porque yo sabia que todo agosto no pod\u00eda salir de casa, no me pod\u00eda dar el sol y he aprovechado para reconectar conmigo\u00bb, ha explicado.<\/p>\n<p data-journey-content=\"true\" data-node-id=\"26\" class=\"css-6wxqfj emevuu60\">Un tiempo en el que ha terminado el proceso de dejar atr\u00e1s sus inseguridades. \u00abMe veo mucho mejor que antes\u00bb y es que, confiesa, <strong data-node-id=\"26.1\">\u00abno aguantaba verme todos los d\u00edas en un plasma gigantesco. <\/strong>Hab\u00eda d\u00edas que llegu\u00e9 a pensar &#8216;mejora quedarme en mi casa que verme as\u00ed&#8217;. Me produc\u00eda rechazo\u00bb. Pero ahora, el presentador ha conseguido dejar atr\u00e1s esto con su \u00abnueva cara\u00bb y su duro y largo trabajo psicol\u00f3gico. \u00abMe encuentro una versi\u00f3n much\u00edsimo m\u00e1s mejorada que se ajusta mejor a lo que yo siento interiormente\u00bb. <\/p>\n<p><img src=\"https:\/\/www.europesays.com\/es\/wp-content\/uploads\/2025\/12\/1765007891_993_323095e3-d675-4360-ad79-c3a735f161a1_1681830139.file\" alt=\"Headshot of Aroa D\u00edaz\" title=\"Headshot of Aroa D\u00edaz\" width=\"100%\" height=\"100%\" decoding=\"async\" loading=\"lazy\" class=\"css-o0wq4v ev8dhu53\"\/><\/p>\n<p>Aroa D\u00edaz es experta en realities, televisi\u00f3n y actualidad en general. No hay momento del d\u00eda en el que no tenga encendida la televisi\u00f3n conociendo los \u00faltimos desvelos de los famosos, disfrutando de los realities como Supervivientes o de los concursos m\u00e1s rocambolescos. Las \u00faltimas novedades de los famosos del coraz\u00f3n son su perdici\u00f3n y la actualidad de las Casas Reales, su gran pasi\u00f3n. \u00a0\u00a0<\/p>\n<p>En sus ratos libres disfruta de las pel\u00edculas y series de moda, y bucea por los cat\u00e1logos de las plataformas de podcast buscando nuevas entrevistas y charlas de famosos.<\/p>\n<p>Adem\u00e1s, no ha parado de formarse en todos los aspectos convirti\u00e9ndose en una periodista 360: locuci\u00f3n, doblaje, grabaci\u00f3n de v\u00eddeo, periodismo m\u00f3vil, producci\u00f3n de podcast y SEO. Actualmente est\u00e1 form\u00e1ndose en el M\u00e1ster universitario de Periodismo y Comunicaci\u00f3n Digital: Datos y Nuevas Narrativas de la UOC.<\/p>\n<p>Graduada en periodismo por la Universidad Rey Juan Carlos, no ha parado de trabajar desde que obtuvo su t\u00edtulo all\u00e1 por el 2013. Despu\u00e9s de un breve impass en Palma de Mallorca, volvi\u00f3 a Legan\u00e9s donde arranc\u00f3 su experiencia con Legan\u00e9s Activo. En este tiempo he pasado por las redacciones de varios medios recayendo finalmente en Hearst Espa\u00f1a (Telenovela, Qu\u00e9 me dices y Diez Minutos). Tambi\u00e9n tiene experiencia en diferentes radios. \u00a0<\/p>\n","protected":false},"excerpt":{"rendered":"Jorge Javier V\u00e1zquez ha relevado a Beatriz Archidona y Santi Acosta al frente de &#8216;\u00a1De Viernes!&#8217;. Al menos&hellip;\n","protected":false},"author":2,"featured_media":273844,"comment_status":"","ping_status":"","sticky":false,"template":"","format":"standard","meta":{"footnotes":""},"categories":[171],"tags":[253,146,147,25,24,23,214],"class_list":{"0":"post-273843","1":"post","2":"type-post","3":"status-publish","4":"format-standard","5":"has-post-thumbnail","7":"category-tv","8":"tag-discover","9":"tag-entertainment","10":"tag-entretenimiento","11":"tag-es","12":"tag-espana","13":"tag-spain","14":"tag-tv"},"share_on_mastodon":{"url":"https:\/\/pubeurope.com\/@es\/115671565097488950","error":""},"_links":{"self":[{"href":"https:\/\/www.europesays.com\/es\/wp-json\/wp\/v2\/posts\/273843","targetHints":{"allow":["GET"]}}],"collection":[{"href":"https:\/\/www.europesays.com\/es\/wp-json\/wp\/v2\/posts"}],"about":[{"href":"https:\/\/www.europesays.com\/es\/wp-json\/wp\/v2\/types\/post"}],"author":[{"embeddable":true,"href":"https:\/\/www.europesays.com\/es\/wp-json\/wp\/v2\/users\/2"}],"replies":[{"embeddable":true,"href":"https:\/\/www.europesays.com\/es\/wp-json\/wp\/v2\/comments?post=273843"}],"version-history":[{"count":0,"href":"https:\/\/www.europesays.com\/es\/wp-json\/wp\/v2\/posts\/273843\/revisions"}],"wp:featuredmedia":[{"embeddable":true,"href":"https:\/\/www.europesays.com\/es\/wp-json\/wp\/v2\/media\/273844"}],"wp:attachment":[{"href":"https:\/\/www.europesays.com\/es\/wp-json\/wp\/v2\/media?parent=273843"}],"wp:term":[{"taxonomy":"category","embeddable":true,"href":"https:\/\/www.europesays.com\/es\/wp-json\/wp\/v2\/categories?post=273843"},{"taxonomy":"post_tag","embeddable":true,"href":"https:\/\/www.europesays.com\/es\/wp-json\/wp\/v2\/tags?post=273843"}],"curies":[{"name":"wp","href":"https:\/\/api.w.org\/{rel}","templated":true}]}}