{"id":273855,"date":"2025-12-06T08:06:19","date_gmt":"2025-12-06T08:06:19","guid":{"rendered":"https:\/\/www.europesays.com\/es\/273855\/"},"modified":"2025-12-06T08:06:19","modified_gmt":"2025-12-06T08:06:19","slug":"aumenta-la-presion-hacia-venezuela-trump-amenaza-tambien-a-colombia-y-espana-apuesta-por-china","status":"publish","type":"post","link":"https:\/\/www.europesays.com\/es\/273855\/","title":{"rendered":"Aumenta la presi\u00f3n hacia Venezuela; Trump amenaza tambi\u00e9n a Colombia; y Espa\u00f1a apuesta por China"},"content":{"rendered":"<p>    <img src=\"https:\/\/www.europesays.com\/es\/wp-content\/uploads\/2025\/12\/repaso-de-prensa-32.04-1.png\" width=\"1000\" height=\"667\" alt=\"Repaso de prensa\" loading=\"eager\" decoding=\"sync\" fetchpriority=\"high\"\/><\/p>\n<p>            Keystone y SWI swissinfo.ch        <\/p>\n<p>            Escuchar el art\u00edculo        <\/p>\n<p>            Escuchando el art\u00edculo        <\/p>\n<p>                Toggle language selector            <\/p>\n<ul class=\"read-aloud\/track-selector__options\">\n<li>\n<p>                            Espa\u00f1ol (europeo)                        <\/p>\n<\/li>\n<li>\n<p>                            Espa\u00f1ol (mexicano)                        <\/p>\n<\/li>\n<\/ul>\n<p>            Generado con inteligencia artificial.        <\/p>\n<p>        Queridas lectoras y queridos lectores, hoy se celebra en Suiza el d\u00eda de San Nicol\u00e1s, que regala mandarinas, cacahuetes y chocolates a quienes lo desean. Mientras nos adentramos en el invierno por aqu\u00ed, seguimos recibiendo noticias muy relevantes desde el mundo de habla hispana. Conf\u00edo en que encontrar\u00e1n estas noticias tan interesantes como me parecen a m\u00ed.\n<\/p>\n<p>        Este contenido fue publicado en    <\/p>\n<p>        06 diciembre 2025 &#8211; 08:00\n<\/p>\n<p>\n            Jos\u00e9 Kress        <\/p>\n<p>    <img src=\"https:\/\/www.europesays.com\/es\/wp-content\/uploads\/2025\/11\/josC3A9-kress-profileImage-48126657.png\" width=\"1000\" height=\"1000\" alt=\"\" loading=\"lazy\" decoding=\"async\" fetchpriority=\"auto\"\/><\/p>\n<p>\n                Como especialista en creaci\u00f3n de contenidos digitales y gesti\u00f3n de plataformas de medios sociales, combino la experiencia en comunicaci\u00f3n con un buen ojo para las tendencias. Llevo a cabo investigaciones semanales sobre los medios de comunicaci\u00f3n suizos para elaborar una revista de prensa sobre los temas m\u00e1s importantes, y siempre estoy a la caza de oportunidades para desarrollar productos period\u00edsticos innovadores.<br \/>\nSoy licenciado en Sociolog\u00eda en Valencia (Espa\u00f1a) y en Berna (Suiza), con especializaci\u00f3n en Estudios de Medios. Mi experiencia profesional incluye el periodismo, la creaci\u00f3n de contenido digital, la producci\u00f3n de podcasts y la creaci\u00f3n de contenido multimedia.            <\/p>\n<ul class=\"author__content\/links\">\n<li class=\"author__content\/links__item\">\n            <a href=\"https:\/\/www.swissinfo.ch\/spa\/author\/jose-kress\/\" rel=\"nofollow noopener\" target=\"_blank\"><br \/>\n                M\u00e1s art\u00edculos de este autor \/ esta autora            <\/a>\n        <\/li>\n<li class=\"author__content\/links__item\">\n            <a href=\"https:\/\/www.swissinfo.ch\/spa\/department\/redaccion-en-espanol\" rel=\"nofollow noopener\" target=\"_blank\"><br \/>\n                Redacci\u00f3n en espa\u00f1ol            <\/a>\n        <\/li>\n<\/ul>\n<p>\ud83c\uddfb\ud83c\uddea Seg\u00fan el an\u00e1lisis de varios medios el despliegue militar en el Caribe y la ambig\u00fcedad de los objetivos reales de Washington, el argumento del narcotr\u00e1fico ser\u00eda solo una justificaci\u00f3n superficial.<\/p>\n<p>\ud83c\udde8\ud83c\uddf4 Trump insinu\u00f3 que no descarta acciones militares contra cualquier pa\u00eds del que procedan drogas dirigidas hacia Estados Unidos, mencionando expl\u00edcitamente a Colombia.<\/p>\n<p>\ud83c\uddea\ud83c\uddf8 La inversi\u00f3n conjunta del fabricante chino CATL y del grupo europeo Stellantis en Figueruelas, cerca de Zaragoza, se ha convertido en la mayor inversi\u00f3n china en Espa\u00f1a.<\/p>\n<p>Estados Unidos aumenta la presi\u00f3n militar y econ\u00f3mica sobre Venezuela<\/p>\n<p>    <img src=\"https:\/\/www.europesays.com\/es\/wp-content\/uploads\/2025\/12\/280606690_highres.jpg\" width=\"1300\" height=\"836\" alt=\"El presidente de Venezuela Nicol\u00e1s Maduro.\" loading=\"lazy\" decoding=\"async\" fetchpriority=\"auto\"\/><\/p>\n<p>                El presidente de Venezuela, Nicol\u00e1s Maduro.            <\/p>\n<p>            Keystone        <\/p>\n<p>El tensa situaci\u00f3n entre EE.UU. y Venezuela sigue siendo con gran diferencia la noticia principal que nos llega a Suiza desde un pa\u00eds hispanoparlante. Los medios continuan explicando las razones por las cuales Trump est\u00e1 actuando con presi\u00f3n militar y geopol\u00edtica sobre Venezuela, lo cual el diario NZZ interpreta como parte de una estrategia m\u00e1s amplia para reforzar la influencia estadounidense en Am\u00e9rica Latina y limitar la presencia de otras potencias.<\/p>\n<blockquote class=\"quote\">\n<p class=\"quote__text\">\n        \u00abLos Estados Unidos tienen suficiente poder de fuego como para arrasar Caracas en una tarde\u00bb    <\/p>\n<p>            NZZ\n    <\/p><\/blockquote>\n<p>En su an\u00e1lisis, el peri\u00f3dico destaca la magnitud del despliegue militar en el Caribe y la ambig\u00fcedad de los objetivos reales de Washington, para los que el argumento del narcotr\u00e1fico ser\u00eda solo una justificaci\u00f3n superficial. La presencia del mayor portaaviones estadounidense, la Gerald R. Ford, as\u00ed como el traslado de miles de soldados y equipos avanzados a la regi\u00f3n, muestran que la Casa Blanca quiere transmitir m\u00e1xima presi\u00f3n sobre el r\u00e9gimen de Nicol\u00e1s Maduro, aunque por ahora sin cruzar la l\u00ednea de una intervenci\u00f3n directa. El NZZ subraya que el mensaje impl\u00edcito es claro: Estados Unidos no permitir\u00e1 que en Venezuela operen sin restricciones actores como Rusia, China o Ir\u00e1n.<\/p>\n<p>El art\u00edculo tambi\u00e9n analiza los intereses econ\u00f3micos que, seg\u00fan el diario, explican mejor la estrategia de Washington. Venezuela posee algunas de las mayores reservas de petr\u00f3leo del mundo, adem\u00e1s de oro, coltan, diamantes, gas y otros minerales estrat\u00e9gicos, y la administraci\u00f3n Trump considerar\u00eda prioritario apartar a rivales geopol\u00edticos y preparar un eventual acceso preferente para las empresas estadounidenses. El NZZ recuerda que compa\u00f1\u00edas como Chevron ya han retomado operaciones en Venezuela y que un cambio pol\u00edtico abrir\u00eda enormes oportunidades econ\u00f3micas, especialmente para el sector energ\u00e9tico norteamericano. Para el peri\u00f3dico, la pugna por Venezuela no es solo un enfrentamiento diplom\u00e1tico, sino una disputa por recursos clave en un momento de creciente competencia global. Frente al deterioro interno del pa\u00eds y el avance de redes il\u00edcitas, Washington ver\u00eda en el control de estos recursos una pieza central de su hegemon\u00eda regional. (Fuente: <a href=\"https:\/\/www.nzz.ch\/wirtschaft\/strategische-rohstoffe-und-oel-trump-setzt-venezuela-militaerisch-unter-druck-doch-er-verfolgt-auch-wirtschaftliche-ziele-ld.1913264\" target=\"_blank\" rel=\"nofollow noopener\">NZZEnlace externo<\/a> en alem\u00e1n, solo con suscripci\u00f3n)<\/p>\n<p>Trump amenaza a Colombia en su ofensiva antidroga<\/p>\n<p>    <img src=\"https:\/\/www.europesays.com\/es\/wp-content\/uploads\/2025\/12\/682711770_highres.jpg\" width=\"1300\" height=\"866\" alt=\"Presidente Gustavo Petro\" loading=\"lazy\" decoding=\"async\" fetchpriority=\"auto\"\/><\/p>\n<p>                El presidente Gustavo Petro            <\/p>\n<p>            Keystone        <\/p>\n<p>Este conflicto se va extendiendo a otros pa\u00edses del Caribe. La escalada verbal y militar de Estados Unidos en su lucha contra el narcotr\u00e1fico en el Caribe, y en particular las nuevas amenazas del presidente Donald Trump hacia Colombia tambi\u00e9n han sido difundidas por la prensa suiza esta semana.<\/p>\n<blockquote class=\"quote\">\n<p class=\"quote__text\">\n        \u00abCualquiera que haga eso y lo venda en nuestro pa\u00eds debe contar con ataques\u00bb    <\/p>\n<p>            Afirmaci\u00f3n de Gustavo Petro, presidente de Colombia, recogida en nau.ch\n    <\/p><\/blockquote>\n<p>El portal nau.ch destaca que Trump insinu\u00f3 que no descarta acciones militares contra cualquier pa\u00eds del que procedan drogas hacia Estados Unidos, mencionando expl\u00edcitamente a Colombia y vincul\u00e1ndolo, sin pruebas, a supuestas f\u00e1bricas de coca\u00edna destinadas al mercado estadounidense. Seg\u00fan el medio, estas declaraciones llegan en un contexto en el que Washington ya ha reforzado notablemente su presencia militar en el Caribe, con el despliegue de buques de guerra y operaciones encubiertas en Venezuela. Nau.ch se\u00f1ala que este enfoque agresivo ha generado preocupaci\u00f3n internacional y fuertes cr\u00edticas por parte de Bogot\u00e1.<\/p>\n<p>El art\u00edculo tambi\u00e9n subraya el deterioro acelerado de las relaciones entre Estados Unidos y Colombia. El presidente colombiano, Gustavo Petro, suspendi\u00f3 recientemente el intercambio de informaci\u00f3n de inteligencia despu\u00e9s de que un pescador colombiano muriera en el marco de operaciones estadounidenses contra presuntos narcotraficantes. Ante las nuevas amenazas, Petro advirti\u00f3 que atacar la soberan\u00eda colombiana equivaldr\u00eda a declarar la guerra, e invit\u00f3 a Trump a visitar el pa\u00eds para ver de primera mano c\u00f3mo se destruyen laboratorios de droga. Nau.ch resalta que la tensi\u00f3n ha aumentado igualmente por las acusaciones de Washington sobre una supuesta falta de firmeza de Petro frente a los c\u00e1rteles, as\u00ed como por sanciones impuestas contra el mandatario. El portal interpreta este clima de confrontaci\u00f3n como parte de una estrategia estadounidense m\u00e1s amplia en la regi\u00f3n, en la que la lucha antidroga se mezcla con objetivos geopol\u00edticos y con la presi\u00f3n sobre gobiernos que divergen de la l\u00ednea de Washington. (Fuente: <a href=\"https:\/\/www.nau.ch\/news\/amerika\/donald-trump-trump-diese-lander-mussen-mit-angriffen-rechnen-67072255\" target=\"_blank\" rel=\"nofollow noopener\">nau.chEnlace externo<\/a> en alem\u00e1n)<\/p>\n<p>Espa\u00f1a apuesta por China con una megaf\u00e1brica de bater\u00edas en Arag\u00f3n<\/p>\n<p>    <img src=\"https:\/\/www.europesays.com\/es\/wp-content\/uploads\/2025\/12\/590775880_highres.jpg\" width=\"1300\" height=\"765\" alt=\"F\u00e1brica de coches china\" loading=\"lazy\" decoding=\"async\" fetchpriority=\"auto\"\/><\/p>\n<p>            Keystone        <\/p>\n<p>Esta semana la prensa suiza ha comentado el asunto de la creciente influencia china en la industria europea, y en particular la fuerte apuesta de Espa\u00f1a por convertirse en un centro clave de producci\u00f3n de bater\u00edas.<\/p>\n<blockquote class=\"quote\">\n<p class=\"quote__text\">\n        \u00abEllos van a\u00f1os por delante. Solo podemos observar y aprender\u00bb    <\/p>\n<p>            Afirmaci\u00f3n de David Romeral, director general del cl\u00faster automovil\u00edstico CAAR Arag\u00f3n, en el portal Watson.ch\n    <\/p><\/blockquote>\n<p>El digital suizo Watson.ch destaca c\u00f3mo la inversi\u00f3n conjunta del fabricante chino CATL y del grupo europeo Stellantis en Figueruelas, cerca de Zaragoza, se ha convertido en la mayor inversi\u00f3n china en Espa\u00f1a. La magnitud del proyecto, valorado en 4.100 millones de euros y apoyado parcialmente con fondos europeos, sit\u00faa a Espa\u00f1a en una posici\u00f3n estrat\u00e9gica dentro del mapa industrial europeo gracias a sus bajos costes energ\u00e9ticos y laborales.<\/p>\n<p>Watson.ch subraya, sin embargo, que este impulso llega acompa\u00f1ado de dudas sobre el grado de dependencia tecnol\u00f3gica respecto a China. El medio recoge las advertencias de representantes sindicales y de la industria, que reconocen la falta de experiencia espa\u00f1ola en la fabricaci\u00f3n de bater\u00edas y la necesidad de un significativo aprendizaje t\u00e9cnico. Tambi\u00e9n menciona la posibilidad de que China env\u00ede personal propio para acelerar la fase inicial de construcci\u00f3n, aunque la empresa insiste en que el objetivo final es formar mano de obra local. En paralelo, el art\u00edculo destaca que la postura espa\u00f1ola contrasta con la creciente cautela de otros pa\u00edses europeos frente a Pek\u00edn, reforzando una l\u00ednea pol\u00edtica m\u00e1s abierta que Madrid ha evidenciado con recientes visitas oficiales a China y nuevos proyectos de f\u00e1bricas de bater\u00edas previstos en el pa\u00eds. (Fuente: <a href=\"https:\/\/www.watson.ch\/digital\/international\/290912353-spanien-erhaelt-chinesische-batteriefabrik-sie-sind-uns-jahre-voraus\" target=\"_blank\" rel=\"nofollow noopener\">Watson.chEnlace externo<\/a> en alem\u00e1n)<\/p>\n<p><strong>En el marco de nuestra producci\u00f3n period\u00edstica propia, le recomendamos las siguientes entregas<\/strong>. <\/p>\n<p>\n    Mostrar m\u00e1s<\/p>\n<p>    <img src=\"https:\/\/www.europesays.com\/es\/wp-content\/uploads\/2025\/12\/Ibu-Asmania.jpg\" width=\"3344\" height=\"2224\" alt=\"Sra. Asmania\" loading=\"lazy\" decoding=\"async\" fetchpriority=\"auto\"\/><\/p>\n<p>        Mostrar m\u00e1s    <\/p>\n<p>        Adaptaci\u00f3n clim\u00e1tica\n        <\/p>\n<p>        Holcim: demanda al gigante cementero desde una diminuta isla de Indonesia    <\/p>\n<p class=\"teaser-wide-card__excerpt\">\n<p>                        Este contenido fue publicado en                    <\/p>\n<p>                        04 dic. 2025                    <\/p>\n<p>                Reportaje en Pulau Pari, Indonesia, donde cuatro habitantes han decidido enfrentarse a una empresa importante de una de las industrias m\u00e1s contaminantes: la cementera Holcim.            <\/p>\n<p>    <a class=\"teaser-wide-card__link\" href=\"https:\/\/www.swissinfo.ch\/spa\/adaptacion-climatica\/holcim-demanda-al-gigante-cementero-desde-una-diminuta-isla-de-indonesia\/90577141\" target=\"_self\" rel=\"nofollow noopener\"><\/p>\n<p>            leer m\u00e1s Holcim: demanda al gigante cementero desde una diminuta isla de Indonesia<br \/>\n    <\/a><\/p>\n<p>\n    Mostrar m\u00e1s<\/p>\n<p>    <img src=\"https:\/\/www.europesays.com\/es\/wp-content\/uploads\/2025\/12\/659958215_highres.jpg\" width=\"1300\" height=\"919\" alt=\"Trump se sienta en el escritorio con los brazos abiertos.\" loading=\"lazy\" decoding=\"async\" fetchpriority=\"auto\"\/><\/p>\n<p>        Mostrar m\u00e1s    <\/p>\n<p>        Precios de los medicamentos\n        <\/p>\n<p>        Cronolog\u00eda: c\u00f3mo Trump ha removido la industria farmac\u00e9utica en 2025    <\/p>\n<p class=\"teaser-wide-card__excerpt\">\n<p>                        Este contenido fue publicado en                    <\/p>\n<p>                        01 dic. 2025                    <\/p>\n<p>                Las reformas de precios y los aranceles de Trump han reconfigurado la industria farmac\u00e9utica en 2025.            <\/p>\n<p>    <a class=\"teaser-wide-card__link\" href=\"https:\/\/www.swissinfo.ch\/spa\/precios-de-los-medicamentos\/cronolog%c3%ada-c%c3%b3mo-trump-ha-removido-la-industria-farmac%c3%a9utica-en-2025\/90542132\" target=\"_self\" rel=\"nofollow noopener\"><\/p>\n<p>            leer m\u00e1s Cronolog\u00eda: c\u00f3mo Trump ha removido la industria farmac\u00e9utica en 2025<br \/>\n    <\/a><\/p>\n<p>\n    Mostrar m\u00e1s<\/p>\n<p>    <img src=\"https:\/\/www.europesays.com\/es\/wp-content\/uploads\/2025\/12\/647025945_highres_c48797.jpg\" width=\"1300\" height=\"866\" alt=\"banner reading &quot;gravar a los ricos&quot;\" loading=\"lazy\" decoding=\"async\" fetchpriority=\"auto\"\/><\/p>\n<p>        Mostrar m\u00e1s    <\/p>\n<p>        Democracia\n        <\/p>\n<p>        Por qu\u00e9 los llamamientos a \u2018gravar a las personas ricas\u2019 son ruidosos, populares y rara vez exitosos    <\/p>\n<p class=\"teaser-wide-card__excerpt\">\n<p>                        Este contenido fue publicado en                    <\/p>\n<p>                        30 nov. 2025                    <\/p>\n<p>                La idea de poner l\u00edmites a las personas ricas suele contar con un amplio apoyo p\u00fablico. En la pr\u00e1ctica, rara vez tiene \u00e9xito, incluso cuando la ciudadan\u00eda puede votar directamente sobre ello. \u00bfPor qu\u00e9?            <\/p>\n<p>    <a class=\"teaser-wide-card__link\" href=\"https:\/\/www.swissinfo.ch\/spa\/democracia\/por-que-los-llamamientos-a-gravar-a-las-personas-ricas-son-ruidosos-populares-y-rara-vez-exitosos\/90559620\" target=\"_self\" rel=\"nofollow noopener\"><\/p>\n<p>            leer m\u00e1s Por qu\u00e9 los llamamientos a \u2018gravar a las personas ricas\u2019 son ruidosos, populares y rara vez exitosos<br \/>\n    <\/a><\/p>\n<p>Si quiere compartirnos un comentario sobre nuestro contenido en general o desea que tratemos alg\u00fan tema, este es nuestro correo: <a href=\"https:\/\/www.swissinfo.ch\/spa\/various\/aumenta-la-presion-hacia-venezuela-trump-amenaza-tambien-a-colombia-y-espana-apuesta-por-china\/mailto:spanish@swissinfo.ch\" rel=\"nofollow noopener\" target=\"_blank\">spanish@swissinfo.ch<\/a>\u00a0<br \/>\u00a0<br \/>Le enviar\u00e9 el pr\u00f3ximo repaso a la prensa suiza el 13 de diciembre. Si todav\u00eda no se ha suscrito para recibirlo directamente en su correo electr\u00f3nico, lo puede hacer\u00a0<a href=\"https:\/\/www.swissinfo.ch\/spa\/economia\/newsletter\/48905584\" rel=\"nofollow noopener\" target=\"_blank\">aqu\u00ed<\/a>.\u00a0\u00a1Mientras tanto, buen fin de semana desde Berna y disfrute de nuestro contenido!<\/p>\n<p>Revisado por Patricia Islas<\/p>\n<p>        Art\u00edculos citados    <\/p>\n","protected":false},"excerpt":{"rendered":"Keystone y SWI swissinfo.ch Escuchar el art\u00edculo Escuchando el art\u00edculo Toggle language selector Espa\u00f1ol (europeo) Espa\u00f1ol (mexicano) Generado&hellip;\n","protected":false},"author":2,"featured_media":273856,"comment_status":"","ping_status":"","sticky":false,"template":"","format":"standard","meta":{"footnotes":""},"categories":[42],"tags":[28131,61422,17,18,82,636,13,14,11,61,62,63,64,19,20,9,10,15,16,88,61421,28134,2005,12,21,22,65,66,67],"class_list":{"0":"post-273855","1":"post","2":"type-post","3":"status-publish","4":"format-standard","5":"has-post-thumbnail","7":"category-internacional","8":"tag-article","9":"tag-beat-various","10":"tag-breaking-news","11":"tag-breakingnews","12":"tag-business","13":"tag-conflict","14":"tag-featured-news","15":"tag-featurednews","16":"tag-headlines","17":"tag-internacional","18":"tag-international","19":"tag-international-news","20":"tag-internationalnews","21":"tag-latest-news","22":"tag-latestnews","23":"tag-news","24":"tag-noticias","25":"tag-noticias-destacadas","26":"tag-noticiasdestacadas","27":"tag-politics","28":"tag-production-type-original","29":"tag-quick-win","30":"tag-society","31":"tag-titulares","32":"tag-ultimas-noticias","33":"tag-ultimasnoticias","34":"tag-world","35":"tag-world-news","36":"tag-worldnews"},"share_on_mastodon":{"url":"","error":"Validation failed: Text character limit of 500 exceeded"},"_links":{"self":[{"href":"https:\/\/www.europesays.com\/es\/wp-json\/wp\/v2\/posts\/273855","targetHints":{"allow":["GET"]}}],"collection":[{"href":"https:\/\/www.europesays.com\/es\/wp-json\/wp\/v2\/posts"}],"about":[{"href":"https:\/\/www.europesays.com\/es\/wp-json\/wp\/v2\/types\/post"}],"author":[{"embeddable":true,"href":"https:\/\/www.europesays.com\/es\/wp-json\/wp\/v2\/users\/2"}],"replies":[{"embeddable":true,"href":"https:\/\/www.europesays.com\/es\/wp-json\/wp\/v2\/comments?post=273855"}],"version-history":[{"count":0,"href":"https:\/\/www.europesays.com\/es\/wp-json\/wp\/v2\/posts\/273855\/revisions"}],"wp:featuredmedia":[{"embeddable":true,"href":"https:\/\/www.europesays.com\/es\/wp-json\/wp\/v2\/media\/273856"}],"wp:attachment":[{"href":"https:\/\/www.europesays.com\/es\/wp-json\/wp\/v2\/media?parent=273855"}],"wp:term":[{"taxonomy":"category","embeddable":true,"href":"https:\/\/www.europesays.com\/es\/wp-json\/wp\/v2\/categories?post=273855"},{"taxonomy":"post_tag","embeddable":true,"href":"https:\/\/www.europesays.com\/es\/wp-json\/wp\/v2\/tags?post=273855"}],"curies":[{"name":"wp","href":"https:\/\/api.w.org\/{rel}","templated":true}]}}