{"id":273861,"date":"2025-12-06T08:14:21","date_gmt":"2025-12-06T08:14:21","guid":{"rendered":"https:\/\/www.europesays.com\/es\/273861\/"},"modified":"2025-12-06T08:14:21","modified_gmt":"2025-12-06T08:14:21","slug":"johannes-staune-mittet-la-multa-por-rodar-con-airpods","status":"publish","type":"post","link":"https:\/\/www.europesays.com\/es\/273861\/","title":{"rendered":"Johannes Staune-Mittet, la multa por rodar con AirPods"},"content":{"rendered":"<p><img fetchpriority=\"high\" decoding=\"async\" class=\"aligncenter size-full wp-image-67398\" src=\"data:image\/svg+xml,%3Csvg%20xmlns=\" http:=\"\" alt=\"\" width=\"1025\" height=\"400\" data-lazy- data-lazy- data-lazy-src=\"https:\/\/www.europesays.com\/es\/wp-content\/uploads\/2025\/11\/anunci-generic-bla-1-1024x120-px-v3-02.jpg\"\/><\/p>\n<p>Johannes Staune-Mittet, la multa y el eterno debate del ciclista conectado<\/p>\n<p>El joven noruego Johannes Staune-Mittet, una de las perlas del Decathlon, <a href=\"https:\/\/www.cyclingweekly.com\/racing\/guess-it-is-better-to-buy-a-pair-of-those-ugly-out-of-ear-headphones-pro-cyclist-fined-eur200-for-riding-with-airpods-in-spain\" target=\"_blank\" rel=\"noopener nofollow\">ha sido noticia esta semana<\/a> no por un ataque demoledor en un puerto o una victoria prometedora, sino por algo mucho m\u00e1s terrenal: una multa de 200 euros por entrenar con auriculares en Alicante.<\/p>\n<p>El propio corredor de Decathlon AG2R La Mondiale lo explic\u00f3 con iron\u00eda en Strava, como quien comparte una an\u00e9cdota entre colegas de grupeta: \u201cSer\u00e1 mejor comprarme esos feos auriculares de los que van fuera de la oreja que pagar multas por los AirPods cada d\u00eda\u201d.<\/p>\n<p><a class=\"wppaslink\" href=\"https:\/\/joanseguidor.com\/pas\/ccmm-valenciana\/44016\/0\" target=\"_blank\" rel=\"nofollow noopener\"><img decoding=\"async\" src=\"data:image\/svg+xml,%3Csvg%20xmlns=\" http:=\"\" alt=\"CCMM Valenciana\" border=\"0\" data-lazy-src=\"https:\/\/www.europesays.com\/es\/wp-content\/uploads\/2025\/12\/1765008860_625_aralleida-hivern-970x250-crea2-es.jpg\"\/><\/a><\/p>\n<p>La escena, capturada en v\u00eddeo por \u00e9l mismo, es un recordatorio de que Espa\u00f1a no hace excepciones ni con ciclistas WorldTour.<\/p>\n<p>La normativa de tr\u00e1fico es clara: nada de auriculares que tapen el o\u00eddo, ni los cl\u00e1sicos in-ear ni los que cubren la oreja.<\/p>\n<p>El art\u00edculo 13.3 del Reglamento General de Circulaci\u00f3n lo deja meridianamente claro: <strong>conducir \u2014y aqu\u00ed conducir incluye pedalear\u2014 con dispositivos que puedan distraer o reducir la atenci\u00f3n est\u00e1 prohibido<\/strong>.<\/p>\n<p>Y el art\u00edculo 18.2 repite el aviso por si a alguien se le escapaba. A efectos pr\u00e1cticos, AirPods y similares, vetados.<\/p>\n<p>Por supuesto, en el universo ciclista esto no es nuevo.<\/p>\n<p>Cada cierto tiempo vemos c\u00f3mo un profesional cae en la red de la normativa espa\u00f1ola y vuelve a encenderse el debate:<strong> \u00bfhasta qu\u00e9 punto los auriculares son un peligro real?<\/strong><\/p>\n<p>\u00bfCu\u00e1nto resta al o\u00eddo \u2014nuestro sensor de alerta primaria en la carretera\u2014 el hecho de rodar escuchando m\u00fasica o un podcast?<\/p>\n<p>\u00bfEs diferente si usamos sistemas de conducci\u00f3n \u00f3sea, esos Shokz y compa\u00f1\u00eda que parecen ya parte obligatoria del equipamiento moderno?<\/p>\n<p><strong>Staune-Mittet, de 23 a\u00f1os, ya sabe que aqu\u00ed no hay matices<\/strong>. Al menos la sanci\u00f3n puede reducirse a 100 euros si la abona pronto, como cualquier hijo de vecino.<\/p>\n<p>El episodio llega en su primera temporada con Decathlon AG2R, equipo al que se uni\u00f3 tras cuatro a\u00f1os de formaci\u00f3n en Visma-Lease a Bike, donde gan\u00f3 galones y, sobre todo, el Giro Next Gen de 2023, la joya de los sub-23.<\/p>\n<p>Ese triunfo lo instal\u00f3 en el radar como uno de los talentos llamados a abrirse paso en el WorldTour. No en vano, tiene contrato hasta 2027 y una proyecci\u00f3n que apunta alto.<\/p>\n<p>Pero incluso los futuros l\u00edderes tienen sus d\u00edas de mortalidad ciclista: multas, normas y la eterna lecci\u00f3n de la carretera.<\/p>\n<p>Porque, por encima de todo, la carretera siempre manda.<\/p>\n<p><strong><a href=\"https:\/\/terresdelebre.travel\/cycling\/es\/deportivo\" target=\"_blank\" rel=\"noopener nofollow\"><img loading=\"lazy\" decoding=\"async\" class=\"aligncenter\" src=\"data:image\/svg+xml,%3Csvg%20xmlns=\" http:=\"\" alt=\"\" width=\"1024\" height=\"400\" data-lazy-src=\"https:\/\/www.europesays.com\/es\/wp-content\/uploads\/2025\/10\/1024x400-cicloturisme-joanseguidor.jpg\"\/><\/a><\/strong><\/p>\n","protected":false},"excerpt":{"rendered":"Johannes Staune-Mittet, la multa y el eterno debate del ciclista conectado El joven noruego Johannes Staune-Mittet, una de&hellip;\n","protected":false},"author":2,"featured_media":273862,"comment_status":"","ping_status":"","sticky":false,"template":"","format":"standard","meta":{"footnotes":""},"categories":[273],"tags":[313,312,168,25,24,2548,66989,23,167],"class_list":{"0":"post-273861","1":"post","2":"type-post","3":"status-publish","4":"format-standard","5":"has-post-thumbnail","7":"category-ciclismo","8":"tag-ciclismo","9":"tag-cycling","10":"tag-deportes","11":"tag-es","12":"tag-espana","13":"tag-featured","14":"tag-johannes-staune-mittet","15":"tag-spain","16":"tag-sports"},"share_on_mastodon":{"url":"https:\/\/pubeurope.com\/@es\/115671627411482327","error":""},"_links":{"self":[{"href":"https:\/\/www.europesays.com\/es\/wp-json\/wp\/v2\/posts\/273861","targetHints":{"allow":["GET"]}}],"collection":[{"href":"https:\/\/www.europesays.com\/es\/wp-json\/wp\/v2\/posts"}],"about":[{"href":"https:\/\/www.europesays.com\/es\/wp-json\/wp\/v2\/types\/post"}],"author":[{"embeddable":true,"href":"https:\/\/www.europesays.com\/es\/wp-json\/wp\/v2\/users\/2"}],"replies":[{"embeddable":true,"href":"https:\/\/www.europesays.com\/es\/wp-json\/wp\/v2\/comments?post=273861"}],"version-history":[{"count":0,"href":"https:\/\/www.europesays.com\/es\/wp-json\/wp\/v2\/posts\/273861\/revisions"}],"wp:featuredmedia":[{"embeddable":true,"href":"https:\/\/www.europesays.com\/es\/wp-json\/wp\/v2\/media\/273862"}],"wp:attachment":[{"href":"https:\/\/www.europesays.com\/es\/wp-json\/wp\/v2\/media?parent=273861"}],"wp:term":[{"taxonomy":"category","embeddable":true,"href":"https:\/\/www.europesays.com\/es\/wp-json\/wp\/v2\/categories?post=273861"},{"taxonomy":"post_tag","embeddable":true,"href":"https:\/\/www.europesays.com\/es\/wp-json\/wp\/v2\/tags?post=273861"}],"curies":[{"name":"wp","href":"https:\/\/api.w.org\/{rel}","templated":true}]}}