{"id":273865,"date":"2025-12-06T08:17:11","date_gmt":"2025-12-06T08:17:11","guid":{"rendered":"https:\/\/www.europesays.com\/es\/273865\/"},"modified":"2025-12-06T08:17:11","modified_gmt":"2025-12-06T08:17:11","slug":"ethan-mbappe-va-para-crack","status":"publish","type":"post","link":"https:\/\/www.europesays.com\/es\/273865\/","title":{"rendered":"Ethan Mbapp\u00e9 va para crack"},"content":{"rendered":"<p class=\"\">Si <b>Kylian Mbapp\u00e9 <\/b>est\u00e1 imparable ahora mismo, su hermano <b>Ethan <\/b>est\u00e1 siguiendo sus pasos a base de contribuciones de gol. El hermano peque\u00f1o del jugador del Real Madrid, <b>Ethan Mbapp\u00e9, le dio la victoria al Lille contra el Marsella con un gol a los diez minutos de juego<\/b>, confirmando las buenas sensaciones que dej\u00f3 la semana pasada, cuando una asistencia suya fue decisiva para ganar en Le Havre. <b>Son tres goles y una asistencia en apenas 130 minutos de juego<\/b>, afianz\u00e1ndose en el once de uno de los equipos m\u00e1s ambiciosos de Francia. El <b>OM<\/b>, que pod\u00eda superar al <b>PSG <\/b>con la victoria, firm\u00f3 una prestaci\u00f3n para olvidar en el <b>Pierre-Mauroy<\/b>.<\/p>\n<p class=\"\">Necesit\u00f3 diez minutos <b>Ethan Mbapp\u00e9 <\/b>para disfrazarse de <b>Kylian<\/b>. Amortigu\u00f3 brillantemente un bal\u00f3n en largo de <b>Bentaleb <\/b>y aprovech\u00f3 que <b>Rulli <\/b>sali\u00f3 para intentar anticiparse para batir a porter\u00eda vac\u00eda al argentino. Registr\u00f3 su cuarta participaci\u00f3n de gol esta temporada sin alcanzar los 100 minutos, habiendo marcado ante el <b>PSG <\/b>y el <b>Marsella<\/b>, una estad\u00edstica para elegidos.<\/p>\n<p class=\"\"><b>El Lille fue superior al<\/b> <b>Marsella <\/b>durante pr\u00e1cticamente todo el partido. Los de <b>De Zerbi <\/b>cayeron en la tela de ara\u00f1a que plant\u00f3 <b>Gen\u00e9sio<\/b>, mediante un repliegue de dos l\u00edneas de cuatro que apenas sufri\u00f3 las acometidas de un equipo que supuestamente tiene mimbres suficientes para pelearle la Ligue 1 al PSG hasta final de temporada.<\/p>\n<p class=\"\">El equipo marsell\u00e9s fue un quiero y no puedo. Su primer disparo lleg\u00f3 en el tiempo de descuento de la primera parte. Fue un remate mordido de <b>Emerson <\/b>que no inquiet\u00f3 a <b>\u00d6zer<\/b>. El <b>Lille <\/b>renunci\u00f3 a atacar tras el gol de <b>Mbapp\u00e9<\/b>, a pesar de encontrar muchos espacios a la espalda de la lenta defensa rival.<\/p>\n<p>Noticias relacionadas<\/p>\n<p class=\"\"><b>De Zerbi <\/b>lo intent\u00f3 de todas las maneras tras la reanudaci\u00f3n. Termin\u00f3 con un ataque formado por canteranos: <b>Mmadi<\/b>, <b>Nadir<\/b>, <b>Bakola <\/b>y <b>Robinio Vaz<\/b>. El \u00fanico que trasluci\u00f3 car\u00e1cter fue <b>Greenwood<\/b>. Se invent\u00f3 una jugada maradoniana de 50 metros que pudo significar el gol de la temporada en Europa. Sin embargo, <b>\u00d6zer<\/b>, tan criticado por su rendimiento, realiz\u00f3 una parada imposible e impidi\u00f3 el empate del ingl\u00e9s. El <b>Lille <\/b>aguant\u00f3 el resultado y el <b>Marsella <\/b>sucumbi\u00f3 en el norte de <b>Francia<\/b>.<\/p>\n<p class=\"\"><b>\u00a1Tus opiniones importan!<\/b> Comenta en los art\u00edculos y suscr\u00edbete gratis a nuestra <a href=\"https:\/\/asfan.as.com\/newsletters\/\" target=\"_blank\" rel=\"nofollow noopener\" title=\"https:\/\/asfan.as.com\/newsletters\/\">newsletter<\/a> y a las alertas informativas en la <a href=\"https:\/\/as.com\/aplicacion-de-as-n\/\" target=\"_blank\" rel=\"nofollow noopener\" title=\"https:\/\/as.com\/aplicacion-de-as-n\/\">App<\/a> o el canal de <a href=\"https:\/\/www.whatsapp.com\/channel\/0029VaAasdA7j6g745nz9M10\" target=\"_blank\" rel=\"nofollow noopener\" title=\"https:\/\/www.whatsapp.com\/channel\/0029VaAasdA7j6g745nz9M10\">WhatsApp<\/a>. \u00bfBuscas licenciar contenido? Haz clic <a href=\"https:\/\/profesional.elpais.com\/landing-sindicacion?utm_medium=interno&amp;utm_source=crosslinking&amp;utm_campaign=sindicacion_as_pie_articulos\" target=\"_blank\" rel=\"nofollow noopener\" title=\"https:\/\/profesional.elpais.com\/landing-sindicacion?utm_medium=interno&amp;utm_source=crosslinking&amp;utm_campaign=sindicacion_as_pie_articulos\">aqu\u00ed<\/a><\/p>\n<p class=\"stat-tl ev-fw-tl\"><strong>Cambios<\/strong><\/p>\n<p class=\"ev-text-aux\">\n                            <strong>Olivier Giroud<\/strong> (25&#8242;, Hamza Igamane),                             <strong>Darryl Bakola<\/strong> (65&#8242;, Benjamin Pavard),                             <strong>Robinio Vaz<\/strong> (65&#8242;, Pierre-Emerick Aubameyang),                             <strong>Ngal&#8217;ayel Mukau<\/strong> (68&#8242;, Ethan Mbapp\u00e9),                             <strong>F\u00e9lix Correia<\/strong> (69&#8242;, Osame Sahraoui),                             <strong>Tadjidine Mmadi<\/strong> (79&#8242;, Igor Paix\u00e3o),                             <strong>Bilal Nadir<\/strong> (79&#8242;, Geoffrey Kondogbia),                             <strong>Andr\u00e9 Gomes<\/strong> (83&#8242;, H\u00e1kon Haraldsson)                        <\/p>\n<p class=\"stat-tl ev-fw-tl\"><strong>Goles<\/strong><\/p>\n<p class=\"ev-text-aux\">\n                                                                                                        1-0, 9&#8242;: <strong>Ethan Lottin<\/strong>                        <\/p>\n<p class=\"stat-tl ev-fw-tl\"><strong>Tarjetas<\/strong><\/p>\n<p class=\"ev-text-aux\">\n                Arbitro: Jerome Brisard<br \/>Arbitro VAR: Bastien Dechepy, Mathieu Grosbost<br \/><strong>Arthur Vermeeren<\/strong> (25&#8242;,Amarilla),                                     <strong>Berke \u00d6zer<\/strong> (90&#8242;,Amarilla)                            <\/p>\n","protected":false},"excerpt":{"rendered":"Si Kylian Mbapp\u00e9 est\u00e1 imparable ahora mismo, su hermano Ethan est\u00e1 siguiendo sus pasos a base de contribuciones&hellip;\n","protected":false},"author":2,"featured_media":273866,"comment_status":"","ping_status":"","sticky":false,"template":"","format":"standard","meta":{"footnotes":""},"categories":[268],"tags":[168,25,24,280,282,281,23,167],"class_list":{"0":"post-273865","1":"post","2":"type-post","3":"status-publish","4":"format-standard","5":"has-post-thumbnail","7":"category-futbol","8":"tag-deportes","9":"tag-es","10":"tag-espana","11":"tag-football","12":"tag-futbol","13":"tag-soccer","14":"tag-spain","15":"tag-sports"},"share_on_mastodon":{"url":"https:\/\/pubeurope.com\/@es\/115671639331095287","error":""},"_links":{"self":[{"href":"https:\/\/www.europesays.com\/es\/wp-json\/wp\/v2\/posts\/273865","targetHints":{"allow":["GET"]}}],"collection":[{"href":"https:\/\/www.europesays.com\/es\/wp-json\/wp\/v2\/posts"}],"about":[{"href":"https:\/\/www.europesays.com\/es\/wp-json\/wp\/v2\/types\/post"}],"author":[{"embeddable":true,"href":"https:\/\/www.europesays.com\/es\/wp-json\/wp\/v2\/users\/2"}],"replies":[{"embeddable":true,"href":"https:\/\/www.europesays.com\/es\/wp-json\/wp\/v2\/comments?post=273865"}],"version-history":[{"count":0,"href":"https:\/\/www.europesays.com\/es\/wp-json\/wp\/v2\/posts\/273865\/revisions"}],"wp:featuredmedia":[{"embeddable":true,"href":"https:\/\/www.europesays.com\/es\/wp-json\/wp\/v2\/media\/273866"}],"wp:attachment":[{"href":"https:\/\/www.europesays.com\/es\/wp-json\/wp\/v2\/media?parent=273865"}],"wp:term":[{"taxonomy":"category","embeddable":true,"href":"https:\/\/www.europesays.com\/es\/wp-json\/wp\/v2\/categories?post=273865"},{"taxonomy":"post_tag","embeddable":true,"href":"https:\/\/www.europesays.com\/es\/wp-json\/wp\/v2\/tags?post=273865"}],"curies":[{"name":"wp","href":"https:\/\/api.w.org\/{rel}","templated":true}]}}