{"id":273867,"date":"2025-12-06T08:18:12","date_gmt":"2025-12-06T08:18:12","guid":{"rendered":"https:\/\/www.europesays.com\/es\/273867\/"},"modified":"2025-12-06T08:18:12","modified_gmt":"2025-12-06T08:18:12","slug":"la-boda-africana-de-marilo-montero-con-un-dios-de-ebano-consumamos-con-un-morreo","status":"publish","type":"post","link":"https:\/\/www.europesays.com\/es\/273867\/","title":{"rendered":"La boda africana de Maril\u00f3 Montero con un \u00abdios de \u00c9bano\u00bb: \u00abConsumamos con un morreo\u00bb"},"content":{"rendered":"<p><img loading=\"lazy\" decoding=\"async\" src=\"https:\/\/www.europesays.com\/es\/wp-content\/uploads\/2025\/12\/100x100_informalia-logo.jpg\" itemtype=\"\/\/schema.org\/ImageObject\" itemprop=\"url\" alt=\"Informalia\" width=\"64\" height=\"64\" pinger-seen=\"true\"\/><\/p>\n<p>La ex de Carlos Herrera ha sorprendido a todos desvelando un secreto que guardaba desde hac\u00eda a\u00f1os: est\u00e1 casada con un hombre africano. Sucedi\u00f3 hace m\u00e1s de dos d\u00e9cadas durante un safari, cuando paseaba por la selva con unos gu\u00edas locales: \u00abNo me he divorciado, as\u00ed que si no ha habido divorcio y hubo casamiento, sigo casada con el muchacho\u00bb, dijo entre risas. <\/p>\n<p><b>Maril\u00f3 Montero<\/b> (60) acudi\u00f3 hace unos d\u00edas al espect\u00e1culo teatral de <b>Valeria Ros<\/b> en Madrid. Ambas coincidieron en el talent show Masterchef Celebrity, donde forjaron una amistad que qued\u00f3 patente sobre el escenario cuando Ros invit\u00f3 a Montero a acompa\u00f1arla en su mon\u00f3logo. Entre an\u00e9cdotas y bromas, Maril\u00f3 habl\u00f3 del d\u00eda en que un africano la acompa\u00f1\u00f3 por la selva durante una excursi\u00f3n y le at\u00f3 a la mu\u00f1eca una liana trenzada sin saber cu\u00e1l era el verdadero significado de aquel gesto. <b>\u00abCuando montamos en el jeep para irnos, o\u00edmos gritos y era este hombre, persiguiendo el coche. Me bajo, me agarra con los dos brazos y me da un morreo&#8230;\u00bb<\/b>, record\u00f3. Tras el derroche de pasi\u00f3n, su gu\u00eda le explic\u00f3 que se hab\u00eda casado con ese hombre a trav\u00e9s de la pulsera: \u00abYo no lo supe hasta ese momento\u00bb, explic\u00f3. <\/p>\n<p>Este viernes, y tras el revuelo formado por su an\u00e9cdota, ha asegurado que exager\u00f3 un poco su historia para dar m\u00e1s espect\u00e1culo pero que es cierta y la recuerda con mucho cari\u00f1o:<b> \u00abEra un dios de \u00c9bano\u00bb,<\/b> ha dicho a Isabel Gonz\u00e1lez. \u00abDice que consumaron el matrimonio con aquel morreo, nada m\u00e1s. Y que todav\u00eda guarda la pulsera de recuerdo\u00bb. <\/p>\n<p>WhatsApp<a href=\"https:\/\/api.whatsapp.com\/send?text=https:\/\/www.eleconomista.es\/informalia\/famosos\/noticias\/13679439\/12\/25\/la-boda-africana-de-marilo-montero-con-un-dios-de-ebano-consumamos-con-un-morreo.html?utm_source%3Dwhatsapp%26utm_medium%3Dshare_button&amp;id=1648118629957_whatsapp\" target=\"_blank\" data-action=\"share\/whatsapp\/share\" aria-label=\"Compartir en Whatsapp\" rel=\"nofollow noopener\"><\/a>Facebook<a id=\"fb-share\" href=\"#\" target=\"_blank\" rel=\"noopener noreferrer\" aria-label=\"Compartir en Facebook\"><\/a>Twitter<a href=\"https:\/\/twitter.com\/share?text=La+boda+africana+de+Maril%C3%B3+Montero+con+un+%22dios+de+%C3%89bano%22%3A+%22Consumamos+con+un+morreo%22&amp;url=https:\/\/www.eleconomista.es\/informalia\/famosos\/noticias\/13679439\/12\/25\/la-boda-africana-de-marilo-montero-con-un-dios-de-ebano-consumamos-con-un-morreo.html&amp;via=Informalia&amp;id=1648118839245_twitter\" target=\"_blank\" aria-label=\"Compartir en Twitter\" rel=\"nofollow noopener\"><\/a>Linkedin<a onclick=\"return abrirLinkedin();\" href=\"https:\/\/www.linkedin.com\/shareArticle?text=La+boda+africana+de+Maril%C3%B3+Montero+con+un+%22dios+de+%C3%89bano%22%3A+%22Consumamos+con+un+morreo%22&amp;url=https:\/\/www.eleconomista.es\/informalia\/famosos\/noticias\/13679439\/12\/25\/la-boda-africana-de-marilo-montero-con-un-dios-de-ebano-consumamos-con-un-morreo.html&amp;mini=true\" target=\"_blank\" aria-label=\"Compartir en linkedin\" rel=\"nofollow noopener\"><\/a>Beloud<a href=\"https:\/\/beloud.com\/share?text=La+boda+africana+de+Maril%C3%B3+Montero+con+un+%22dios+de+%C3%89bano%22%3A+%22Consumamos+con+un+morreo%22&amp;url=https:\/\/www.eleconomista.es\/informalia\/famosos\/noticias\/13679439\/12\/25\/la-boda-africana-de-marilo-montero-con-un-dios-de-ebano-consumamos-con-un-morreo.html&amp;via=Informalia&amp;id=1648118839245_beloud\" target=\"_blank\" aria-label=\"Compartir en beloud\" rel=\"nofollow noopener\"><\/a>Bluesky<a href=\"https:\/\/bsky.app\/intent\/compose?text=https:\/\/bsky.app\/intent\/compose?text=https:\/\/www.eleconomista.es\/informalia\/famosos\/noticias\/13679439\/12\/25\/la-boda-africana-de-marilo-montero-con-un-dios-de-ebano-consumamos-con-un-morreo.html&amp;url=https:\/\/www.eleconomista.es\/informalia\/famosos\/noticias\/13679439\/12\/25\/la-boda-africana-de-marilo-montero-con-un-dios-de-ebano-consumamos-con-un-morreo.html&amp;via=elEconomistaes&amp;id=1648118839245_bluesky\" target=\"_blank\" aria-label=\"Compartir en bluesky\" rel=\"nofollow noopener\"><\/a><\/p>\n<p><script async src=\"https:\/\/platform.twitter.com\/widgets.js\" charset=\"utf-8\"><\/script><\/p>\n","protected":false},"excerpt":{"rendered":"La ex de Carlos Herrera ha sorprendido a todos desvelando un secreto que guardaba desde hac\u00eda a\u00f1os: est\u00e1&hellip;\n","protected":false},"author":2,"featured_media":273868,"comment_status":"","ping_status":"","sticky":false,"template":"","format":"standard","meta":{"footnotes":""},"categories":[174],"tags":[255,146,147,25,24,256,260,23],"class_list":{"0":"post-273867","1":"post","2":"type-post","3":"status-publish","4":"format-standard","5":"has-post-thumbnail","7":"category-famosos","8":"tag-celebrities","9":"tag-entertainment","10":"tag-entretenimiento","11":"tag-es","12":"tag-espana","13":"tag-famosos","14":"tag-gente","15":"tag-spain"},"share_on_mastodon":{"url":"https:\/\/pubeurope.com\/@es\/115671643607441968","error":""},"_links":{"self":[{"href":"https:\/\/www.europesays.com\/es\/wp-json\/wp\/v2\/posts\/273867","targetHints":{"allow":["GET"]}}],"collection":[{"href":"https:\/\/www.europesays.com\/es\/wp-json\/wp\/v2\/posts"}],"about":[{"href":"https:\/\/www.europesays.com\/es\/wp-json\/wp\/v2\/types\/post"}],"author":[{"embeddable":true,"href":"https:\/\/www.europesays.com\/es\/wp-json\/wp\/v2\/users\/2"}],"replies":[{"embeddable":true,"href":"https:\/\/www.europesays.com\/es\/wp-json\/wp\/v2\/comments?post=273867"}],"version-history":[{"count":0,"href":"https:\/\/www.europesays.com\/es\/wp-json\/wp\/v2\/posts\/273867\/revisions"}],"wp:featuredmedia":[{"embeddable":true,"href":"https:\/\/www.europesays.com\/es\/wp-json\/wp\/v2\/media\/273868"}],"wp:attachment":[{"href":"https:\/\/www.europesays.com\/es\/wp-json\/wp\/v2\/media?parent=273867"}],"wp:term":[{"taxonomy":"category","embeddable":true,"href":"https:\/\/www.europesays.com\/es\/wp-json\/wp\/v2\/categories?post=273867"},{"taxonomy":"post_tag","embeddable":true,"href":"https:\/\/www.europesays.com\/es\/wp-json\/wp\/v2\/tags?post=273867"}],"curies":[{"name":"wp","href":"https:\/\/api.w.org\/{rel}","templated":true}]}}