{"id":273882,"date":"2025-12-06T08:30:19","date_gmt":"2025-12-06T08:30:19","guid":{"rendered":"https:\/\/www.europesays.com\/es\/273882\/"},"modified":"2025-12-06T08:30:19","modified_gmt":"2025-12-06T08:30:19","slug":"el-auge-de-vox-en-el-pueblo-con-mas-migrantes-de-extremadura-no-podemos-seguir-manteniendo-a-africa-entera-elecciones-extremadura-21-d","status":"publish","type":"post","link":"https:\/\/www.europesays.com\/es\/273882\/","title":{"rendered":"El auge de Vox en el pueblo con m\u00e1s migrantes de Extremadura: \u201cNo podemos seguir manteniendo a \u00c1frica entera\u201d | Elecciones Extremadura 21-D"},"content":{"rendered":"<p class=\"\">Hace unos d\u00edas que ha terminado la recogida del pimiento. Tambi\u00e9n su proceso posterior de ahumado, que en las tierras de C\u00e1ceres pr\u00f3ximas a la sierra de Gredos alumbra el piment\u00f3n con denominaci\u00f3n de origen de la Vera, el conocido como \u201coro rojo\u201d extreme\u00f1o. En una de las fincas, tras cruzar el r\u00edo Ti\u00e9tar, el capataz Felipe Gonz\u00e1lez, de 61 a\u00f1os, apura este jueves la faena en el secadero. \u201cNo lo toques, que pica much\u00edsimo\u201d, advierte el hombre entre las bolsas listas para ser despachadas. Es un se\u00f1or de metro sesenta, con piel y manos curtidas por el trabajo en el campo y tremenda verborrea. Gonz\u00e1lez se sabe al dedillo todos los pactos de La Moncloa \u201clos enemigos\u201d de Espa\u00f1a, que el exministro socialista Jos\u00e9 Luis \u00c1balos conserva su esca\u00f1o tras ser encarcelado provisionalmente, <a href=\"https:\/\/elpais.com\/espana\/2025-12-05\/el-juez-peinado-fracasa-en-sus-intentos-de-elevar-el-caso-begona-al-gobierno.html?mrfhud=true\" target=\"_self\" rel=\"nofollow noopener\" title=\"https:\/\/elpais.com\/espana\/2025-12-05\/el-juez-peinado-fracasa-en-sus-intentos-de-elevar-el-caso-begona-al-gobierno.html?mrfhud=true\">que la esposa del presidente del Gobierno est\u00e1 imputada<\/a> y que Pedro S\u00e1nchez acaba de reunirse con el primer ministro de Marruecos, Aziz Akhannouch, en Madrid. <\/p>\n<p class=\"\">\u201cPedrito [Pedro S\u00e1nchez] no es capaz de enfrentarse a \u00e9l, van a seguir viniendo los ilegales. No podemos seguir manteniendo a \u00c1frica entera\u00bb, sentencia el agricultor, quien asegura que en el pasado vot\u00f3 a su \u201ctocayo\u201d en el PSOE, Felipe Gonz\u00e1lez, y luego a Jos\u00e9 Luis Rodr\u00edguez Zapatero. Pero ya adelanta <a href=\"https:\/\/elpais.com\/espana\/2025-12-05\/consolidar-una-nueva-lideresa-o-quedar-a-los-pies-de-vox-el-pp-se-la-juega-en-su-ordago-extremeno.html\" target=\"_self\" rel=\"nofollow noopener\" title=\"https:\/\/elpais.com\/espana\/2025-12-05\/consolidar-una-nueva-lideresa-o-quedar-a-los-pies-de-vox-el-pp-se-la-juega-en-su-ordago-extremeno.html\">que en las pr\u00f3ximas elecciones auton\u00f3micas de Extremadura<\/a>, el pr\u00f3ximo 21 de diciembre, se decantar\u00e1 por Vox. \u201cEs el \u00fanico que quiere hacer algo por Espa\u00f1a\u201d, proclama. <\/p>\n<p class=\"\">Gonz\u00e1lez suele leer y ver las noticias en la caseta de la finca donde trabaja. Uno de sus empleados primordiales es Mimou Kauduri, de 46 a\u00f1os y con tres hijos, que lleg\u00f3 en 2002 desde Marruecos. \u201cSi no trabajo, no como, no tengo ayudas\u201d, apercibe de primeras junto al tractor. El terreno se encuentra a escasos kil\u00f3metros de Talayuela (C\u00e1ceres), de 7.300 habitantes, seg\u00fan el Instituto Nacional de Estad\u00edstica (INE) y 9.200 en cifras del Ayuntamiento, donde viven ambos. El t\u00e9rmino municipal de Talayuela <a href=\"https:\/\/elpais.com\/economia\/2020-12-11\/el-sector-del-tabaco-defiende-que-aporta-9000-millones-a-las-arcas-publicas-en-impuestos.html\" target=\"_self\" rel=\"nofollow noopener\" title=\"https:\/\/elpais.com\/economia\/2020-12-11\/el-sector-del-tabaco-defiende-que-aporta-9000-millones-a-las-arcas-publicas-en-impuestos.html\">es el centro neur\u00e1lgico de la producci\u00f3n de tabaco de Espa\u00f1a<\/a>, y en sus tierras se explotan tambi\u00e9n otros cultivos como el pimiento y el ar\u00e1ndano. \u201cAqu\u00ed no falta dinero ni trabajo\u201d, coinciden empresarios de la zona. Talayuela es, adem\u00e1s, el pueblo de Extremadura con mayor porcentaje de poblaci\u00f3n migrante: un 24,4% \u2014seg\u00fan datos de la Junta\u2014 frente al 4,1% del dato auton\u00f3mico. Otros pueblos cercanos, como Toril, superan tambi\u00e9n el 20%. Unos n\u00fameros relacionados con sectores productivos concretos, principalmente de la agricultura.<\/p>\n<p class=\"\">Los censados de origen extranjero son en su mayor\u00eda naturales del Magreb y comenzaron a asentarse en Talayuela a principios de los a\u00f1os noventa, principalmente porque los espa\u00f1oles no estaban dispuestos a trabajar el campo bajo el sueldo que se pagaba. El tabaco y otras explotaciones se hab\u00edan instaurado gracias a unas condiciones clim\u00e1ticas favorables, pues se trata de una de las zonas m\u00e1s lluviosas de Espa\u00f1a. Hoy, los migrantes gestionan la mitad de tiendas y bares de Talayuela, adem\u00e1s de la continuidad en la actividad agr\u00edcola. Por sus calles es tan frecuente ver a una mujer con velo como sin \u00e9l. Se construy\u00f3 una mezquita y muchos ya son abuelos cuyos nietos van a la escuela en una localidad que se encuentra entre las de edad media m\u00e1s joven de Extremadura. Algunos ya tienen 18 a\u00f1os. Y podr\u00e1n votar por primera vez el 21-D.<\/p>\n<p class=\"\">Gonz\u00e1lez frecuenta el bar Mirasierra, junto a la gasolinera del pueblo, a pocos metros de la avenida Hispanidad, plagada de banderas de Espa\u00f1a. En el Ayuntamiento gobierna una coalici\u00f3n de PP y Vox tras desbancar al PSOE <a href=\"https:\/\/elpais.com\/espana\/2023-06-17\/el-pp-se-hace-con-decenas-de-alcaldias-gracias-a-pactos-con-vox-que-promete-eliminar-concejalias-ideologicas-como-las-de-igualdad.html\" target=\"_self\" rel=\"nofollow noopener\" title=\"https:\/\/elpais.com\/espana\/2023-06-17\/el-pp-se-hace-con-decenas-de-alcaldias-gracias-a-pactos-con-vox-que-promete-eliminar-concejalias-ideologicas-como-las-de-igualdad.html\">en las elecciones locales del 28 de mayo de 2023<\/a>. Aquel 28-M tambi\u00e9n se celebraron comicios auton\u00f3micos: la formaci\u00f3n de Santiago Abascal consigui\u00f3 un 12,26% de los sufragios de Talayuela cuando en la Asamblea extreme\u00f1a la media fue del 8,12%. Aquellas urnas hicieron presidenta a la popular Mar\u00eda Guardiola tras un pacto de gobierno con Vox. Talayuela se <a href=\"https:\/\/elpais.com\/politica\/2019\/11\/14\/actualidad\/1573762994_948802.html\" target=\"_self\" rel=\"nofollow noopener\" title=\"https:\/\/elpais.com\/politica\/2019\/11\/14\/actualidad\/1573762994_948802.html\">hab\u00eda colocado ya entre los de mayor porcentaje de voto a la ultraderecha<\/a> de todo el pa\u00eds a\u00f1os antes, en los comicios generales de noviembre de 2019.<\/p>\n<p><img decoding=\"auto\" class=\"_re lazyload a_m-h\" height=\"277\"  width=\"414\"  src=\"https:\/\/www.europesays.com\/es\/wp-content\/uploads\/2025\/12\/OSDBUIVWRRGMNI4WTNTG3TTZII.jpg\" loading=\"lazy\"\/>Felipe Gonz\u00e1lez, agricultor fotografiado en la finca de pimentos de Talayuela, este jueves.Claudio \u00c1lvarez<\/p>\n<p class=\"\">Pero los testimonios de los consultados anticipan que ir\u00e1 a m\u00e1s en dos semanas, <a href=\"https:\/\/elpais.com\/espana\/2025-11-28\/el-pp-necesitara-a-vox-para-volver-a-gobernar-extremadura-segun-el-cis.html\" target=\"_self\" rel=\"nofollow noopener\" title=\"https:\/\/elpais.com\/espana\/2025-11-28\/el-pp-necesitara-a-vox-para-volver-a-gobernar-extremadura-segun-el-cis.html\">cuando el CIS extreme\u00f1o augura que Guardiola vencer\u00e1 en Extremadura<\/a>, aunque sin mayor\u00eda absoluta. Por lo que volver\u00eda a necesitar a los ultras. La duda es cu\u00e1n fuerte pueda estar Vox tras meses de subida en los sondeos. El adelanto electoral propiciado por la presidenta extreme\u00f1a ser\u00e1 precisamente la primera prueba de fuego de la pugna de PP y Vox, despu\u00e9s de que los populares hayan intentado arrebatar a los ultras banderas de las que se hab\u00edan apropiado, como la lucha contra la inmigraci\u00f3n o la reivindicaci\u00f3n agr\u00edcola frente a la Agenda 2030, as\u00ed como <a href=\"https:\/\/elpais.com\/espana\/2025-12-02\/pp-y-vox-se-enzarzan-en-lucha-por-el-voto-antisanchista-tras-la-tregua-por-valencia.html\" target=\"_self\" rel=\"nofollow noopener\" title=\"https:\/\/elpais.com\/espana\/2025-12-02\/pp-y-vox-se-enzarzan-en-lucha-por-el-voto-antisanchista-tras-la-tregua-por-valencia.html\">el endurecimiento paulatino del tono para concitar el voto antisanchista.<\/a> <\/p>\n<p class=\"\">En el bar Mirasierra, todo ese c\u00f3ctel lo agitan Gonz\u00e1lez y el resto de clientes. La mayor parte son hombres de todas las edades que en la tarde de este jueves visionan el partido de Copa que enfrent\u00f3 al Extremadura y al Sevilla horas antes del inicio de campa\u00f1a extreme\u00f1a. Entre las cr\u00edticas hacia los inmigrantes por \u201cvivir de las ayudas\u201d \u2014sin aportar datos concretos\u2014, hay quien tambi\u00e9n hace comentarios sexualizadores sobre las mujeres. \u201c\u00a1Toda Talayuela vamos a votar a Vox. Tenemos de presidente a la persona m\u00e1s mentirosa del mundo!\u201d, grita de repente uno uno de los de mayor edad. \u201cEl PP es el gris. Igual Abacal sale y nos enga\u00f1a a todos, pero hay que arriesgar por un cambio\u201d, a\u00f1ade Jonathan Garc\u00eda, forestal de 39 a\u00f1os. \u201cVienen los inmigrantes y se le dan m\u00e1s ayudas a que a los de aqu\u00ed\u201d, apunta Roc\u00edo Cano, de 18 a\u00f1os, embarazada y desempleada, que se declara en contra del aborto.<\/p>\n<p><img decoding=\"auto\" class=\"_re lazyload a_m-h\" height=\"277\"  width=\"414\"  src=\"https:\/\/www.europesays.com\/es\/wp-content\/uploads\/2025\/12\/X53U77VRG5HMFDAMRBSMZZEMV4.jpg\" loading=\"lazy\"\/>Jonatan Garc\u00eda, en el bar Mirasierra de Talayuela, C\u00e1ceres, este jueves.Claudio \u00c1lvarez<\/p>\n<p class=\"\">Nadie en el bar conoce el nombre del candidato extreme\u00f1o de Vox, \u00d3scar Fern\u00e1ndez. Vox ha planteado una campa\u00f1a tan nacional que incluso los carteles llevan desde este viernes el rostro de Abascal, que hace ya d\u00edas pisa continuamente Extremadura. Mucho m\u00e1s que Feij\u00f3o y S\u00e1nchez. Y que se present\u00f3 por sorpresa en el bar Mirasierra de Talayuela el pasado 21 de noviembre, adonde acudieron numerosos vecinos, varios j\u00f3venes veintea\u00f1eros \u2014incluidas chicas\u2014, para tomarse una foto con el dirigente ultra. \u201cNo ha habido un solo extreme\u00f1o que me haya insultado por la calle. En Talayuela me pegaron unas voces cuatro moros\u201d, afirm\u00f3 Abascal este mi\u00e9rcoles en un mitin en Badajoz sobre un incidente ocurrido a las puertas del bar Mirasierra.<\/p>\n<p class=\"\">Pese a alguna queja puntual, la mayor\u00eda de consultados en Talayuela niega problemas de seguridad o convivencia con las personas de origen extranjero en su pueblo. Aunque acto seguido acusan de robos y agresiones a los inmigrantes en ciudades como Barcelona o Madrid. Gonz\u00e1lez opina de la misma manera. Tambi\u00e9n el due\u00f1o del pimiento que cultiva: Felipe Bravo, de 68 a\u00f1os. \u201cEste es un pueblo at\u00edpico, aqu\u00ed no hay problemas, como pasa en otros sitios. <a href=\"https:\/\/elpais.com\/espana\/2025-07-20\/torre-pacheco-la-tierra-donde-el-melon-se-comio-a-la-ultraderecha.html\" target=\"_self\" rel=\"nofollow noopener\" title=\"https:\/\/elpais.com\/espana\/2025-07-20\/torre-pacheco-la-tierra-donde-el-melon-se-comio-a-la-ultraderecha.html\">Esto no es Torre Pacheco<\/a>\u201d, indica Bravo. El Consistorio, pese a estar integrado por Vox, facilita instalaciones p\u00fablicas para las celebraciones isl\u00e1micas, a diferencia de lo que ocurri\u00f3 en Jumilla. Tambi\u00e9n ofrece cursos de castellano y asesoramiento para tr\u00e1mites burocr\u00e1ticos. Muchas de las circulares que cuelgan del Ayuntamiento est\u00e1n escritas en \u00e1rabe. \u201cNo hay problemas, pero los inmigrantes no se mezclan, ellos van por su lado\u201d, agrega Bravo.<\/p>\n<p class=\"\">Ambas apreciaciones se repiten mucho en Talayuela. En el bar Jard\u00edn, regentado por un migrante, casi todos los clientes son de origen extranjero, a diferencia del Mirasierra. Sin embargo, las circunstancias est\u00e1n cambiando con las nuevas generaciones, que interaccionan entre s\u00ed. Como el caso de Aymen Bouamiech, electricista de 24 a\u00f1os, que no distingue entre unos amigos y otros. Otra de las cuestiones que reiteran en Talayuela es ensalzar a quienes llegaron hace a\u00f1os a su pueblo \u201cpara trabajar\u201d \u201cde forma legal\u201d. Pero cargar al mismo tiempo contra los \u201cilegales\u201d que vienen ahora solo por \u201clas ayudas\u201d. \u201cDa pena, pero no es culpa del Estado. Vox lo que quiere es echar a los sin papeles\u201d, cuenta Mohamed Rahmani, de 22 a\u00f1os que lleg\u00f3 con seis meses a Espa\u00f1a y es due\u00f1o junto a su familia del bar Jard\u00edn. <\/p>\n<p class=\"\">Otros vecinos acusan a los inmigrantes llegados ahora de \u201cninis\u201d y de estar deambulando por la calle y \u201ctrapicheando con droga\u201d. Una afirmaci\u00f3n que replican incluso migrantes de segunda y tercera generaci\u00f3n en privado, que atacan a los nuevos inmigrantes por supuestos problemas de inseguridad. Otros no est\u00e1n de acuerdo. \u201cEn un grupo de 20 personas, si una es mala, pues todos somos malos. No se trata de inmigrantes, sino de personas\u201d, explica uno de los chicos cuyos padres llegaron de Marruecos, que apunta a las redes sociales como culpables de \u201camplificar\u201d los mensajes de odio. Y que votar\u00e1 al PP porque a Guardiola \u201cno le ha dado tiempo para que Extremadura avance\u201d.<\/p>\n<p><img decoding=\"auto\" class=\"_re lazyload a_m-h\" height=\"276\"  width=\"414\"  src=\"https:\/\/www.europesays.com\/es\/wp-content\/uploads\/2025\/12\/WHU2VVLVEVCHXKMTR3IMB45Z74.jpg\" loading=\"lazy\"\/>Un hombre camina por Talayuela, C\u00e1ceres, este jueves.Claudio \u00c1lvarez<\/p>\n<p class=\"\">El empresario Bravo explota el pimiento que cultiva Gonz\u00e1lez con otra veintena de trabajadores y gestiona adem\u00e1s el gran campo de golf de Talayuela, desde donde se divisan las monta\u00f1as de Gredos, entre los pinares del Ti\u00e9tar. Bravo se queja de nuevas restricciones de Bruselas al proceso de ahumado del pimiento. \u00c9l tambi\u00e9n votar\u00e1 al PP en las elecciones extreme\u00f1as por el \u201cvoto \u00fatil\u201d, pero la m\u00fasica de Vox le atrae mucho, sobre todo en lo relacionado con la inmigraci\u00f3n.<\/p>\n<p class=\"\">Entre PP y Vox se debate a\u00fan otra due\u00f1a de un negocio dentro del pueblo ante el 21-D. Por la noche, la mayor parte de hombres que se ve caminando por la avenida que une el bar Jard\u00edn y el Mirasierra son de origen magreb\u00ed. \u201cPero es por sus costumbres, de estar mucho en la calle\u201d, explica la mujer indecisa entre populares y ultras, aut\u00f3noma, que no quiere dar su nombre y se informa a trav\u00e9s de las redes y la \u00fanica \u201ccadena fiable\u201d, Antena 3. Y que considera que hay que luchar contra la violencia machista. \u201cEstamos ya cansados de tanta corrupci\u00f3n. Bego\u00f1a sin carrera dando una c\u00e1tedra y mi hija con una carrera y con un m\u00e1ster, en el paro, y sin posibilidad de emanciparse\u201d, critica la mujer. Su hija quer\u00eda una foto de Abascal en el bar Mirasierra durante su visita hace dos semanas. En el local, el agricultor Gonz\u00e1lez se termina el brandy 103 con coca-cola antes de marchar a casa. \u201cA ver si hay suerte\u201d, indica sobre la victoria de Vox Gonz\u00e1lez, apodado \u2018el Boina\u2019 por su paso por los boinas verdes.<\/p>\n","protected":false},"excerpt":{"rendered":"Hace unos d\u00edas que ha terminado la recogida del pimiento. Tambi\u00e9n su proceso posterior de ahumado, que en&hellip;\n","protected":false},"author":2,"featured_media":273883,"comment_status":"","ping_status":"","sticky":false,"template":"","format":"standard","meta":{"footnotes":""},"categories":[8],"tags":[16640,17,18,63513,25,24,7234,13,14,11,590,895,5610,19,20,22548,9,10,15,16,2959,956,2581,6914,23,66995,12,21,22,624],"class_list":{"0":"post-273882","1":"post","2":"type-post","3":"status-publish","4":"format-standard","5":"has-post-thumbnail","7":"category-espana","8":"tag-begona-gomez-fernandez","9":"tag-breaking-news","10":"tag-breakingnews","11":"tag-elecciones-extremenas","12":"tag-es","13":"tag-espana","14":"tag-extremadura","15":"tag-featured-news","16":"tag-featurednews","17":"tag-headlines","18":"tag-inmigracion","19":"tag-inmigracion-irregular","20":"tag-jose-luis-abalos","21":"tag-latest-news","22":"tag-latestnews","23":"tag-maria-guardiola-martin","24":"tag-news","25":"tag-noticias","26":"tag-noticias-destacadas","27":"tag-noticiasdestacadas","28":"tag-pedro-sanchez","29":"tag-pp","30":"tag-psoe-a","31":"tag-santiago-abascal","32":"tag-spain","33":"tag-talayuela","34":"tag-titulares","35":"tag-ultimas-noticias","36":"tag-ultimasnoticias","37":"tag-vox"},"share_on_mastodon":{"url":"","error":"Validation failed: Text character limit of 500 exceeded"},"_links":{"self":[{"href":"https:\/\/www.europesays.com\/es\/wp-json\/wp\/v2\/posts\/273882","targetHints":{"allow":["GET"]}}],"collection":[{"href":"https:\/\/www.europesays.com\/es\/wp-json\/wp\/v2\/posts"}],"about":[{"href":"https:\/\/www.europesays.com\/es\/wp-json\/wp\/v2\/types\/post"}],"author":[{"embeddable":true,"href":"https:\/\/www.europesays.com\/es\/wp-json\/wp\/v2\/users\/2"}],"replies":[{"embeddable":true,"href":"https:\/\/www.europesays.com\/es\/wp-json\/wp\/v2\/comments?post=273882"}],"version-history":[{"count":0,"href":"https:\/\/www.europesays.com\/es\/wp-json\/wp\/v2\/posts\/273882\/revisions"}],"wp:featuredmedia":[{"embeddable":true,"href":"https:\/\/www.europesays.com\/es\/wp-json\/wp\/v2\/media\/273883"}],"wp:attachment":[{"href":"https:\/\/www.europesays.com\/es\/wp-json\/wp\/v2\/media?parent=273882"}],"wp:term":[{"taxonomy":"category","embeddable":true,"href":"https:\/\/www.europesays.com\/es\/wp-json\/wp\/v2\/categories?post=273882"},{"taxonomy":"post_tag","embeddable":true,"href":"https:\/\/www.europesays.com\/es\/wp-json\/wp\/v2\/tags?post=273882"}],"curies":[{"name":"wp","href":"https:\/\/api.w.org\/{rel}","templated":true}]}}