{"id":273884,"date":"2025-12-06T08:32:04","date_gmt":"2025-12-06T08:32:04","guid":{"rendered":"https:\/\/www.europesays.com\/es\/273884\/"},"modified":"2025-12-06T08:32:04","modified_gmt":"2025-12-06T08:32:04","slug":"dia-de-la-constitucion-el-icam-alerta-del-retroceso-global-del-estado-de-derecho-y-reivindica-el-papel-de-la-abogacia-como-garante-democratico-icam","status":"publish","type":"post","link":"https:\/\/www.europesays.com\/es\/273884\/","title":{"rendered":"D\u00cdA DE LA CONSTITUCI\u00d3N &#8211; El ICAM alerta del retroceso global del Estado de Derecho y reivindica el papel de la abogac\u00eda como garante democr\u00e1tico &#8211; ICAM"},"content":{"rendered":"<ul class=\"wp-block-list\">\n<li><strong>En v\u00edsperas del 47.\u00ba aniversario de la Constituci\u00f3n, el Colegio de la Abogac\u00eda de Madrid advierte sobre el deterioro institucional en las democracias consolidadas y el auge de nuevos modelos autoritarios.<\/strong><\/li>\n<\/ul>\n<ul class=\"wp-block-list\">\n<li><strong>Los \u00faltimos datos internacionales, recogidos por el ICAM, se\u00f1alan que m\u00e1s del 68 % de los pa\u00edses han experimentado retrocesos en el Estado de derecho y que solo un 12 % de la poblaci\u00f3n mundial vive ya en democracias liberales.<\/strong><\/li>\n<\/ul>\n<ul class=\"wp-block-list\">\n<li><strong>El ICAM identifica en su informe cinco factores estructurales del deterioro democr\u00e1tico: autocratizaci\u00f3n legal, presi\u00f3n sobre la justicia, abuso normativo, corrupci\u00f3n institucional y amenazas h\u00edbridas como la desinformaci\u00f3n. El documento subraya que \u201cla democracia se est\u00e1 erosionando desde dentro, con apariencia de normalidad jur\u00eddica\u201d.<\/strong><\/li>\n<\/ul>\n<ul class=\"wp-block-list\">\n<li><strong>El trabajo forma parte de un n\u00famero especial de la revista OTROS\u00cd sobre la situaci\u00f3n del Estado de Derecho en el mundo, coincidiendo con la celebraci\u00f3n del aniversario de la Constituci\u00f3n espa\u00f1ola.<\/strong><\/li>\n<\/ul>\n<p>En v\u00edsperas del 47\u00ba aniversario de la Constituci\u00f3n Espa\u00f1ola, el Ilustre Colegio de la Abogac\u00eda de Madrid advierte del deterioro sostenido del Estado de derecho, que afecta ya a la mayor\u00eda de las regiones del mundo y, de forma especialmente preocupante, a las democracias consolidadas.<\/p>\n<p>Los principales indicadores internacionales de calidad democr\u00e1tica<a id=\"766e266e-370e-45cd-aad8-55155a452923-link\" href=\"#766e266e-370e-45cd-aad8-55155a452923\">1<\/a>, recopilados en un informe especial del ICAM, reflejan un retroceso global y acelerado en \u00e1mbitos como la independencia judicial, la calidad normativa y el equilibrio de poderes.<\/p>\n<p>\u201cLa Constituci\u00f3n naci\u00f3 para poner l\u00edmites al poder\u201d, subraya el decano del ICAM, <strong>Eugenio Rib\u00f3n<\/strong>. \u201cLos datos que presentamos demuestran que esos l\u00edmites se est\u00e1n debilitando dentro y fuera de Espa\u00f1a y que la defensa del Estado de derecho ya no es una cuesti\u00f3n acad\u00e9mica, sino de plena actualidad informativa y social\u201d.<\/p>\n<p>Ante este escenario, el Ilustre Colegio de la Abogac\u00eda de Madrid reivindica el papel de la abogac\u00eda como garante democr\u00e1tico y lanza una llamada de atenci\u00f3n sobre los riesgos de deslegitimaci\u00f3n institucional, cuyas din\u00e1micas analiza de manera exhaustiva un n\u00famero especial de su revista Otros\u00ed dedicado al Estado de derecho.<\/p>\n<p>\u201cEl objetivo es ofrecer una radiograf\u00eda sint\u00e9tica, documentada y comparada de la recesi\u00f3n democr\u00e1tica que describen los principales \u00edndices internacionales y dimensionar el deterioro normativo e institucional en los \u00faltimos cinco a\u00f1os en todo el mundo\u201d, explica la Diputada del ICAM y presidenta del Consejo Editorial de Otros\u00ed, <strong>Roberta Poza<\/strong>.<\/p>\n<p>El informe, publicado coincidiendo con la efem\u00e9ride constitucional, pone el foco en las din\u00e1micas estructurales que est\u00e1n debilitando los pilares del Estado de derecho a lo largo y ancho del planeta. Seg\u00fan los datos m\u00e1s recientes de los principales \u00edndices internacionales<a href=\"#_ftn1\" id=\"_ftnref1\">[1]<\/a>, m\u00e1s del 68 % de los pa\u00edses han registrado retrocesos en los \u00faltimos 12 meses, y solo el 12 % de la poblaci\u00f3n mundial vive en democracias liberales, el m\u00ednimo hist\u00f3rico de la serie.<\/p>\n<p>Entre los elementos m\u00e1s reveladores, el ICAM destaca que menos de la mitad de la poblaci\u00f3n mundial vive ya bajo alg\u00fan tipo de r\u00e9gimen democr\u00e1tico y que la nota media de la democracia global ha ca\u00eddo a su nivel m\u00e1s bajo desde que existen mediciones comparadas.<\/p>\n<p>El informe constata tambi\u00e9n que el 46 % de la poblaci\u00f3n mundial vive bajo reg\u00edmenes de autocracia electoral, en los que existen procesos formales de votaci\u00f3n, pero sin garant\u00edas suficientes, mientras que las autocracias cerradas concentran ya al 26 % de la poblaci\u00f3n global. La polarizaci\u00f3n pol\u00edtica, el debilitamiento de los contrapoderes, la instrumentalizaci\u00f3n legislativa y los ataques a la independencia judicial son, seg\u00fan el texto colegial, algunos de los vectores clave del deterioro.<\/p>\n<p>A escala mundial, el avance de modelos autoritarios y la concentraci\u00f3n de poder dentro de sistemas formalmente democr\u00e1ticos explican buena parte de esta tendencia regresiva. El informe del ICAM recuerda que hoy hay m\u00e1s autocracias que democracias y que el 72 % de la poblaci\u00f3n mundial vive en pa\u00edses donde la calidad democr\u00e1tica est\u00e1 en declive.<\/p>\n<p>En Espa\u00f1a, las alertas se centran en la proliferaci\u00f3n del decreto-ley, la degradaci\u00f3n de los procedimientos parlamentarios o la politizaci\u00f3n persistente en la renovaci\u00f3n de los \u00f3rganos de gobierno del Poder Judicial.<\/p>\n<p>Roberta Poza recuerda que esta degradaci\u00f3n institucional no suele producirse \u201cde golpe ni de forma espectacular\u201d, sino \u201cmediante reformas aparentemente legales, pero destinadas a debilitar los contrapesos o intimidar a quienes se interponen\u201d. Frente a este fen\u00f3meno, la diputada del ICAM reivindica el papel de la abogac\u00eda como \u201ccolumna vertebral de la democracia\u201d, y subraya que defender el Estado de derecho \u201ces hoy una tarea urgente, ineludible y profundamente nuestra\u201d.<\/p>\n<p><img fetchpriority=\"high\" decoding=\"async\" width=\"731\" height=\"1024\" src=\"https:\/\/www.europesays.com\/es\/wp-content\/uploads\/2025\/12\/Infografi\u0301a_Democraciasenretirada_AndreaGdelCastillo-2-1_pages-to-jpg-0001-1-731x1024.jpg\" alt=\"\" class=\"wp-image-174448\"  \/><\/p>\n<p><strong>Factores estructurales del deterioro<\/strong><\/p>\n<p>El ICAM describe en su informe una tendencia global hacia sistemas autocr\u00e1ticos que avanza desde dentro: se preservan las formas electorales, pero se vac\u00eda de contenido el equilibrio de poderes. Adem\u00e1s, subraya que esta \u201cautocracia de baja intensidad\u201d opera con herramientas jur\u00eddicas: reformas de constituciones, leyes y reglamentos que, bajo un discurso de eficacia o regeneraci\u00f3n, reducen la capacidad de control de parlamentos, tribunales y organismos independientes.<\/p>\n<p>La independencia judicial figura entre las dimensiones m\u00e1s afectadas. La combinaci\u00f3n de interferencias en nombramientos, presiones disciplinarias y reformas orientadas a limitar el control jurisdiccional produce un efecto de arrastre sobre el resto de garant\u00edas. Cuando los jueces pierden margen de actuaci\u00f3n, se debilitan la igualdad ante la ley y la tutela efectiva de derechos.<\/p>\n<p>En paralelo se observa un deterioro normativo que rompe la previsibilidad del sistema. El uso expansivo de normas de urgencia, las tramitaciones aceleradas y las enmiendas ajenas al objeto de las leyes erosionan la deliberaci\u00f3n y la seguridad jur\u00eddica, incluso en democracias consolidadas. El resultado es una arquitectura legal m\u00e1s inestable, con menor calidad t\u00e9cnica y mayor dependencia de mayor\u00edas coyunturales, lo que dificulta el control pol\u00edtico y ciudadano.<\/p>\n<p>La corrupci\u00f3n estructural y la captura institucional completan el cuadro. Los principales informes internacionales detectan retrocesos significativos en el indicador de ausencia de corrupci\u00f3n en un n\u00famero relevante de pa\u00edses, con implicaciones directas sobre la inversi\u00f3n, la competencia y la credibilidad de las administraciones p\u00fablicas.<\/p>\n<p>El ecosistema informativo a\u00f1ade una capa de vulnerabilidad. Seg\u00fan los datos recogidos en el informe del ICAM, la libertad de prensa ha empeorado en casi una cuarta parte de los pa\u00edses analizados, configurando el mayor retroceso desde mediados de los a\u00f1os setenta.<\/p>\n<p>Por \u00faltimo, el ICAM analiza los denominados autogolpes como forma extrema de ruptura promovida desde el propio poder constituido. La publicaci\u00f3n incide en que \u201ccuatro de cada cinco autogolpes consiguen su prop\u00f3sito\u201d, frente a una tasa de \u00e9xito del 50 % en los golpes militares tradicionales, lo que subraya la gravedad de este fen\u00f3meno.<\/p>\n<p><img loading=\"lazy\" decoding=\"async\" width=\"709\" height=\"1024\" src=\"https:\/\/www.europesays.com\/es\/wp-content\/uploads\/2025\/12\/Infografi\u0301a_Democraciasenretirada_AndreaGdelCastillo-2-2_pages-to-jpg-0001-1-709x1024.jpg\" alt=\"\" class=\"wp-image-174449\"  \/><\/p>\n<p><strong>El compromiso del ICAM con la defensa del Estado de derecho<\/strong><\/p>\n<p>Para el Decano del ICAM, Eugenio Rib\u00f3n: \u201cla defensa del Estado de Derecho en este contexto no es una tarea delegable. Nos interpela como juristas, como ciudadanos y, especialmente, como instituci\u00f3n colegial comprometida con la democracia y el servicio p\u00fablico\u201d.<\/p>\n<p>La calidad de las leyes, la independencia de la justicia, la garant\u00eda de los derechos y libertades o la existencia de contrapesos reales no son, afirma Rib\u00f3n, cuestiones abstractas. \u201cSon la base misma de nuestra convivencia. Y hoy, lamentablemente, tambi\u00e9n son objeto de erosi\u00f3n, cuestionamiento o amenaza en muchas partes del mundo\u201d.<\/p>\n<p><strong>N\u00famero especial dedicado al Estado de Derecho<\/strong><\/p>\n<p>Este informe comparado a partir de los datos de los principales indicadores internacionales se complementa con un dossier jur\u00eddico internacional con firmas de referencia que analizan los principales retos que afronta el Estado de derecho en Europa, Estados Unidos y Am\u00e9rica Latina, con autores como el presidente electo de Venezuela, Edmundo Gonz\u00e1lez.<\/p>\n<p>El informe y dossier se recogen en la revista \u2018OTROS\u00cd\u2019 del ICAM que puede descargarse gratis en este enlace:<\/p>\n","protected":false},"excerpt":{"rendered":"En v\u00edsperas del 47.\u00ba aniversario de la Constituci\u00f3n, el Colegio de la Abogac\u00eda de Madrid advierte sobre el&hellip;\n","protected":false},"author":2,"featured_media":273885,"comment_status":"","ping_status":"","sticky":false,"template":"","format":"standard","meta":{"footnotes":""},"categories":[5],"tags":[17,18,25,24,13,14,11,19,20,9,10,15,16,23,12,21,22],"class_list":{"0":"post-273884","1":"post","2":"type-post","3":"status-publish","4":"format-standard","5":"has-post-thumbnail","7":"category-titulares","8":"tag-breaking-news","9":"tag-breakingnews","10":"tag-es","11":"tag-espana","12":"tag-featured-news","13":"tag-featurednews","14":"tag-headlines","15":"tag-latest-news","16":"tag-latestnews","17":"tag-news","18":"tag-noticias","19":"tag-noticias-destacadas","20":"tag-noticiasdestacadas","21":"tag-spain","22":"tag-titulares","23":"tag-ultimas-noticias","24":"tag-ultimasnoticias"},"share_on_mastodon":{"url":"","error":""},"_links":{"self":[{"href":"https:\/\/www.europesays.com\/es\/wp-json\/wp\/v2\/posts\/273884","targetHints":{"allow":["GET"]}}],"collection":[{"href":"https:\/\/www.europesays.com\/es\/wp-json\/wp\/v2\/posts"}],"about":[{"href":"https:\/\/www.europesays.com\/es\/wp-json\/wp\/v2\/types\/post"}],"author":[{"embeddable":true,"href":"https:\/\/www.europesays.com\/es\/wp-json\/wp\/v2\/users\/2"}],"replies":[{"embeddable":true,"href":"https:\/\/www.europesays.com\/es\/wp-json\/wp\/v2\/comments?post=273884"}],"version-history":[{"count":0,"href":"https:\/\/www.europesays.com\/es\/wp-json\/wp\/v2\/posts\/273884\/revisions"}],"wp:featuredmedia":[{"embeddable":true,"href":"https:\/\/www.europesays.com\/es\/wp-json\/wp\/v2\/media\/273885"}],"wp:attachment":[{"href":"https:\/\/www.europesays.com\/es\/wp-json\/wp\/v2\/media?parent=273884"}],"wp:term":[{"taxonomy":"category","embeddable":true,"href":"https:\/\/www.europesays.com\/es\/wp-json\/wp\/v2\/categories?post=273884"},{"taxonomy":"post_tag","embeddable":true,"href":"https:\/\/www.europesays.com\/es\/wp-json\/wp\/v2\/tags?post=273884"}],"curies":[{"name":"wp","href":"https:\/\/api.w.org\/{rel}","templated":true}]}}