{"id":273890,"date":"2025-12-06T08:40:10","date_gmt":"2025-12-06T08:40:10","guid":{"rendered":"https:\/\/www.europesays.com\/es\/273890\/"},"modified":"2025-12-06T08:40:10","modified_gmt":"2025-12-06T08:40:10","slug":"el-unicaja-se-prueba-ante-la-revelacion","status":"publish","type":"post","link":"https:\/\/www.europesays.com\/es\/273890\/","title":{"rendered":"El Unicaja se prueba ante la revelaci\u00f3n"},"content":{"rendered":"<p>La del Hiopos Lleida ser\u00e1, seguro, una prueba muy certera para calibrar la mejor\u00eda del Unicaja antes del par\u00f3n por la ventana FIBA. El equipo  &#8230; cuaj\u00f3 un serio partido ante el Baxi Manresa en el Carpena, su \u00faltimo compromiso hasta la fecha, y ahora tratar\u00e1 de confirmar en uno de los pabellones con las atm\u00f3sferas m\u00e1s calientes del campeonato, el Barris Nord, que ha recuperado el paso. En la casa del Hiopos Lleida comienza el siempre trascendental mes de diciembre, que se espera que esclarezca las cosas en la tabla clasificatoria cara a la Copa del Rey. El partido comenzar\u00e1 a las 19.00 horas y se podr\u00e1 ver en DAZN.<\/p>\n<p class=\"v-p\">El Hiopos Lleida, con cuatro victorias y cuatro derrotas, ha sido uno de los conjuntos revelaci\u00f3n de este arranque de temporada. Es cierto que en las \u00faltimas semanas ha perdido algo de fuelle, pero arranc\u00f3 la temporada con un interesante 4-2 que le meti\u00f3 en las quinielas para estar en la Copa, a expensas de c\u00f3mo avanzara todo. Entre tanto, una victoria muy sonada en el Palau ante el Bar\u00e7a, en la segunda jornada. Part\u00edan, a priori, como uno de los m\u00e1s d\u00e9biles de la competici\u00f3n y han demostrado ser un aut\u00e9ntico hueso duro de roer. En sus \u00faltimos envites, eso s\u00ed, no han podido ni con el UCAM Murcia ni con el Baxi Manresa.<\/p>\n<p class=\"v-p\">Entre sus hombres m\u00e1s peligrosos est\u00e1n James Batemon (15,1 puntos, 2,0 rebotes y 2,4 asistencias por partido), Caleb Agada (13,9 puntos, 4,0 rebotes y 2,9 asistencias) y el excajista Melvin Ejim (9,9 puntos, 6,0 rebotes y 0,4 asistencias), que este curso, a las \u00f3rdenes de Gerard Encuentra, cuenta con un rol mucho m\u00e1s protagonista que el que ten\u00eda en M\u00e1laga.<\/p>\n<p class=\"v-p\">Entre todos los alicientes con los que cuenta este partido destacan dos: Melvin Ejim, que vive un dulce momento en el cuadro ilerdense tras no ser renovado con el Unicaja este \u00faltimo verano, y Chase Audige, el \u00faltimo fichaje del equipo. Se espera que viaje a L\u00e9rida pese a no haber entrenado demasiado (jug\u00f3 con Jamaica en la ventana y lleg\u00f3 a M\u00e1laga el jueves) por las bajas que presenta el equipo de Ibon Navarro. Rubit y Casta\u00f1eda, ambos por un cuadro v\u00edrico, no jugar\u00e1n.<\/p>\n<p class=\"v-p\">El de Rubit, que lleg\u00f3 la pasada semana a M\u00e1laga, habr\u00eda sido otro de los alicientes cara al encuentro, pero una bronquitis lo ha dejado en el dique seco y su debut tendr\u00e1 que esperar, si todo va bien, al martes, cuando el Unicaja visitar\u00e1 al Oostende. En el Hiopos Lleida, por su lado, Gyory Goloman es duda por un esguince sufrido con su selecci\u00f3n, Hungr\u00eda, durante la ventana.<\/p>\n","protected":false},"excerpt":{"rendered":"La del Hiopos Lleida ser\u00e1, seguro, una prueba muy certera para calibrar la mejor\u00eda del Unicaja antes del&hellip;\n","protected":false},"author":2,"featured_media":273891,"comment_status":"","ping_status":"","sticky":false,"template":"","format":"standard","meta":{"footnotes":""},"categories":[269],"tags":[1575,299,298,168,25,24,2761,8315,23,167,2246],"class_list":{"0":"post-273890","1":"post","2":"type-post","3":"status-publish","4":"format-standard","5":"has-post-thumbnail","7":"category-baloncesto","8":"tag-ante","9":"tag-baloncesto","10":"tag-basketball","11":"tag-deportes","12":"tag-es","13":"tag-espana","14":"tag-prueba","15":"tag-revelacion","16":"tag-spain","17":"tag-sports","18":"tag-unicaja"},"share_on_mastodon":{"url":"https:\/\/pubeurope.com\/@es\/115671729722897779","error":""},"_links":{"self":[{"href":"https:\/\/www.europesays.com\/es\/wp-json\/wp\/v2\/posts\/273890","targetHints":{"allow":["GET"]}}],"collection":[{"href":"https:\/\/www.europesays.com\/es\/wp-json\/wp\/v2\/posts"}],"about":[{"href":"https:\/\/www.europesays.com\/es\/wp-json\/wp\/v2\/types\/post"}],"author":[{"embeddable":true,"href":"https:\/\/www.europesays.com\/es\/wp-json\/wp\/v2\/users\/2"}],"replies":[{"embeddable":true,"href":"https:\/\/www.europesays.com\/es\/wp-json\/wp\/v2\/comments?post=273890"}],"version-history":[{"count":0,"href":"https:\/\/www.europesays.com\/es\/wp-json\/wp\/v2\/posts\/273890\/revisions"}],"wp:featuredmedia":[{"embeddable":true,"href":"https:\/\/www.europesays.com\/es\/wp-json\/wp\/v2\/media\/273891"}],"wp:attachment":[{"href":"https:\/\/www.europesays.com\/es\/wp-json\/wp\/v2\/media?parent=273890"}],"wp:term":[{"taxonomy":"category","embeddable":true,"href":"https:\/\/www.europesays.com\/es\/wp-json\/wp\/v2\/categories?post=273890"},{"taxonomy":"post_tag","embeddable":true,"href":"https:\/\/www.europesays.com\/es\/wp-json\/wp\/v2\/tags?post=273890"}],"curies":[{"name":"wp","href":"https:\/\/api.w.org\/{rel}","templated":true}]}}