{"id":273894,"date":"2025-12-06T08:42:08","date_gmt":"2025-12-06T08:42:08","guid":{"rendered":"https:\/\/www.europesays.com\/es\/273894\/"},"modified":"2025-12-06T08:42:08","modified_gmt":"2025-12-06T08:42:08","slug":"es-imposible-con-este-alboroto","status":"publish","type":"post","link":"https:\/\/www.europesays.com\/es\/273894\/","title":{"rendered":"Es imposible con este alboroto"},"content":{"rendered":"<p class=\"paragraph\">Pese a que se retir\u00f3 de los escenarios hace tres a\u00f1os, Joan Manuel Serrat se mantiene muy activo. <b>A sus 81 a\u00f1os<\/b> (cumple 82 el pr\u00f3ximo 27 de diciembre), <a href=\"https:\/\/www.heraldo.es\/noticias\/ocio-y-cultura\/2025\/11\/23\/emocionante-regreso-joan-manuel-serrat-escenarios-mahon-1872822.html\" title=\"El conmovedor retorno de Joan Manuel Serrat en concierto por una buena causa: &quot;Me retir\u00e9 de los escenarios pero no de la vida&quot;\" rel=\"nofollow noopener\" target=\"_blank\">el cantautor catal\u00e1n sigue participando a muchas de las iniciativas que le proponen.\u00a0<\/a><\/p>\n<p class=\"paragraph\">Sin ir m\u00e1s lejos, el pasado noviembre <b>ofreci\u00f3 un concierto solidario en Mah\u00f3n<\/b> en el que repas\u00f3 algunos de los cl\u00e1sicos de su repertorio, y esta semana ha viajado hasta M\u00e9xico para compartir un encuentro con j\u00f3venes y para ser distinguido.\u00a0<\/p>\n<p class=\"paragraph\">El cantante Joan Manuel Serrat protagoniz\u00f3 este jueves un momento pol\u00e9mico en el pa\u00eds norteamericano <b>al abandonar durante unos minutos, molesto, una charla<\/b> que era una de las actividades m\u00e1s esperadas de la Feria Internacional del Libro (FIL) de Guadalajara, que se desarrolla en esta ciudad, aunque luego volvi\u00f3 al escenario ante un p\u00fablico \u00e1vido de sus historias.<\/p>\n<p class=\"paragraph\">El cantante abandon\u00f3 el auditorio Juan Rulfo que fue abierto a su m\u00e1xima capacidad, pero que<b> no fue suficiente para las miles de personas que se dieron cita<\/b> desde horas antes para ver de cerca al int\u00e9rprete, que llega a Guadalajara encabezando la delegaci\u00f3n de Barcelona, invitada de honor a la feria.<\/p>\n<p class=\"paragraph\">Serrat, de 81 a\u00f1os,<b> abandon\u00f3 la charla 10 minutos<\/b> despu\u00e9s de iniciada debido a que los gritos de quienes se quedaron fuera del auditorio no le permit\u00eda escuchar a su moderador, el escritor mexicano Benito Taibo.<\/p>\n<p class=\"paragraph\">\u00abLes agradezco a todos mucho, yo he hecho muchos kil\u00f3metros para estar aqu\u00ed hoy, era un d\u00eda para m\u00ed extraordinario, de mucha ilusi\u00f3n, pero es imposible tener un acto de un calado afectivo como tiene este<b> con un alboroto como el que hay ah\u00ed afuera. No es culpa m\u00eda,<\/b> perdonen ustedes. Buenas tardes\u00bb, dijo enf\u00e1tico.<\/p>\n<p class=\"paragraph\">Afuera, tras los ventanales de cristal que dividen la entrada principal del recinto ferial de la zona de salones principales, la gente gritaba molesta <b>\u00ab\u00a1d\u00e9jennos entrar, \u00a1d\u00e9jennos entrar!\u00bb.<\/b><\/p>\n<p class=\"paragraph\">Aunque la charla fue pensada como un encuentro con j\u00f3venes, <b>la mayor\u00eda de las personas que acudieron a la feria era gente adulta mayor<\/b> que ten\u00eda la ilusi\u00f3n de poder ver a Serrat en alguno de los pocos actos p\u00fablicos que tiene programados en la FIL.<\/p>\n<p class=\"paragraph\">\u00abUn saludo a los que est\u00e1n afuera, que lamentablemente no pueden caber en esta sala. Gracias por acercarse aqu\u00ed <b>y espero que entre todos podamos hacer que nos escuchemos<\/b> los unos a los otros de la mejor manera posible\u00bb, apunt\u00f3 apenas tom\u00f3 la palabra.<\/p>\n<p class=\"paragraph\">Tras la mediaci\u00f3n del propio Taibo y de la organizaci\u00f3n de la feria que cerr\u00f3 totalmente las puertas del auditorio, Serrat volvi\u00f3 con otro \u00e1nimo, no sin antes asegurarse de que el p\u00fablico mantuviera la tranquilidad.\u00a0El cantante de &#8216;Pen\u00e9lope&#8217; <b>fue recibido de vuelta con aplausos<\/b> y para distender el ambiente, opt\u00f3 por hablar de f\u00fatbol.<\/p>\n<p class=\"paragraph\">Despu\u00e9s la conversaci\u00f3n fluy\u00f3 abarcando temas como la belleza del Mediterr\u00e1neo aunque asegur\u00f3 que esta regi\u00f3n tiene<b> \u00abel mar m\u00e1s contaminado y sobreexplotado\u00bb <\/b>que ha atestiguado la huida de cientos de migrantes convirti\u00e9ndose en un \u00absarc\u00f3fago enorme\u00bb.<\/p>\n<p class=\"paragraph\">\u00abLamentablemente habr\u00eda que decir que Europa como tal no ha tenido un comportamiento solidario ni generoso en esto y m\u00e1s bien<b> ha condenado a muchos miles de estos emigrantes involuntarios <\/b>como siempre suelen ser los emigrantes, nadie deja la casa donde naci\u00f3 para irse a una vida que no sabe que le a deparar en otro lugar\u00bb, expres\u00f3.<\/p>\n<p class=\"paragraph\">Con un poco de enfado, el compositor llam\u00f3 la atenci\u00f3n a una se\u00f1ora que pidi\u00f3 la palabra para hacer una pregunta, segundos antes de que \u00e9l pidiera que el micr\u00f3fono fuera para conversar con los asistentes m\u00e1s j\u00f3venes.<b>\u00a0\u00abSe\u00f1ora, se\u00f1ora \u00bfno entendi\u00f3 o viene usted disfrazada?\u00bb, <\/b>dijo con tono sarc\u00e1stico.<\/p>\n<p class=\"paragraph\">El encuentro tambi\u00e9n sirvi\u00f3 para dar consejos a j\u00f3venes artistas, de c\u00f3mo vivir la adolescencia y tambi\u00e9n para hablar del auge de los gobiernos de derechas en el mundo.\u00a0\u00abLa derecha y la ultraderecha mandan mensajes a la mayor\u00eda de la humanidad<b> tratando de desprestigiar la democracia<\/b> y un r\u00e9gimen representativo bas\u00e1ndolo en otro r\u00e9gimen milagroso en el cual la gente se hace rica a trav\u00e9s de unas oportunidades que aparecen vaya usted a saber de d\u00f3nde\u00bb, declar\u00f3.<\/p>\n<p class=\"paragraph\"><b>Serrat recibir\u00e1 este viernes el doctorado honoris causa por la Universidad de Guadalajara<\/b> y el s\u00e1bado el ayuntamiento de Guadalajara le entregar\u00e1 las llaves de la ciudad.<\/p>\n","protected":false},"excerpt":{"rendered":"Pese a que se retir\u00f3 de los escenarios hace tres a\u00f1os, Joan Manuel Serrat se mantiene muy activo.&hellip;\n","protected":false},"author":2,"featured_media":273895,"comment_status":"","ping_status":"","sticky":false,"template":"","format":"standard","meta":{"footnotes":""},"categories":[174],"tags":[255,32178,146,147,25,24,256,44470,1906,23],"class_list":{"0":"post-273894","1":"post","2":"type-post","3":"status-publish","4":"format-standard","5":"has-post-thumbnail","7":"category-famosos","8":"tag-celebrities","9":"tag-enfado","10":"tag-entertainment","11":"tag-entretenimiento","12":"tag-es","13":"tag-espana","14":"tag-famosos","15":"tag-joan-manuel-serrat","16":"tag-mexico","17":"tag-spain"},"share_on_mastodon":{"url":"https:\/\/pubeurope.com\/@es\/115671737633619880","error":""},"_links":{"self":[{"href":"https:\/\/www.europesays.com\/es\/wp-json\/wp\/v2\/posts\/273894","targetHints":{"allow":["GET"]}}],"collection":[{"href":"https:\/\/www.europesays.com\/es\/wp-json\/wp\/v2\/posts"}],"about":[{"href":"https:\/\/www.europesays.com\/es\/wp-json\/wp\/v2\/types\/post"}],"author":[{"embeddable":true,"href":"https:\/\/www.europesays.com\/es\/wp-json\/wp\/v2\/users\/2"}],"replies":[{"embeddable":true,"href":"https:\/\/www.europesays.com\/es\/wp-json\/wp\/v2\/comments?post=273894"}],"version-history":[{"count":0,"href":"https:\/\/www.europesays.com\/es\/wp-json\/wp\/v2\/posts\/273894\/revisions"}],"wp:featuredmedia":[{"embeddable":true,"href":"https:\/\/www.europesays.com\/es\/wp-json\/wp\/v2\/media\/273895"}],"wp:attachment":[{"href":"https:\/\/www.europesays.com\/es\/wp-json\/wp\/v2\/media?parent=273894"}],"wp:term":[{"taxonomy":"category","embeddable":true,"href":"https:\/\/www.europesays.com\/es\/wp-json\/wp\/v2\/categories?post=273894"},{"taxonomy":"post_tag","embeddable":true,"href":"https:\/\/www.europesays.com\/es\/wp-json\/wp\/v2\/tags?post=273894"}],"curies":[{"name":"wp","href":"https:\/\/api.w.org\/{rel}","templated":true}]}}