{"id":273896,"date":"2025-12-06T08:43:14","date_gmt":"2025-12-06T08:43:14","guid":{"rendered":"https:\/\/www.europesays.com\/es\/273896\/"},"modified":"2025-12-06T08:43:14","modified_gmt":"2025-12-06T08:43:14","slug":"un-viaje-a-la-epoca-dorada-por-el-archivo-de-sylvia-polakov-fotografa-de-la-jet-set-y-la-movida-madrilena","status":"publish","type":"post","link":"https:\/\/www.europesays.com\/es\/273896\/","title":{"rendered":"Un viaje a la \u00e9poca dorada por el archivo de Sylvia Polakov, fot\u00f3grafa de la jet set y la movida madrile\u00f1a"},"content":{"rendered":"<p style=\"\"><strong>Sylvia Polakov<\/strong> muri\u00f3 hace cuatro a\u00f1os pero su recuerdo sigue vivo a trav\u00e9s de<a href=\"https:\/\/www.abc.es\/espana\/abci-fotos-reales-treinta-anos-no-nada-200703180300-1632049266167_noticia.html\" target=\"_self\" data-voc-vtm-id=\"in-text-traffic\" title=\" un impresionante archivo fotogr\u00e1fico\" data-mrf-link=\"www.abc.es\" rel=\"nofollow noopener\"> un impresionante archivo fotogr\u00e1fico<\/a> que ahora ve la luz gracias a la galer\u00eda Nikon House de Madrid. Un homenaje a una de las fot\u00f3grafas m\u00e1s prestigiosas y autora de  &#8230; m\u00e1s de 250 trabajos convertidos en historia viva de nuestro pa\u00eds. Una exposici\u00f3n ubicada en la calle de la Reina Mercedes 7 que se podr\u00e1 visitar desde este 4 de diciembre hasta finales de marzo 2026, gracias a la cual toda una \u00e9poca de recuerdos vuelve a nuestra memoria. <\/p>\n<p class=\"voc-p\" style=\"\"><strong>Bernardo Paz<\/strong>, compa\u00f1ero de profesi\u00f3n de &#8216;la Polakov&#8217; -como se refer\u00edan a ella sus \u00edntimos amigos-, es el comisario de esta maravilla que expone algunos de los trabajos m\u00e1s emblem\u00e1ticos durante sus m\u00e1s de cuatro d\u00e9cadas de recorrido art\u00edstico. \u00abAunque fue complicado, al final conseguimos hacer una exposici\u00f3n sobre una mujer que en Espa\u00f1a, y sobre todo en Madrid, ha tenido una obra muy importante\u00bb, explica el fot\u00f3grafo en conversaci\u00f3n con ABC. <\/p>\n<p class=\"voc-p\" style=\"\">\u00abNormalmente en la Galer\u00eda Nikon se hacen exposiciones colectivas de tres, cuatro o m\u00e1s fot\u00f3grafos, pero en el caso de Sylvia me parec\u00eda que se merec\u00eda una monogr\u00e1fica porque tiene mucho material buen\u00edsimo y muchas fotograf\u00edas in\u00e9ditas. Y de alguna forma es <a href=\"https:\/\/www.abc.es\/espana\/abci-fotos-reales-treinta-anos-no-nada-200703180300-1632049266167_noticia.html\" target=\"_self\" data-voc-vtm-id=\"in-text-traffic\" title=\"un peque\u00f1o homenaje\" data-mrf-link=\"www.abc.es\" rel=\"nofollow noopener\">un peque\u00f1o homenaje<\/a> que yo personalmente tengo con quien fue mi compa\u00f1era y mi amiga\u00bb, reconoce.<\/p>\n<p class=\"voc-title\">La fot\u00f3grafo es autora de algunos de los desnudos m\u00e1s emblem\u00e1ticos de la \u00e9poca del destape<\/p>\n<p>\nEl mejor retrato de la Reina Sof\u00eda\n<\/p>\n<p class=\"voc-p\" style=\"\">A lo largo de su vida, Sylvia Polakov logr\u00f3 congelar momentos indescriptibles, pero sin duda por el que permanecer\u00e1 siempre en la historia es el retrato que le hizo a la <strong>Reina Do\u00f1a Sof\u00eda<\/strong> en 1996. <\/p>\n<p><img decoding=\"async\" loading=\"lazy\" src=\"https:\/\/www.europesays.com\/es\/wp-content\/uploads\/2025\/12\/Reina-Sofia_20251205133817-U67634836621QKv-760x800@diario_abc.jpg\" class=\"voc-img\" width=\"760\" height=\"800\" alt=\"Reina Do\u00f1a Sof\u00eda\" data-voc-vtm-id=\"in-text-traffic\"\/><\/p>\n<p>Reina Do\u00f1a Sof\u00eda<\/p>\n<p>Sylvia POLAKOV<\/p>\n<p class=\"voc-p\" style=\"\">Una imagen que sirve para cotejar la benevolencia del tiempo a su paso por la vida de la esposa de <strong>Don Juan Carlos<\/strong>. En el famoso retrato, la monarca posa con un impresionante vestido de gala de encaje blanco que ya hab\u00eda usado en 1986, en la visita de Estado a Gran Breta\u00f1a y en una cena con los <strong>Reagan<\/strong>. Con la banda de<strong> Carlos III<\/strong> cruzando el pecho, Do\u00f1a Sof\u00eda luce algunas de las joyas m\u00e1s significativas de su colecci\u00f3n como la diadema de La Chata, regalo de <strong>Isabel II<\/strong> a su hija, la <strong>Infanta Isabel<\/strong>, por su boda con el <strong>conde de Girenti<\/strong>; el collar de Isabel II, regalo de pedida de <strong>Francisco de As\u00eds de Borb\u00f3n<\/strong> en 1846; un broche, tambi\u00e9n de La Chata; y los pendientes que llev\u00f3 el d\u00eda de la proclamaci\u00f3n de <strong>Juan Carlos I<\/strong>. \u00ab<a href=\"https:\/\/www.abc.es\/espana\/abci-fotos-reales-treinta-anos-no-nada-200703180300-1632049266167_noticia.html\" target=\"_self\" data-voc-vtm-id=\"in-text-traffic\" title=\"Yo creo que es el retrato m\u00e1s bonito que le han hecho a Do\u00f1a Sof\u00eda en su vida\" data-mrf-link=\"www.abc.es\" rel=\"nofollow noopener\">Yo creo que es el retrato m\u00e1s bonito que le han hecho a Do\u00f1a Sof\u00eda en su vida<\/a>. Nunca qued\u00f3 tan guapa\u00bb, reconoce Bernardo Paz. \u00abAdem\u00e1s, si t\u00fa lo ves hoy, se mantiene en el tiempo, porque la fotograf\u00eda refleja el momento en el que fue hecha y hay algunas que permanecen y se conservan mejor\u00bb, a\u00f1ade.<\/p>\n<p>\nJet set espa\u00f1ola\n<\/p>\n<p><img decoding=\"async\" loading=\"lazy\" src=\"https:\/\/www.europesays.com\/es\/wp-content\/uploads\/2025\/12\/Lola-Flores-U02866264557IuW-760x1000@diario_abc.jpg\" class=\"voc-img\" width=\"760\" height=\"1000\" alt=\"Lola Flores\" data-voc-vtm-id=\"in-text-traffic\"\/><\/p>\n<p>Lola Flores<\/p>\n<p>Sylvia Polakov<\/p>\n<p class=\"voc-p\" style=\"\">Adem\u00e1s de retratista real, por la lente de Polakov pasaron la mayor parte de la jet set espa\u00f1ola y la movida madrile\u00f1a. <strong>Isabel Preysler<\/strong>, <strong>Carmen Maura<\/strong>, <strong>\u00c1gatha Ruiz de la Prada<\/strong>, <strong>Ana Garc\u00eda Obreg\u00f3n<\/strong>, <strong>Roc\u00edo D\u00farcal<\/strong> o <strong>Antonio Banderas<\/strong>, entre muchos otros, fueron algunos de los personajes que quedaron para siempre grabados con su c\u00e1mara. \u00abElla hizo las fotos de <strong>las Koplowitz<\/strong> cuando sali\u00f3 a la luz el esc\u00e1ndalo de su divorcio. Unas im\u00e1genes que se publicaron en todo el mundo y fueron portada en cantidad de revistas de todo el mundo. Todo un terremoto informativo que fren\u00f3 una de las fusiones econ\u00f3micas m\u00e1s importantes\u00bb, rememora Paz. <\/p>\n<p><img decoding=\"async\" loading=\"lazy\" src=\"https:\/\/www.europesays.com\/es\/wp-content\/uploads\/2025\/12\/Isabel-Preysler-U25431482231CRC-760x800@diario_abc.jpg\" class=\"voc-img\" width=\"760\" height=\"800\" alt=\"Isabel Preysler\" data-voc-vtm-id=\"in-text-traffic\"\/><\/p>\n<p>Isabel Preysler<\/p>\n<p>Sylvia Polakov<\/p>\n<p class=\"voc-p\" style=\"\">Adem\u00e1s de la noche, a Sylvia tambi\u00e9n le apasionaba la \u00e9poca del destape, a la que contribuy\u00f3 retratando a algunas de las mujeres m\u00e1s exuberantes del momento como a una jovenc\u00edsima <strong>Tita Cervera<\/strong> para &#8216;Intervi\u00fa&#8217; o <strong>Amparo Mu\u00f1oz<\/strong>, quien pos\u00f3 con un cintur\u00f3n sobre sus pechos en una de las fotograf\u00edas m\u00e1s m\u00edticas de la miss. <\/p>\n<p><img decoding=\"async\" loading=\"lazy\" src=\"https:\/\/www.europesays.com\/es\/wp-content\/uploads\/2025\/12\/Ana-Garcia-Obregon-U60843256628YTI-760x800@diario_abc.jpg\" class=\"voc-img\" width=\"760\" height=\"800\" alt=\"Ana Garc\u00eda Obreg\u00f3n\" data-voc-vtm-id=\"in-text-traffic\"\/><\/p>\n<p>Ana Garc\u00eda Obreg\u00f3n<\/p>\n<p>Sylvia Polakov<\/p>\n<p class=\"voc-p\" style=\"\">Y es que la c\u00e1mara de &#8216;la Polakov&#8217; capt\u00f3 toda la esencia de los famosos de la \u00e9poca dorada de nuestro pa\u00eds, con sus imponentes grandes fiestas. Un continuado goteo de rostros conocidos que quedaron recogidos en sus archivos gr\u00e1ficos y que ahora se abren al p\u00fablico en forma de exposici\u00f3n. <\/p>\n","protected":false},"excerpt":{"rendered":"Sylvia Polakov muri\u00f3 hace cuatro a\u00f1os pero su recuerdo sigue vivo a trav\u00e9s de un impresionante archivo fotogr\u00e1fico&hellip;\n","protected":false},"author":2,"featured_media":273897,"comment_status":"","ping_status":"","sticky":false,"template":"","format":"standard","meta":{"footnotes":""},"categories":[173],"tags":[21083,229,233,231,230,232,234,12977,146,147,12976,25,24,44892,42505,36121,25356,66997,7205,23,66996,12856],"class_list":{"0":"post-273896","1":"post","2":"type-post","3":"status-publish","4":"format-standard","5":"has-post-thumbnail","7":"category-arte-y-diseno","8":"tag-archivo","9":"tag-arte","10":"tag-arte-y-diseno","11":"tag-arts","12":"tag-arts-and-design","13":"tag-design","14":"tag-diseno","15":"tag-dorada","16":"tag-entertainment","17":"tag-entretenimiento","18":"tag-epoca","19":"tag-es","20":"tag-espana","21":"tag-fotografa","22":"tag-jet","23":"tag-madrilena","24":"tag-movida","25":"tag-polakov","26":"tag-set","27":"tag-spain","28":"tag-sylvia","29":"tag-viaje"},"share_on_mastodon":{"url":"https:\/\/pubeurope.com\/@es\/115671742016454090","error":""},"_links":{"self":[{"href":"https:\/\/www.europesays.com\/es\/wp-json\/wp\/v2\/posts\/273896","targetHints":{"allow":["GET"]}}],"collection":[{"href":"https:\/\/www.europesays.com\/es\/wp-json\/wp\/v2\/posts"}],"about":[{"href":"https:\/\/www.europesays.com\/es\/wp-json\/wp\/v2\/types\/post"}],"author":[{"embeddable":true,"href":"https:\/\/www.europesays.com\/es\/wp-json\/wp\/v2\/users\/2"}],"replies":[{"embeddable":true,"href":"https:\/\/www.europesays.com\/es\/wp-json\/wp\/v2\/comments?post=273896"}],"version-history":[{"count":0,"href":"https:\/\/www.europesays.com\/es\/wp-json\/wp\/v2\/posts\/273896\/revisions"}],"wp:featuredmedia":[{"embeddable":true,"href":"https:\/\/www.europesays.com\/es\/wp-json\/wp\/v2\/media\/273897"}],"wp:attachment":[{"href":"https:\/\/www.europesays.com\/es\/wp-json\/wp\/v2\/media?parent=273896"}],"wp:term":[{"taxonomy":"category","embeddable":true,"href":"https:\/\/www.europesays.com\/es\/wp-json\/wp\/v2\/categories?post=273896"},{"taxonomy":"post_tag","embeddable":true,"href":"https:\/\/www.europesays.com\/es\/wp-json\/wp\/v2\/tags?post=273896"}],"curies":[{"name":"wp","href":"https:\/\/api.w.org\/{rel}","templated":true}]}}