{"id":273898,"date":"2025-12-06T08:45:08","date_gmt":"2025-12-06T08:45:08","guid":{"rendered":"https:\/\/www.europesays.com\/es\/273898\/"},"modified":"2025-12-06T08:45:08","modified_gmt":"2025-12-06T08:45:08","slug":"aitana-y-amaia-vuelven-a-operacion-triunfo-y-confiesan-envidias-tu-eras-la-guay-y-yo-el-producto","status":"publish","type":"post","link":"https:\/\/www.europesays.com\/es\/273898\/","title":{"rendered":"Aitana y Amaia vuelven a \u2018Operaci\u00f3n Triunfo\u2019 y confiesan envidias: \u201cT\u00fa eras la guay y yo el producto\u201d"},"content":{"rendered":"<p class=\"\">Sorpresa en \u2018Operaci\u00f3n Triunfo\u2019 para los m\u00e1s nost\u00e1lgicos. Y es que Aitana Oca\u00f1a y Amaia Romero <b>han regresado juntas a la Academia ocho a\u00f1os despu\u00e9s de su participaci\u00f3n<\/b> para visitar a los concursantes de la actual edici\u00f3n y sorprender a todos con sus particulares confesiones. \u201cEstamos nerviosas, para nosotras esto es m\u00e1s que cualquier cosa\u201d, comentaba Aitana minutos antes de entrar en las instalaciones ubicadas en el Parc Audiovisual de Catalunya (Terrasa).<\/p>\n<p class=\"\">Las dos j\u00f3venes cantantes comenzaron su intervenci\u00f3n en \u2018OT 2025\u2032 hablando sobre la competitividad que se cre\u00f3 en torno a ellas nada m\u00e1s finalizar el concurso. \u201cEl otro d\u00eda nos dijimos por primera vez que nos hab\u00edamos tenido envidia\u201d, expresaba Amaia ante el desconcierto de los all\u00ed presentes, Noem\u00ed Galera incluida. La de Pamplona<b> reconoci\u00f3 sentirse \u201cla perdedora\u201d frente al \u00e9xito de su compa\u00f1era<\/b>, haciendo referencia tambi\u00e9n a la ya conocida como \u201cla maldici\u00f3n del ganador de \u2018Operaci\u00f3n Triunfo\u2019\u201d. <\/p>\n<p>Envidias entre Amaia y Aitana<\/p>\n<p class=\"\">\u201cT\u00fa eras la guay y yo el producto\u201d, respond\u00eda Aitana. \u201cNosotras nos llev\u00e1bamos superbien, pero tambi\u00e9n creaban esa rivalidad fuera. <b>Dec\u00edan que yo no era tan m\u00fasico como Amaia, pero con los a\u00f1os nos hemos dado cuenta de que no tiene ning\u00fan sentido. <\/b>Me pareci\u00f3 supersano que nos lo dij\u00e9ramos porque era algo de lo que no se hablaba\u201d, a\u00f1adi\u00f3 la int\u00e9rprete de \u2018Superestrella\u2019.<\/p>\n<p class=\"\">\u201cLas dos<b> somos muy felices con lo que hacemos, nadie es m\u00e1s que nadie.<\/b> El triunfo est\u00e1 en la felicidad con lo que hag\u00e1is cuando salg\u00e1is de aqu\u00ed\u201d, insisti\u00f3 Aitana ante unos concursantes que muy pronto podr\u00edan verse en la misma situaci\u00f3n que ellas. \u201cSe generaban unas toxicidades, pero no solo con Aitana, sino que era en general\u201d, aport\u00f3 por su parte Amaia. <\/p>\n<p>Noticias relacionadas<a href=\"https:\/\/as.com\/tikitakas\/famosos\/aitana-confiesa-como-empezo-su-relacion-con-plex-le-escribi-yo-primero-f202511-n\/\" class=\"s_m_w\" title=\"La cantante se sincera con Ibai Llanos sobre el inicio de su historia de amor con el famoso creador de contenido. \" data-tb-link=\"\" rel=\"nofollow noopener\" target=\"_blank\"><img decoding=\"async\" src=\"https:\/\/www.europesays.com\/es\/wp-content\/uploads\/2025\/12\/6IKE4WHXFJH27KI6G7LDK7V45I.png\" alt=\"Aitana confiesa c\u00f3mo empez\u00f3 su relaci\u00f3n con Plex: \u201cLe escrib\u00ed yo primero\u201d \" class=\"\" height=\"9\" width=\"16\"   loading=\"lazy\" data-tb-thumbnail=\"\"\/><\/a><a href=\"https:\/\/as.com\/tikitakas\/musica\/entradas-para-los-conciertos-de-aitana-a-que-hora-salen-a-la-venta-fechas-precios-lugares-y-donde-comprar-hoy-f202510-n\/\" class=\"s_m_w\" title=\"La cantante catalana da el salto definitivo en su carrera musical con su gira m\u00e1s ambiciosa hasta la fecha. \" data-tb-link=\"\" rel=\"nofollow noopener\" target=\"_blank\"><img decoding=\"async\" src=\"https:\/\/www.europesays.com\/es\/wp-content\/uploads\/2025\/12\/OLXCDDINYFBZZEB2EBD56OB2LU.jpg\" alt=\"Aitana anuncia las fechas de su \u2018Cuarto Azul World Tour\u2019: ciudades, pa\u00edses y c\u00f3mo comprar entradas\" class=\"\" height=\"9\" width=\"16\"   loading=\"lazy\" data-tb-thumbnail=\"\"\/><\/a><\/p>\n<p class=\"\">\u201cLo que queremos decir es que sin querer, va a haber un poco de competitividad. No pens\u00e9is que vuestros compa\u00f1eros est\u00e1n triunfando m\u00e1s que vosotros porque<b> con el tiempo te das cuenta de que es muy t\u00f3xico<\/b>\u201d, concluyeron las dos amigas.<\/p>\n<p class=\"\"><b>\u00a1Tus opiniones importan!<\/b> Comenta en los art\u00edculos y suscr\u00edbete gratis a nuestra <a href=\"https:\/\/asfan.as.com\/newsletters\/\" target=\"_blank\" rel=\"nofollow noopener\" title=\"https:\/\/asfan.as.com\/newsletters\/\">newsletter<\/a> y a las alertas informativas en la <a href=\"https:\/\/as.com\/aplicacion-de-as-n\/\" target=\"_blank\" rel=\"nofollow noopener\" title=\"https:\/\/as.com\/aplicacion-de-as-n\/\">App<\/a> o el canal de <a href=\"https:\/\/www.whatsapp.com\/channel\/0029VaAasdA7j6g745nz9M10\" target=\"_blank\" rel=\"nofollow noopener\" title=\"https:\/\/www.whatsapp.com\/channel\/0029VaAasdA7j6g745nz9M10\">WhatsApp<\/a>. \u00bfBuscas licenciar contenido? Haz clic <a href=\"https:\/\/profesional.elpais.com\/landing-sindicacion?utm_medium=interno&amp;utm_source=crosslinking&amp;utm_campaign=sindicacion_as_pie_articulos\" target=\"_blank\" rel=\"nofollow noopener\" title=\"https:\/\/profesional.elpais.com\/landing-sindicacion?utm_medium=interno&amp;utm_source=crosslinking&amp;utm_campaign=sindicacion_as_pie_articulos\">aqu\u00ed<\/a><\/p>\n","protected":false},"excerpt":{"rendered":"Sorpresa en \u2018Operaci\u00f3n Triunfo\u2019 para los m\u00e1s nost\u00e1lgicos. Y es que Aitana Oca\u00f1a y Amaia Romero han regresado&hellip;\n","protected":false},"author":2,"featured_media":273899,"comment_status":"","ping_status":"","sticky":false,"template":"","format":"standard","meta":{"footnotes":""},"categories":[171],"tags":[146,147,25,24,23,214],"class_list":{"0":"post-273898","1":"post","2":"type-post","3":"status-publish","4":"format-standard","5":"has-post-thumbnail","7":"category-tv","8":"tag-entertainment","9":"tag-entretenimiento","10":"tag-es","11":"tag-espana","12":"tag-spain","13":"tag-tv"},"share_on_mastodon":{"url":"","error":""},"_links":{"self":[{"href":"https:\/\/www.europesays.com\/es\/wp-json\/wp\/v2\/posts\/273898","targetHints":{"allow":["GET"]}}],"collection":[{"href":"https:\/\/www.europesays.com\/es\/wp-json\/wp\/v2\/posts"}],"about":[{"href":"https:\/\/www.europesays.com\/es\/wp-json\/wp\/v2\/types\/post"}],"author":[{"embeddable":true,"href":"https:\/\/www.europesays.com\/es\/wp-json\/wp\/v2\/users\/2"}],"replies":[{"embeddable":true,"href":"https:\/\/www.europesays.com\/es\/wp-json\/wp\/v2\/comments?post=273898"}],"version-history":[{"count":0,"href":"https:\/\/www.europesays.com\/es\/wp-json\/wp\/v2\/posts\/273898\/revisions"}],"wp:featuredmedia":[{"embeddable":true,"href":"https:\/\/www.europesays.com\/es\/wp-json\/wp\/v2\/media\/273899"}],"wp:attachment":[{"href":"https:\/\/www.europesays.com\/es\/wp-json\/wp\/v2\/media?parent=273898"}],"wp:term":[{"taxonomy":"category","embeddable":true,"href":"https:\/\/www.europesays.com\/es\/wp-json\/wp\/v2\/categories?post=273898"},{"taxonomy":"post_tag","embeddable":true,"href":"https:\/\/www.europesays.com\/es\/wp-json\/wp\/v2\/tags?post=273898"}],"curies":[{"name":"wp","href":"https:\/\/api.w.org\/{rel}","templated":true}]}}