{"id":273900,"date":"2025-12-06T08:46:14","date_gmt":"2025-12-06T08:46:14","guid":{"rendered":"https:\/\/www.europesays.com\/es\/273900\/"},"modified":"2025-12-06T08:46:14","modified_gmt":"2025-12-06T08:46:14","slug":"el-talento-majorero-brillo-anoche-en-la-septima-edicion-de-los-premios-canarios-de-la-musica","status":"publish","type":"post","link":"https:\/\/www.europesays.com\/es\/273900\/","title":{"rendered":"El talento majorero brill\u00f3 anoche en la s\u00e9ptima edici\u00f3n de los Premios Canarios de la M\u00fasica"},"content":{"rendered":"<p style=\"text-align: justify;\"><strong><img decoding=\"async\" itemprop=\"image\" src=\"\/images\/2025\/12\/594975557_1382473013921376_2409034477535763616_n.webp\"\/><\/strong><\/p>\n<p>&#13;<\/p>\n<p style=\"text-align: justify;\"><strong>Domingo Rodr\u00edguez, \u2018El Colorao\u2019, y su hija, Julia Rodr\u00edguez, se alzaron con un total de 3 galardones<\/strong><\/p>\n<p>&#13;<br \/>\n &#13;<\/p>\n<p style=\"text-align: justify;\">\u00a0<\/p>\n<p>&#13;<\/p>\n<li class=\"texto\"> Redacci\u00f3n NoticiasFuerteventura<\/li>\n<p>&#13;<\/p>\n<p style=\"text-align: justify;\">\u00a0<\/p>\n<p>&#13;<\/p>\n<p style=\"font-weight: 400; text-align: justify;\">La noche lagunera ha logrado alinear los planetas para que el apellido de una de las sagas familiares m\u00e1s populares y respetadas de la isla de Fuerteventura, los Rodr\u00edguez, siga perpetu\u00e1ndose sobre los escenarios de la m\u00fasica de Canarias.<\/p>\n<p>&#13;<\/p>\n<p style=\"text-align: justify;\">\u00a0<\/p>\n<p>&#13;<\/p>\n<p style=\"text-align: justify;\">La s\u00e9ptima edici\u00f3n de los Premios Canarios de la M\u00fasica, cuya gala de entrega acaba de concluir en el Teatro Leal de Laguna organizada por la Asociaci\u00f3n Premios Canarios de la M\u00fasica y la Radio Canaria, ha galardonado a la joven cantante y timplista majorera Julia Rodr\u00edguez con dos de las m\u00e1s significadas nominaciones, la de Artista Revelaci\u00f3n y la de Mejor Disco de M\u00fasicas de Ra\u00edz, por su trabajo \u2018Hacia la vida\u2019. Igualmente, su padre, el respetado y admirado timplista Domingo Rodr\u00edguez, \u2018El Colorao\u2019, fue designado en esta ocasi\u00f3n Premio de Honor por su impecable trayectoria y carrera art\u00edstica en la que no ha cesado de reinventar los sonidos de ra\u00edz de la m\u00fasica popular de Canarias.<\/p>\n<p>&#13;<\/p>\n<p style=\"text-align: justify;\">\u00a0<\/p>\n<p>&#13;<\/p>\n<p style=\"text-align: justify;\">La gala celebrada en el coqueto coliseo lagunero que present\u00f3 un lleno absoluto, coron\u00f3 asimismo, entre otros, a la cantante y compositora palmera Valeria Castro con el premio a la Mejor Canci\u00f3n del A\u00f1o por su tema \u2018El borde del mundo\u2019, compuesto para el exitoso largometraje \u2018El 47\u2019 del director Marcel Barrena; al int\u00e9rprete tinerfe\u00f1o Pedro Guerra con el premio Mejor Disco de Pop por el volumen dos de su proyecto \u2018Parceiros\u2019 en el que re\u00fane a m\u00e1s de 36 artistas en d\u00faos y colaboraciones; al contrabajista grancanario Carlos Meneses con el premio de Mejor Discos de Jazz por su trabajo \u2018Collabs\u2019, un proyecto que re\u00fane a m\u00e1s de diez m\u00fasicos de reconocido prestigio internacional; al rapero tinerfe\u00f1o Cruz Cafun\u00e9 como Mejor Disco de M\u00fasicas Urbanas por \u2018blu\u20acs (d\u20aclux\u20ac)\u2019\u00a0en el\u00a0que fusiona estilos como el sexy drill, el jerk, el dancehall y tambi\u00e9n el blues, y al solista y compositor jordano radicado en Canarias desde hace a\u00f1os, Said Muti, que con su elep\u00e9 \u2018Criminales del sue\u00f1o\u2019 como Mejor Disco de Rock, repite premio tras su reciente nominaci\u00f3n en los \u2018Click and roll\u2019 de LOS40 Canarias.<\/p>\n<p>&#13;<\/p>\n<p style=\"text-align: justify;\">\u00a0<\/p>\n<p>&#13;<\/p>\n<p style=\"text-align: justify;\">Los Premios Canarios de la M\u00fasica que, impulsados por la Asociaci\u00f3n Premios Canarios de la M\u00fasica y la Radio Canaria, cuentan con la colaboraci\u00f3n del Gobierno de Canarias, el Ayuntamiento de San Crist\u00f3bal de La Laguna y el Teatro Leal, as\u00ed como con el patrocinio de Munchitos, Mahou, Ballantine\u2019s y St Petroni, regresaban al Teatro Leal de La Laguna en donde tuvieron lugar en sus dos primeras ediciones celebradas en 2018 y 2019.<\/p>\n<p>&#13;<\/p>\n<p style=\"text-align: justify;\">\u00a0<\/p>\n<p>&#13;<\/p>\n<p style=\"text-align: justify;\">Con producci\u00f3n art\u00edstica del director esc\u00e9nico Israel Reyes y conducida por el presentador de la Radio Canaria, Tom\u00e1s Galv\u00e1n, y la actriz y cineasta Mercedes Ortega, durante el transcurso de la ceremonia que alcanz\u00f3 casi las dos horas de duraci\u00f3n fueron jalon\u00e1ndose las apariciones de la cantante y compositora Nia, ganadora de la und\u00e9cima edici\u00f3n del concurso televisivo Operaci\u00f3n Triunfo y representante de Espa\u00f1a en el Festival Internacional de la Canci\u00f3n de Vi\u00f1a del Mar, que abri\u00f3 la gala para luego dar paso a las actuaciones de Xerax, Ale Acosta, Said Muti y Julia Rodr\u00edguez.<\/p>\n<p>&#13;<\/p>\n<p style=\"text-align: justify;\">\u00a0<\/p>\n<p>&#13;<\/p>\n<p style=\"text-align: justify;\">Entre los muchos rostros conocidos que acudieron a la noche de los Premios Canarios de la M\u00fasica se vieron los de la consejera de Universidades, Ciencia e Innovaci\u00f3n y Cultura del Gobierno de Canarias, Migdalia Mach\u00edn, y su vicenconsejero de Cultura y Patrimonio Cultural, Horacio Umpi\u00e9rrez, el rector de la ULL, Francisco Javier Garc\u00eda, el concejal de Cultura de La Laguna, Adri\u00e1n del Castillo, los consejeros de Cultura del Cabildo de Fuerteventura y del El Hierro, Rayco Le\u00f3n y Rub\u00e9n Armiche Ben\u00edtez, respectivamente, los compositores Laura Vega, Julio Tejera y Teddy Bautista, los m\u00fasicos Germ\u00e1n Arias, Yul Ballesteros, Alba Gil Aceytuno y Aldara, entre otros muchos.<\/p>\n<p>&#13;<\/p>\n<p style=\"text-align: justify;\">\u00a0<\/p>\n<p>&#13;<\/p>\n<p style=\"text-align: justify;\">El presidente de la Asociaci\u00f3n Premios Canarios de la M\u00fasica, Lisandro Rodr\u00edguez, se dirigi\u00f3 al p\u00fablico al iniciarse la ceremonia para destacar el trabajo del sector \u201cque durante un a\u00f1o trabaja para ofrecernos lo m\u00e1s preciado que pueden compartir con el p\u00fablico isle\u00f1o: sus canciones\u201d, dijo. Rodr\u00edguez, que puso en valor el esfuerzo, talento y la calidad del trabajo de los creadores, lamento que en Canarias \u201clas programaciones musicales han convertido la cultura en espacios de simple ocio y entretenimiento\u201d.<\/p>\n<p>&#13;<\/p>\n<p style=\"text-align: justify;\">\u00a0<\/p>\n<p>&#13;<\/p>\n<p style=\"text-align: justify;\">Asimismo, solicit\u00f3 que los Cabildos y ayuntamientos de Canarias \u201capuesten por artistas locales\u201d para equilibrar un d\u00e9ficit que se manifiesta en la inversi\u00f3n de dinero p\u00fablico que se realiza en la contrataci\u00f3n de artistas for\u00e1neos en festivales \u201cmientras que los presupuestos destinados a la creaci\u00f3n isle\u00f1a son irrisorios\u201d, agreg\u00f3. \u201cUna cultura e identidad se protege creando nuevo patrimonio cultural, propiciando que m\u00fasicos, actores, pintores, escultores, escritores y dem\u00e1s creadores canarios puedan trabajar y vivir dignamente de su trabajo\u201d, concluy\u00f3 Rodr\u00edguez.<\/p>\n<p>&#13;<\/p>\n<p style=\"text-align: justify;\">\u00a0<\/p>\n<p>&#13;<\/p>\n<p style=\"text-align: justify;\"><strong>Resto de premiados<\/strong><\/p>\n<p>&#13;<\/p>\n<p style=\"text-align: justify;\">\u00a0<\/p>\n<p>&#13;<\/p>\n<p style=\"text-align: justify;\">Los restantes artistas premiados de la m\u00fasica canaria durante el a\u00f1o 2024, escogidos por un jurado compuesto por 81 miembros \u2014entre artistas, periodistas, productores, t\u00e9cnicos y programadores culturales\u2014, son Maite Artajo al Mejor Videoclip realizado para la promo del tema \u2018Marioneta de la luna\u2019 de la cantante Julia Rodr\u00edguez; Carlos Arocha al Mejor Dise\u00f1o por su trabajo en el disco \u2018Criminales del sue\u00f1o\u2019, de Said Muti; Alberto \u2018Naranja\u2019 M\u00e9ndez como Mejor T\u00e9cnico de Sonido; la la empresa tinerfe\u00f1a Superstereo Recording Studio como Mejor Estudio de Grabaci\u00f3n; el Herofest El Hierro,\u00a0el festival m\u00e1s occidental de Europa como Mejor Programaci\u00f3n Musical Canaria; la Orquesta Universitaria Maestro Valle creada en el a\u00f1o 2009 como Mejor Labor en M\u00fasicas Cl\u00e1sicas y Musicaf\u00e9 Podcast que realizan Javi Brichis y Ale Gonz\u00e1lez a la Mejor Labor de Difusi\u00f3n.<\/p>\n<p>&#13;<\/p>\n<p style=\"text-align: justify;\">\u00a0<\/p>\n<p>&#13;<\/p>\n<p style=\"text-align: justify;\">El talento y el ingenio de la quincena de artistas y profesionales vinculados al sector de la m\u00fasica de Canarias premiados en las 14 categor\u00edas contempladas en la convocatoria que impulsa la Asociaci\u00f3n Premios Canarios de la M\u00fasica, pone de manifiesto la pujanza e importancia de un sector cultural que en las islas ha generado aproximadamente 65 millones de euros este a\u00f1o 2025 y creado alrededor de 842 empleos anuales.<\/p>\n<p>&#13;<\/p>\n<p style=\"text-align: justify;\">\u00a0<\/p>\n<p>&#13;<\/p>\n<p style=\"text-align: justify;\">La Radio Canaria ofreci\u00f3 en streaming la ceremonia y un programa especial un programa especial que, conducido por C\u00e9 Castro, ofreci\u00f3 entrevistas en directo con buena parte de los nominados que desfilaron por la alfombra roja de esta s\u00e9ptima edici\u00f3n.\u00a0 Asimismo, la Televisi\u00f3n Canaria grab\u00f3 en su totalidad la gala, que ser\u00e1 emitida pr\u00f3ximamente por dicha cadena.<\/p>\n","protected":false},"excerpt":{"rendered":"&#13; Domingo Rodr\u00edguez, \u2018El Colorao\u2019, y su hija, Julia Rodr\u00edguez, se alzaron con un total de 3 galardones&hellip;\n","protected":false},"author":2,"featured_media":273901,"comment_status":"","ping_status":"","sticky":false,"template":"","format":"standard","meta":{"footnotes":""},"categories":[170],"tags":[146,147,25,24,184,185,23],"class_list":{"0":"post-273900","1":"post","2":"type-post","3":"status-publish","4":"format-standard","5":"has-post-thumbnail","7":"category-musica","8":"tag-entertainment","9":"tag-entretenimiento","10":"tag-es","11":"tag-espana","12":"tag-music","13":"tag-musica","14":"tag-spain"},"share_on_mastodon":{"url":"https:\/\/pubeurope.com\/@es\/115671753786254380","error":""},"_links":{"self":[{"href":"https:\/\/www.europesays.com\/es\/wp-json\/wp\/v2\/posts\/273900","targetHints":{"allow":["GET"]}}],"collection":[{"href":"https:\/\/www.europesays.com\/es\/wp-json\/wp\/v2\/posts"}],"about":[{"href":"https:\/\/www.europesays.com\/es\/wp-json\/wp\/v2\/types\/post"}],"author":[{"embeddable":true,"href":"https:\/\/www.europesays.com\/es\/wp-json\/wp\/v2\/users\/2"}],"replies":[{"embeddable":true,"href":"https:\/\/www.europesays.com\/es\/wp-json\/wp\/v2\/comments?post=273900"}],"version-history":[{"count":0,"href":"https:\/\/www.europesays.com\/es\/wp-json\/wp\/v2\/posts\/273900\/revisions"}],"wp:featuredmedia":[{"embeddable":true,"href":"https:\/\/www.europesays.com\/es\/wp-json\/wp\/v2\/media\/273901"}],"wp:attachment":[{"href":"https:\/\/www.europesays.com\/es\/wp-json\/wp\/v2\/media?parent=273900"}],"wp:term":[{"taxonomy":"category","embeddable":true,"href":"https:\/\/www.europesays.com\/es\/wp-json\/wp\/v2\/categories?post=273900"},{"taxonomy":"post_tag","embeddable":true,"href":"https:\/\/www.europesays.com\/es\/wp-json\/wp\/v2\/tags?post=273900"}],"curies":[{"name":"wp","href":"https:\/\/api.w.org\/{rel}","templated":true}]}}