{"id":273902,"date":"2025-12-06T08:47:09","date_gmt":"2025-12-06T08:47:09","guid":{"rendered":"https:\/\/www.europesays.com\/es\/273902\/"},"modified":"2025-12-06T08:47:09","modified_gmt":"2025-12-06T08:47:09","slug":"la-nueva-de-avatar-y-otras-de-las-peliculas-de-estreno-mas-esperadas-en-diciembre-el-pais-expres","status":"publish","type":"post","link":"https:\/\/www.europesays.com\/es\/273902\/","title":{"rendered":"La nueva de \u2018Avatar\u2019 y otras de las pel\u00edculas de estreno m\u00e1s esperadas en diciembre | El PA\u00cdS Expr\u00e9s"},"content":{"rendered":"<p><img fetchpriority=\"high\" decoding=\"auto\" class=\"_re  a_m-h\" height=\"414\"  width=\"414\"  src=\"https:\/\/www.europesays.com\/es\/wp-content\/uploads\/2025\/12\/WSIWJDO4N5G7VN4SS56NPNNHBU.png\" loading=\"eager\"\/><\/p>\n<p class=\"\">Diciembre es un buen mes para la cartelera, tanto en cines como en casa. Este mes se estrenan algunas pelis muy esperadas y otras perfectas para pasar las fiestas en familia. <\/p>\n<ul>\n<li><b>Golpes<\/b><b>.<\/b> Un thriller adrenal\u00ednico con Luis Tosar y Jes\u00fas Carroza, que interpretan a dos hermanos enfrentados en una historia con mucha acci\u00f3n (este viernes, en salas). <\/li>\n<li><b>Pu\u00f1ales por la espalda: De entre los muertos<\/b><b>.<\/b> La tercera entrega de esta saga que tiene como protagonista a Daniel Craig en la piel de un detective (el 12, en Netflix). <\/li>\n<li><b>Valor sentimental<\/b><b>.<\/b> La nueva pel\u00edcula de Joachim Trier (La peor persona del mundo) parece caminar directa a la carrera al Oscar. En este drama, un viejo director le pide a una de sus dos hijas abandonadas que protagonice su \u00faltima pel\u00edcula (el 5, en salas). <\/li>\n<li><b>Avatar: fuego y cenizas.<\/b> La tercera entrega de esta superproducci\u00f3n descubre una nueva tribu en Pandora, la del fuego, mientras que la batalla por el planeta contra los humanos crece (el 19, en salas). <\/li>\n<li><b>Adi\u00f3s, Jane.<\/b> Kate Winslet se pasa a la direcci\u00f3n con una pel\u00edcula de Navidad que re\u00fane a cuatro hermanas que en los \u00faltimos d\u00edas del a\u00f1o despiden a su madre ingresada en el hospital (el 24, en Netflix). <\/li>\n<\/ul>\n<p class=\"\"><a href=\"https:\/\/elpais.com\/cultura\/cine\/2025-12-05\/la-nueva-avatar-valor-sentimental-el-debut-de-kate-winslet-como-directora-y-otras-de-las-peliculas-de-estreno-mas-esperadas-de-diciembre.html\" target=\"_self\" rel=\"nofollow noopener\" title=\"https:\/\/elpais.com\/cultura\/cine\/2025-12-05\/la-nueva-avatar-valor-sentimental-el-debut-de-kate-winslet-como-directora-y-otras-de-las-peliculas-de-estreno-mas-esperadas-de-diciembre.html\">Si quieres saber m\u00e1s, puedes leer aqu\u00ed. <\/a><\/p>\n","protected":false},"excerpt":{"rendered":"Diciembre es un buen mes para la cartelera, tanto en cines como en casa. Este mes se estrenan&hellip;\n","protected":false},"author":2,"featured_media":273903,"comment_status":"","ping_status":"","sticky":false,"template":"","format":"standard","meta":{"footnotes":""},"categories":[169],"tags":[1014,1015,177,146,147,25,24,176,175,152,753,23],"class_list":{"0":"post-273902","1":"post","2":"type-post","3":"status-publish","4":"format-standard","5":"has-post-thumbnail","7":"category-cine","8":"tag-actores","9":"tag-actrices","10":"tag-cine","11":"tag-entertainment","12":"tag-entretenimiento","13":"tag-es","14":"tag-espana","15":"tag-film","16":"tag-movies","17":"tag-netflix","18":"tag-peliculas","19":"tag-spain"},"share_on_mastodon":{"url":"https:\/\/pubeurope.com\/@es\/115671757782475984","error":""},"_links":{"self":[{"href":"https:\/\/www.europesays.com\/es\/wp-json\/wp\/v2\/posts\/273902","targetHints":{"allow":["GET"]}}],"collection":[{"href":"https:\/\/www.europesays.com\/es\/wp-json\/wp\/v2\/posts"}],"about":[{"href":"https:\/\/www.europesays.com\/es\/wp-json\/wp\/v2\/types\/post"}],"author":[{"embeddable":true,"href":"https:\/\/www.europesays.com\/es\/wp-json\/wp\/v2\/users\/2"}],"replies":[{"embeddable":true,"href":"https:\/\/www.europesays.com\/es\/wp-json\/wp\/v2\/comments?post=273902"}],"version-history":[{"count":0,"href":"https:\/\/www.europesays.com\/es\/wp-json\/wp\/v2\/posts\/273902\/revisions"}],"wp:featuredmedia":[{"embeddable":true,"href":"https:\/\/www.europesays.com\/es\/wp-json\/wp\/v2\/media\/273903"}],"wp:attachment":[{"href":"https:\/\/www.europesays.com\/es\/wp-json\/wp\/v2\/media?parent=273902"}],"wp:term":[{"taxonomy":"category","embeddable":true,"href":"https:\/\/www.europesays.com\/es\/wp-json\/wp\/v2\/categories?post=273902"},{"taxonomy":"post_tag","embeddable":true,"href":"https:\/\/www.europesays.com\/es\/wp-json\/wp\/v2\/tags?post=273902"}],"curies":[{"name":"wp","href":"https:\/\/api.w.org\/{rel}","templated":true}]}}