{"id":273904,"date":"2025-12-06T08:48:18","date_gmt":"2025-12-06T08:48:18","guid":{"rendered":"https:\/\/www.europesays.com\/es\/273904\/"},"modified":"2025-12-06T08:48:18","modified_gmt":"2025-12-06T08:48:18","slug":"trump-es-agasajado-en-sorteo-del-mundial-y-acepta-con-orgullo-un-premio-de-la-paz","status":"publish","type":"post","link":"https:\/\/www.europesays.com\/es\/273904\/","title":{"rendered":"Trump es agasajado en sorteo del Mundial y acepta con orgullo un Premio de la Paz"},"content":{"rendered":"<p>    <img src=\"https:\/\/www.europesays.com\/es\/wp-content\/uploads\/2025\/12\/2025-12-05T123A223A38Z-90589914.jpg\" width=\"1024\" height=\"576\" alt=\"\" loading=\"eager\" decoding=\"sync\" fetchpriority=\"high\"\/><\/p>\n<p>            afp_tickers        <\/p>\n<p>        Este contenido fue publicado en    <\/p>\n<p>        05 diciembre 2025 &#8211; 23:49\n<\/p>\n<p>Aunque el f\u00fatbol no es su pasi\u00f3n, el presidente Donald Trump acept\u00f3 con gusto el protagonismo en el sorteo del Mundial de 2026 este viernes en Washington, donde recibi\u00f3 un voluminoso Premio de la Paz de la FIFA.<\/p>\n<p>Su amigo el patr\u00f3n de la FIFA, Gianni Infantino, propuso oportunamente este nuevo galard\u00f3n justo antes del Mundial que organizan Estados Unidos, M\u00e9xico y Canad\u00e1, para rendir homenaje a una personalidad que opere en favor de la concordia mundial.<\/p>\n<p>Es \u00abuno de los grandes honores de mi vida\u00bb, declar\u00f3 el l\u00edder republicano, que este a\u00f1o ha liderado hasta ocho negociaciones diplom\u00e1ticas para acabar con conflictos armados en todo el mundo.<\/p>\n<p>\u00abM\u00e1s all\u00e1 de premios, salvamos millones de vidas\u00bb, asegur\u00f3 Trump. \u00abEl mundo es un lugar m\u00e1s seguro ahora\u00bb.<\/p>\n<p>La distinci\u00f3n fue entregada en el Kennedy Center en Washington, frente a una audiencia televisiva de millones de personas.<\/p>\n<p>Sonriente, Trump acept\u00f3 con gusto un trofeo dorado, como a \u00e9l le gusta, y m\u00e1s voluminoso que la propia Copa del Mundo, con su nombre escrito flamantemente en la base.<\/p>\n<p>\u00abAqu\u00ed tiene tambi\u00e9n una medalla que puede llevar donde quiera\u00bb, a\u00f1adi\u00f3 Infantino. Trump no dud\u00f3 en colg\u00e1rsela al cuello.<\/p>\n<p>\u2013 Bailar con \u00abY.M.C.A\u00bb \u2013<\/p>\n<p>Luego intervino el grupo musical Village People, cuyo \u00e9xito m\u00e1s conocido, \u00abY.M.C.A.\u00bb, fue la banda sonora de su espectacular triunfo electoral hace poco m\u00e1s de un a\u00f1o.<\/p>\n<p>Trump se levant\u00f3 en su palco para bailar al son de la canci\u00f3n, una danza casi rob\u00f3tica que se ha convertido en un emblema.<\/p>\n<p>Tan contento estaba que hasta se permiti\u00f3 pensar en voz alta sobre la conveniencia de cambiarle el nombre al football americano, que confunde a algunos aficionados.<\/p>\n<p>\u00abTenemos un peque\u00f1o conflicto con otra cosa que se llama football (\u2026). Hay que encontrar otro nombre para todo lo que tenga que ver con la NFL (National Football League), el campeonato de football americano\u00bb, dijo el presidente.<\/p>\n<p>A Trump el deporte que le apasiona de verdad es el golf, pero es tambi\u00e9n aficionado a otras pr\u00e1cticas m\u00e1s en\u00e9rgicas, como el boxeo o las artes marciales mixtas.<\/p>\n<p>\u2013 El \u00abpase FIFA\u00bb \u2013<\/p>\n<p>Desde el momento en que Estados Unidos entr\u00f3 en la competencia en 2017, durante su primer mandato, para organizar el Mundial 2026, Trump empez\u00f3 a descubrir el enorme potencial diplom\u00e1tico y de relaciones p\u00fablicas que supon\u00eda la cita del deporte m\u00e1s popular.<\/p>\n<p>El turismo internacional baj\u00f3 apreciablemente en Estados Unidos desde el inicio de su segunda administraci\u00f3n, seg\u00fan datos oficiales, a causa del endurecimiento de los controles en las fronteras.<\/p>\n<p>Trump quiere hacer de esta competici\u00f3n, al igual que de los Juegos Ol\u00edmpicos de Los \u00c1ngeles en 2028, vitrinas de su \u00abedad de oro de Am\u00e9rica\u00bb.\u00a0<\/p>\n<p>Falta que los aficionados, en particular de aquellos pa\u00edses que no disponen de acuerdos bilaterales de turismo con Estados Unidos, puedan venir sin excesivos problemas.<\/p>\n<p>Trump ha anunciado la implementaci\u00f3n de un \u00abpase FIFA\u00bb que permitir\u00e1 a cualquier poseedor de una entrada para un partido de la Copa del Mundo tener m\u00e1s facilidades para llegar a Estados Unidos.<\/p>\n<p>Sin embargo, \u00absu entrada no es un visado\u00bb, advirti\u00f3 el jefe de la diplomacia estadounidense, Marco Rubio.\u00a0<\/p>\n<p>Durante la final del Mundial de Clubes a mediados de a\u00f1o, cerca de Nueva York, Trump se mostr\u00f3 orgulloso en la entrega del trofeo y lo mantuvo en exhibici\u00f3n en el Despacho Oval durante varios meses.<\/p>\n<p>\u2013 Negociaciones con M\u00e9xico y Canad\u00e1 \u2013<\/p>\n<p>El sorteo de la mayor cita del balompi\u00e9 fue tambi\u00e9n una oportunidad para reunirse por primera vez con la presidenta de M\u00e9xico, Claudia Sheinbaum, cuyo pa\u00eds organiza el Mundial junto a Estados Unidos y Canad\u00e1.<\/p>\n<p>Las tres naciones mantienen \u00e1speros diferendos en t\u00e9rminos comerciales o de seguridad, pero para la organizaci\u00f3n de la Copa del Mundo todo funciona sobre ruedas, asegur\u00f3 Trump.<\/p>\n<p>\u00abHemos trabajado estrechamente con estos dos pa\u00edses, y la coordinaci\u00f3n, la amistad y la relaci\u00f3n han sido extraordinarias\u00bb, dijo el presidente en el escenario del sorteo.<\/p>\n<p>\u00abHablamos de la gran oportunidad que representa la Copa Mundial de F\u00fatbol 2026 para los tres pa\u00edses y de la buena relaci\u00f3n que tenemos\u00bb, reaccion\u00f3 por su parte Sheinbaum en X.<\/p>\n<p>jz\/raa\/<\/p>\n","protected":false},"excerpt":{"rendered":"afp_tickers Este contenido fue publicado en 05 diciembre 2025 &#8211; 23:49 Aunque el f\u00fatbol no es su pasi\u00f3n,&hellip;\n","protected":false},"author":2,"featured_media":273905,"comment_status":"","ping_status":"","sticky":false,"template":"","format":"standard","meta":{"footnotes":""},"categories":[93],"tags":[168,83,25,24,86,88,281,23,3020,167,28841,90,35245],"class_list":{"0":"post-273904","1":"post","2":"type-post","3":"status-publish","4":"format-standard","5":"has-post-thumbnail","7":"category-deportes","8":"tag-deportes","9":"tag-diplomacy","10":"tag-es","11":"tag-espana","12":"tag-international-relations","13":"tag-politics","14":"tag-soccer","15":"tag-spain","16":"tag-sport","17":"tag-sports","18":"tag-sports-event","19":"tag-ticker","20":"tag-world-championship"},"share_on_mastodon":{"url":"https:\/\/pubeurope.com\/@es\/115671761506080074","error":""},"_links":{"self":[{"href":"https:\/\/www.europesays.com\/es\/wp-json\/wp\/v2\/posts\/273904","targetHints":{"allow":["GET"]}}],"collection":[{"href":"https:\/\/www.europesays.com\/es\/wp-json\/wp\/v2\/posts"}],"about":[{"href":"https:\/\/www.europesays.com\/es\/wp-json\/wp\/v2\/types\/post"}],"author":[{"embeddable":true,"href":"https:\/\/www.europesays.com\/es\/wp-json\/wp\/v2\/users\/2"}],"replies":[{"embeddable":true,"href":"https:\/\/www.europesays.com\/es\/wp-json\/wp\/v2\/comments?post=273904"}],"version-history":[{"count":0,"href":"https:\/\/www.europesays.com\/es\/wp-json\/wp\/v2\/posts\/273904\/revisions"}],"wp:featuredmedia":[{"embeddable":true,"href":"https:\/\/www.europesays.com\/es\/wp-json\/wp\/v2\/media\/273905"}],"wp:attachment":[{"href":"https:\/\/www.europesays.com\/es\/wp-json\/wp\/v2\/media?parent=273904"}],"wp:term":[{"taxonomy":"category","embeddable":true,"href":"https:\/\/www.europesays.com\/es\/wp-json\/wp\/v2\/categories?post=273904"},{"taxonomy":"post_tag","embeddable":true,"href":"https:\/\/www.europesays.com\/es\/wp-json\/wp\/v2\/tags?post=273904"}],"curies":[{"name":"wp","href":"https:\/\/api.w.org\/{rel}","templated":true}]}}