{"id":273910,"date":"2025-12-06T08:53:09","date_gmt":"2025-12-06T08:53:09","guid":{"rendered":"https:\/\/www.europesays.com\/es\/273910\/"},"modified":"2025-12-06T08:53:09","modified_gmt":"2025-12-06T08:53:09","slug":"la-administracion-trump-advierte-a-europa-del-declive-civilizador-en-su-nueva-estrategia-de-seguridad-nacional","status":"publish","type":"post","link":"https:\/\/www.europesays.com\/es\/273910\/","title":{"rendered":"La Administraci\u00f3n Trump advierte a Europa del \u00abdeclive civilizador\u00bb en su nueva estrategia de seguridad nacional"},"content":{"rendered":"<p>La Administraci\u00f3n Trump ha publicado una <strong>nueva Estrategia de Seguridad Nacional para Estados Unidos<\/strong> en la que <a href=\"https:\/\/es.euronews.com\/2025\/12\/05\/rearme-la-apuesta-europea-por-su-industria-militar-irrita-a-washington\" rel=\"nofollow noopener\" target=\"_blank\">describe a Europa como un continente en declive<\/a>, advierte de que las naciones europeas se enfrentan a un \u00abborrado civilizatorio\u00bb debido a la migraci\u00f3n y propone \u00abcultivar la resistencia a la trayectoria actual de Europa dentro de las naciones europeas\u00bb.<\/p>\n<p>Publicada el viernes, la estrategia detalla la visi\u00f3n de la Administraci\u00f3n sobre el papel de Estados Unidos en el orden global, redoblando el mantra \u00abAm\u00e9rica primero\u00bb del presidente Donald Trump e insistiendo en que es un \u00abpresidente de paz\u00bb que <strong>pecar\u00e1 de no intervencionista.<\/strong><\/p>\n<p>Sin embargo, tambi\u00e9n acusa a los Gobiernos europeos de \u00absubversi\u00f3n de los procesos democr\u00e1ticos\u00bb y condena las instituciones supranacionales y multilaterales -entre ellas la <strong>Uni\u00f3n Europea<\/strong>&#8211; que, seg\u00fan dice, <strong>\u00absocavan la libertad y la soberan\u00eda pol\u00edticas\u00bb.<\/strong><\/p>\n<p>Tambi\u00e9n advierte de una \u00abcivilizaci\u00f3n\u00bb en Europa derivada de \u00ab<strong>pol\u00edticas migratorias<\/strong> que est\u00e1n transformando el continente y creando enfrentamientos, censura de la libertad de expresi\u00f3n y supresi\u00f3n de la oposici\u00f3n pol\u00edtica, tasas de natalidad que se desmoronan y p\u00e9rdida de identidades nacionales y de confianza en uno mismo\u00bb.<\/p>\n<p>Estas son ideas que la Administraci\u00f3n Trump y sus <strong>socios intelectuales<\/strong> han estado impulsando con fuerza en el frente interno. El tono, sin embargo, es inusualmente duro y es probable que irrite a los Gobiernos europeos.<\/p>\n<p>Trump y muchos de sus cargos y asesores se han quejado de lo que, seg\u00fan ellos, son esfuerzos por \u00abcensurar\u00bb las voces de derechas, <strong>han calificado de terroristas a los activistas de izquierdas y antifascistas<\/strong> y han prometido la \u00abdeportaci\u00f3n masiva\u00bb de inmigrantes indocumentados.<\/p>\n<p>La Administraci\u00f3n tambi\u00e9n ha presentado a los grupos \u00e9tnicos de origen no europeo (entre ellos, <strong>haitianos<\/strong> y <a href=\"https:\/\/es.euronews.com\/2025\/12\/03\/trump-dice-no-quiere-somalies-eeuu-insta-volver-para-arreglar-su-patria\" rel=\"nofollow noopener\" target=\"_blank\"><strong>somal\u00edes<\/strong><\/a>) como peligrosos y no bienvenidos en Estados Unidos y ha recortado en un 94% el n\u00famero de admisiones de refugiados permitidas al a\u00f1o, al tiempo que ha <a href=\"https:\/\/es.euronews.com\/2025\/10\/30\/trump-limita-admision-refugiados-prioridad-sudafricanos-bla\" rel=\"nofollow noopener\" target=\"_blank\"><strong>dado prioridad a los sudafricanos blancos<\/strong><\/a> para obtener el estatuto de refugiado alegando que son v\u00edctimas de un \u00abgenocidio\u00bb.<\/p>\n<p>En el frente europeo, la estrategia advierte de que \u00absi se mantienen las tendencias actuales, el continente ser\u00e1 irreconocible en 20 a\u00f1os o menos\u00bb, un <strong>eco de la ret\u00f3rica de diversas figuras y movimientos de derecha y extrema derecha en Europa<\/strong> que han situado las ideas contrarias a la inmigraci\u00f3n en el centro de su pol\u00edtica. En toda la UE, los partidos de extrema derecha sostienen que Europa perder\u00e1 su identidad a menos que se apliquen pol\u00edticas migratorias estrictas. Su l\u00ednea ha resonado en la Administraci\u00f3n estadounidense a riesgo de alienar a algunos de sus aliados continentales tradicionales.<\/p>\n<p>La estrategia de la Administraci\u00f3n Trump dice que dar\u00e1 prioridad a \u00abcultivar la resistencia a la trayectoria actual de Europa dentro de las naciones europeas\u00bb y afirma que \u00abla creciente <strong>influencia de los partidos patri\u00f3ticos europeos<\/strong> es, de hecho, motivo de gran optimismo\u00bb.<\/p>\n<p>No est\u00e1 claro qu\u00e9 significar\u00e1 esto en la pr\u00e1ctica, pero el presidente Trump y varios funcionarios de la Administraci\u00f3n han expresado anteriormente su aprobaci\u00f3n a varios <strong>l\u00edderes pol\u00edticos antimigraci\u00f3n y anti-Bruselas<\/strong> en toda Europa.<\/p>\n<p>Tras un discurso en la Conferencia de Seguridad de M\u00fanich en febrero de este a\u00f1o, en el que advirti\u00f3 de que la \u00abmigraci\u00f3n masiva\u00bb era la amenaza m\u00e1s urgente para \u00abnuestra civilizaci\u00f3n compartida\u00bb y culp\u00f3 a la apertura a los solicitantes de asilo no europeos de la violencia terrorista en las ciudades europeas, el vicepresidente de Estados Unidos, JD Vance, se reuni\u00f3 con <strong>la l\u00edder de Alternativa para Alemania , Alice Weidel,<\/strong> rehuyendo al entonces canciller alem\u00e1n, Olaf Scholz.<\/p>\n<p>El discurso suscit\u00f3 un debate entre los l\u00edderes europeos, que argumentaron que el vicepresidente estadounidense hab\u00eda ido <strong>demasiado lejos en sus cr\u00edticas a los aliados soberanos.<\/strong> El canciller alem\u00e1n, Friedrich Merz, replic\u00f3 afirmando que Europa protege los derechos fundamentales y la democracia como \u00abvalores esenciales y luchar\u00eda por preservarlos\u00bb.<\/p>\n<p><strong>El factor Ucrania<\/strong><\/p>\n<p>La <strong>estrategia tambi\u00e9n culpa al supuesto d\u00e9ficit de \u00abautoconfianza civilizadora\u00bb de Europa<\/strong> de lo que califica de \u00abexpectativas poco realistas\u00bb para poner fin a la guerra de Rusia contra Ucrania, que, seg\u00fan dice, no puede lograrse debido a los \u00abinestables Gobiernos minoritarios\u00bb y su \u00absubversi\u00f3n del proceso democr\u00e1tico\u00bb.<\/p>\n<p>El documento subraya que el \u00abprincipal inter\u00e9s\u00bb de Estados Unidos es <strong>negociar un \u00abcese r\u00e1pido\u00bb de la guerra<\/strong>, evitar una \u00abescalada imprevista\u00bb de las hostilidades y \u00abrestablecer la estabilidad estrat\u00e9gica\u00bb con Rusia.<\/p>\n<p>Este encuadre de la guerra es otra se\u00f1al de <strong>una brecha cada vez mayor entre la Administraci\u00f3n Trump y los aliados europeos de Ucrania<\/strong>, que est\u00e1n redoblando sus esfuerzos para presionar a Mosc\u00fa para que ponga fin a su invasi\u00f3n y ocupaci\u00f3n del territorio ucraniano mientras Washington intenta negociar directamente con el Kremlin.<\/p>\n<p>Aunque la estrategia deja claro que <strong>Europa \u00absigue siendo estrat\u00e9gica y culturalmente vital para Estados Unidos\u00bb<\/strong> e insiste en que a Washington le interesa \u00abevitar que cualquier adversario domine Europa\u00bb, tambi\u00e9n enmarca esta prioridad de seguridad en t\u00e9rminos \u00e9tnicos.<\/p>\n<p>\u00abA largo plazo, es m\u00e1s que plausible que, dentro de unas d\u00e9cadas a m\u00e1s tardar, algunos miembros de la <strong>OTAN<\/strong> se conviertan en mayor\u00eda no europea\u00bb, dice el documento. \u00abComo tales, queda abierta la cuesti\u00f3n de si considerar\u00e1n su lugar en el mundo, o su alianza con Estados Unidos, del mismo modo que aquellos que firmaron la carta de la OTAN\u00bb.<\/p>\n","protected":false},"excerpt":{"rendered":"La Administraci\u00f3n Trump ha publicado una nueva Estrategia de Seguridad Nacional para Estados Unidos en la que describe&hellip;\n","protected":false},"author":2,"featured_media":273911,"comment_status":"","ping_status":"","sticky":false,"template":"","format":"standard","meta":{"footnotes":""},"categories":[42],"tags":[17,18,352,13,14,11,61,62,63,64,2559,19,20,9,10,15,16,12,66998,21,22,65,66,67],"class_list":{"0":"post-273910","1":"post","2":"type-post","3":"status-publish","4":"format-standard","5":"has-post-thumbnail","7":"category-internacional","8":"tag-breaking-news","9":"tag-breakingnews","10":"tag-donald-trump","11":"tag-featured-news","12":"tag-featurednews","13":"tag-headlines","14":"tag-internacional","15":"tag-international","16":"tag-international-news","17":"tag-internationalnews","18":"tag-j-d-vance","19":"tag-latest-news","20":"tag-latestnews","21":"tag-news","22":"tag-noticias","23":"tag-noticias-destacadas","24":"tag-noticiasdestacadas","25":"tag-titulares","26":"tag-ue-eeuu","27":"tag-ultimas-noticias","28":"tag-ultimasnoticias","29":"tag-world","30":"tag-world-news","31":"tag-worldnews"},"share_on_mastodon":{"url":"https:\/\/pubeurope.com\/@es\/115671780855416463","error":""},"_links":{"self":[{"href":"https:\/\/www.europesays.com\/es\/wp-json\/wp\/v2\/posts\/273910","targetHints":{"allow":["GET"]}}],"collection":[{"href":"https:\/\/www.europesays.com\/es\/wp-json\/wp\/v2\/posts"}],"about":[{"href":"https:\/\/www.europesays.com\/es\/wp-json\/wp\/v2\/types\/post"}],"author":[{"embeddable":true,"href":"https:\/\/www.europesays.com\/es\/wp-json\/wp\/v2\/users\/2"}],"replies":[{"embeddable":true,"href":"https:\/\/www.europesays.com\/es\/wp-json\/wp\/v2\/comments?post=273910"}],"version-history":[{"count":0,"href":"https:\/\/www.europesays.com\/es\/wp-json\/wp\/v2\/posts\/273910\/revisions"}],"wp:featuredmedia":[{"embeddable":true,"href":"https:\/\/www.europesays.com\/es\/wp-json\/wp\/v2\/media\/273911"}],"wp:attachment":[{"href":"https:\/\/www.europesays.com\/es\/wp-json\/wp\/v2\/media?parent=273910"}],"wp:term":[{"taxonomy":"category","embeddable":true,"href":"https:\/\/www.europesays.com\/es\/wp-json\/wp\/v2\/categories?post=273910"},{"taxonomy":"post_tag","embeddable":true,"href":"https:\/\/www.europesays.com\/es\/wp-json\/wp\/v2\/tags?post=273910"}],"curies":[{"name":"wp","href":"https:\/\/api.w.org\/{rel}","templated":true}]}}