{"id":273912,"date":"2025-12-06T08:54:08","date_gmt":"2025-12-06T08:54:08","guid":{"rendered":"https:\/\/www.europesays.com\/es\/273912\/"},"modified":"2025-12-06T08:54:08","modified_gmt":"2025-12-06T08:54:08","slug":"el-parlamento-celebra-la-constitucion-de-1978-en-un-clima-de-crispacion-politica-y-sin-la-mitad-de-los-grupos","status":"publish","type":"post","link":"https:\/\/www.europesays.com\/es\/273912\/","title":{"rendered":"El Parlamento celebra la Constituci\u00f3n de 1978 en un clima de crispaci\u00f3n pol\u00edtica y sin la mitad de los grupos"},"content":{"rendered":"<p><img id=\"fotoPrincipalNoticia\" src=\"https:\/\/www.europesays.com\/es\/wp-content\/uploads\/2025\/12\/fotonoticia_20251206083153_690.jpg\" loading=\"eager\" decoding=\"async\" style=\"view-transition-name: fechor_20251206083153;\" border=\"0\" alt=\"Archivo - La presidenta del Congreso, Francina Armengol, interviene durante el acto institucional por el D\u00eda de la Constituci\u00f3n, en el Congreso\" fetchpriority=\"high\" title=\"El Parlamento celebra la Constituci\u00f3n de 1978 en un clima de crispaci\u00f3n pol\u00edtica y sin la mitad de los grupos\" width=\"690\" height=\"479\" itemprop=\"image\"\/><\/p>\n<p>Archivo &#8211; La presidenta del Congreso, Francina Armengol, interviene durante el acto institucional por el D\u00eda de la Constituci\u00f3n, en el Congreso &#8211; Eduardo Parra &#8211; Europa Press &#8211; Archivo<\/p>\n<p>    MADRID, 6 Dic. (EUROPA PRESS) &#8211; <\/p>\n<p>    La Cortes Generales celebrar\u00e1n este s\u00e1bado, 6 de diciembre, el cuadrag\u00e9simo s\u00e9ptimo aniversario de la Constituci\u00f3n de 1978 en un clima de crispaci\u00f3n pol\u00edtica y con el &#8216;plante&#8217; de m\u00e1s de la mitad de los grupos parlamentarios, entre ellos los socios parlamentarios del Gobierno de Pedro S\u00e1nchez.<\/p>\n<p>   El Sal\u00f3n de Pasos Perdidos ser\u00e1 el escenario del acto institucional con motivo del aniversario de la Carta Magna en un a\u00f1o marcado por la celebraci\u00f3n de los 50 a\u00f1os de las muerte del dictador Francisco Franco y la restauraci\u00f3n de la Monarqu\u00eda.<\/p>\n<p>   Pero sobre todo un a\u00f1o en el que la tensi\u00f3n y la crispaci\u00f3n han marcado el curso pol\u00edtico y jur\u00eddico, con socialistas y &#8216;populares&#8217; principalmente enfrentados por diversos asuntos, entre ellos los casos de corrupci\u00f3n que rodean al PSOE y al entorno del presidente del Gobierno, Pedro S\u00e1nchez.<\/p>\n<p>   En concreto, el &#8216;caso Koldo&#8217; ha provocado, de entrada, la prisi\u00f3n provisional para los dos exsecretarios de Organizaci\u00f3n del PSOE, Jos\u00e9 Luis \u00c1balos, a\u00fan diputado del Grupo Mixto, y Santos Cerd\u00e1n &#8211;ahora est\u00e1 en libertad&#8211;, as\u00ed como del exasesor de \u00c1balos, Koldo Garc\u00eda.<\/p>\n<p>OTROS CONFLICTOS<\/p>\n<p>   Otro de los hitos de este a\u00f1o ha sido la condena de inhabilitaci\u00f3n del fiscal general del Estado, \u00c1lvaro Garc\u00eda Ortiz, por parte del Tribunal Supremo por un delito de revelaci\u00f3n de datos privados del empresario Alberto Gonz\u00e1lez Amador, pareja de la presidenta madrile\u00f1a, Isabel D\u00edaz Ayuso, un fallo que el Gobierno acata pero que le ha llevado a criticarlo e incluso a hablar de &#8216;lawfare&#8217;. De hecho, siguen defendiendo la inocencia de Garc\u00eda Ortiz.<\/p>\n<p>   Tambi\u00e9n han estado encima de la mesa diversos conflictos de atribuciones entre el Congreso y el Senado, con mayor\u00eda absoluta del PP; la crisis con los cribados de c\u00e1ncer de mama en Andaluc\u00eda; la salida del Gobierno valenciano de su presidente, Carlos Maz\u00f3n, tras su gesti\u00f3n de la dana de 2024; el adelanto electoral en Extremadura por la ruptura del PP con Vox &#8211;ahora est\u00e1n en plena campa\u00f1a&#8211;; o la reciente ruptura del pacto de investidura de Junts con el Gobierno.<\/p>\n<p>   Este \u00faltimo episodio ha provocado que S\u00e1nchez se enfrente desde hace semanas a una mayor\u00eda absoluta en contra en el Congreso, como se evidenci\u00f3 recientemente con el rechazo de la senda de d\u00e9ficit aprobado por el Consejo de Ministros, paso previo para la presentaci\u00f3n de los Presupuestos Generales de 2026.<\/p>\n<p>   El pasado martes, el Consejo de Ministros aprob\u00f3 de nuevo la misma senda de d\u00e9ficit, que se votar\u00e1 en el Pleno de la pr\u00f3xima semana, si bien antes S\u00e1nchez ha tratado de acercarse a Junts aprobando un paquete de medidas de financiaci\u00f3n para los ayuntamientos y empresas, como as\u00ed solicitaban los de Carles Puigdemont.<\/p>\n<p>    Sin embargo, desde Junts insisten en que la ruptura es firme. As\u00ed las cosas, todo apunta a que el Congreso volver\u00e1 a tumbar este nuevo intento del Gobierno por tratar de presentar y aprobar sus primeros Presupuestos de esta legislatura.<\/p>\n<p>   Con todos estos asuntos encima de la mesa, parece m\u00e1s que probable que este 6 de diciembre se respire cierta tensi\u00f3n en el acto con motivo del aniversario de la Constituci\u00f3n, que comenzar\u00e1 las doce del mediod\u00eda en el Sal\u00f3n de Pasos Perdidos. Antes del tradicional discurso de la presidenta del Congreso, la socialista Francina Armengol, ni\u00f1os alumnos de Primaria de distintas nacionalidades europeas dar\u00e1n lectura de art\u00edculos de la Constituci\u00f3n.<\/p>\n<p>   As\u00ed, Paula Mart\u00ednez Gernhardt y Camilo Cuesta Aschenberg leer\u00e1n en alem\u00e1n el art\u00edculo 23, que reconoce el derecho a la participaci\u00f3n pol\u00edtica ciudadana; Gael Camus Nogales y Mariam Belayachi Chaves leer\u00e1n en franc\u00e9s el art\u00edculo 27, que regula el derecho a la educaci\u00f3n, y, seguidamente, Emma Tutone Montilla recitar\u00e1 en italiano el art\u00edculo 48, dedicado a la juventud.<\/p>\n<p>    Los actos de conmemoraci\u00f3n de la Carta Magna se iniciar\u00e1n a las 10.30 horas, con el izado solemne de la bandera nacional en la Carrera de San Jer\u00f3nimo, y a continuaci\u00f3n, a partir de las 11.20 horas, Armengol y el presidente del Senado, el &#8216;popular&#8217; Pedro Roll\u00e1n, saludar\u00e1n a los invitados al acto principal.<\/p>\n<p>   Adem\u00e1s de Armengol y Roll\u00e1n, est\u00e1 confirmada la presencia del presidente del Gobierno y el grueso de su Gabinete de Ministros, de integrantes de las Mesas del Congreso y del Senado, del l\u00edder de la oposici\u00f3n, Alberto N\u00fa\u00f1ez Feij\u00f3o, de representantes del Poder Judicial y de miembros de la sociedad civil.<\/p>\n<p>AUSENCIA DE INDEPENDENTISTAS, NACIONALISTAS, PODEMOS Y VOX<\/p>\n<p>   Quienes ya se han borrado del evento son los socios parlamentarios del Gobierno, esto es, ERC, Bildu, PNV y BNG, as\u00ed como Junts, seg\u00fan confirmaron a Europa Press fuentes de estas formaciones. Tampoco acudir\u00e1n representaci\u00f3n de Podemos porque tanto su l\u00edder, Ione Belarra, como la eurodiputada Irene Montero se trasladar\u00e1n a Extremadura para participar en la campa\u00f1a electoral.<\/p>\n<p>   Entre las bajas tambi\u00e9n se encuentran los diputados y senadores de Vox pues, tal y como recordaron recientemente, los de Santiago Abascal no asistir\u00e1n a ning\u00fan acto oficial en el que \u00abno puedan coger un micr\u00f3fono y denunciar la acci\u00f3n criminal y corrupta del Ejecutivo\u00bb. Su portavoz, Pepa Mill\u00e1n, har\u00e1 unas declaraciones a la entrada y luego se ir\u00e1.<\/p>\n<p>    De hecho, Vox no particip\u00f3 ya el pasado 21 de noviembre del acto que el Congreso celebr\u00f3 por los 50 a\u00f1os de la reinstauraci\u00f3n de la Monarqu\u00eda, &#8216;plantando&#8217; as\u00ed a los Reyes, que lo presidieron junto a sus hijas, la Princesa Leonor y la infanta Sof\u00eda. As\u00ed las cosas, los diputados y senadores del PSOE y el PP copar\u00e1n este s\u00e1bado el Sal\u00f3n de Pasos Perdidos del Congreso, donde al t\u00e9rmino del acto se celebrar\u00e1n previsiblemente los conocidos &#8216;corrillos&#8217; entre pol\u00edticos y periodistas.<\/p>\n<p>IZADO SOLEMNE DE LA BANDERA NACIONAL <\/p>\n<p>   El izado solemne de la bandera nacional en la Carrera de San Jer\u00f3nimo que, adem\u00e1s de con Armengol y Roll\u00e1n, contar\u00e1 con la presencia del Jefe del Estado Mayor de la Defensa (JEMAD), los Jefes de Estado Mayor del Ej\u00e9rcito de Tierra, de la Armada y del Ej\u00e9rcito del Aire y del Espacio, as\u00ed como representantes parlamentarios y presidentes y jefes de las delegaciones de parlamentos iberoamericanos.<\/p>\n<p>    A las 10.30 horas, el jefe del Estado Mayor de la Defensa, almirante general Teodoro Esteban L\u00f3pez C\u00e1lderon, recibir\u00e1 a los presidentes de las C\u00e1maras y los acompa\u00f1ar\u00e1 para recibir los Honores de Ordenanza. Concluidos los honores, el mando de la compa\u00f1\u00eda dar\u00e1 novedades a los presidentes, que pasar\u00e1n revista a la Fuerza.<\/p>\n<p>    A continuaci\u00f3n, el equipo de izado se dirige con la bandera extendida hacia la Carrera de San Jer\u00f3nimo donde se proceder\u00e1 a la interpretaci\u00f3n del Himno Nacional por la Unidad de M\u00fasica al tiempo que se procede al izado. Posteriormente, un relator leer\u00e1 la efem\u00e9ride por el D\u00eda de la Constituci\u00f3n y posteriormente tendr\u00e1n lugar el desfile de la Fuerza con el que concluir\u00e1 el acto de izado solemne.<\/p>\n<p>   Los actos de conmemoraci\u00f3n de la Carta Magna de 1978 concluir\u00e1n los d\u00edas 12 y 13 de diciembre, para cuando est\u00e1n previstas las Jornadas de Puertas Abiertas, durante las que los ciudadanos que as\u00ed lo deseen pueden pasearse por el Palacio del Congreso y conocer algunas de las salas m\u00e1s emblem\u00e1ticas de la C\u00e1mara Baja, entre ellas, el hemiciclo. <\/p>\n","protected":false},"excerpt":{"rendered":"Archivo &#8211; La presidenta del Congreso, Francina Armengol, interviene durante el acto institucional por el D\u00eda de la&hellip;\n","protected":false},"author":2,"featured_media":273913,"comment_status":"","ping_status":"","sticky":false,"template":"","format":"standard","meta":{"footnotes":""},"categories":[8],"tags":[17,18,25,24,13,14,11,19,20,9,10,15,16,23,12,21,22],"class_list":{"0":"post-273912","1":"post","2":"type-post","3":"status-publish","4":"format-standard","5":"has-post-thumbnail","7":"category-espana","8":"tag-breaking-news","9":"tag-breakingnews","10":"tag-es","11":"tag-espana","12":"tag-featured-news","13":"tag-featurednews","14":"tag-headlines","15":"tag-latest-news","16":"tag-latestnews","17":"tag-news","18":"tag-noticias","19":"tag-noticias-destacadas","20":"tag-noticiasdestacadas","21":"tag-spain","22":"tag-titulares","23":"tag-ultimas-noticias","24":"tag-ultimasnoticias"},"share_on_mastodon":{"url":"https:\/\/pubeurope.com\/@es\/115671785086279970","error":""},"_links":{"self":[{"href":"https:\/\/www.europesays.com\/es\/wp-json\/wp\/v2\/posts\/273912","targetHints":{"allow":["GET"]}}],"collection":[{"href":"https:\/\/www.europesays.com\/es\/wp-json\/wp\/v2\/posts"}],"about":[{"href":"https:\/\/www.europesays.com\/es\/wp-json\/wp\/v2\/types\/post"}],"author":[{"embeddable":true,"href":"https:\/\/www.europesays.com\/es\/wp-json\/wp\/v2\/users\/2"}],"replies":[{"embeddable":true,"href":"https:\/\/www.europesays.com\/es\/wp-json\/wp\/v2\/comments?post=273912"}],"version-history":[{"count":0,"href":"https:\/\/www.europesays.com\/es\/wp-json\/wp\/v2\/posts\/273912\/revisions"}],"wp:featuredmedia":[{"embeddable":true,"href":"https:\/\/www.europesays.com\/es\/wp-json\/wp\/v2\/media\/273913"}],"wp:attachment":[{"href":"https:\/\/www.europesays.com\/es\/wp-json\/wp\/v2\/media?parent=273912"}],"wp:term":[{"taxonomy":"category","embeddable":true,"href":"https:\/\/www.europesays.com\/es\/wp-json\/wp\/v2\/categories?post=273912"},{"taxonomy":"post_tag","embeddable":true,"href":"https:\/\/www.europesays.com\/es\/wp-json\/wp\/v2\/tags?post=273912"}],"curies":[{"name":"wp","href":"https:\/\/api.w.org\/{rel}","templated":true}]}}