{"id":273914,"date":"2025-12-06T08:55:09","date_gmt":"2025-12-06T08:55:09","guid":{"rendered":"https:\/\/www.europesays.com\/es\/273914\/"},"modified":"2025-12-06T08:55:09","modified_gmt":"2025-12-06T08:55:09","slug":"santander-aumenta-la-inversion-cultural-y-apuesta-por-una-ciudad-con-mas-programacion-en-la-calle","status":"publish","type":"post","link":"https:\/\/www.europesays.com\/es\/273914\/","title":{"rendered":"Santander aumenta la inversi\u00f3n cultural y apuesta por una ciudad con m\u00e1s programaci\u00f3n en la calle"},"content":{"rendered":"<tr>\n<td>\n\t\t\t\t\t\t<img decoding=\"async\" src=\"https:\/\/www.europesays.com\/es\/wp-content\/uploads\/2025\/12\/presentacion_presupuesto_cultura_educacion_y_juventud_2026_2.jpg\" alt=\"noticias\/imagen-asociada\/2025\/12\/presentacion_presupuesto_cultura_educacion_y_juventud_2026_2.jpg\" class=\"col-xs-12 col-md-12 img-responsive img-left\"\/>\n\t\t\t\t\t<\/td>\n<\/tr>\n<p class=\"lead\">\n\t\t\t\tEl Ayuntamiento presenta unas cuentas que consolidan el modelo cultural impulsado por la concejal\u00eda: profesional, visible y descentralizado \t\t\t<\/p>\n<p style=\"text-align: justify;\">La concejal de Cultura, Juventud y Educaci\u00f3n del Ayuntamiento de Santander, Noem\u00ed M\u00e9ndez, ha presentado el presupuesto de 2026, que roza los 5 millones para estas \u00e1reas y est\u00e1 basado en una idea pol\u00edtica clara: ordenar, profesionalizar y democratizar la cultura, sac\u00e1ndola de los espacios cerrados y devolvi\u00e9ndola a la vida cotidiana de los barrios.<\/p>\n<p style=\"text-align: justify;\">\u201cM\u00e1s programaci\u00f3n, para m\u00e1s gente y en m\u00e1s lugares de Santander. El presupuesto de 2026 movilizar\u00e1 4,1 millones en Cultura (un crecimiento del 6 %), concebida como proyecto de ciudad y en favor de un modelo serio, ordenado y ambicioso, que defiende la cultura como bien p\u00fablico y motor de convivencia y econom\u00eda\u201d, ha destacado la edil.<\/p>\n<p style=\"text-align: justify;\">En este sentido, la edil ha avanzado que el Ayuntamiento impulsar\u00e1 una programaci\u00f3n estable \u2013 con partidas a actividades culturales que suben un 25%- en espacios p\u00fablicos y plazas, entre los que ha destacado las actividades que se desarrollar\u00e1n en los templetes de Pereda, Pombo, el Audit\u00f3rium del Sardinero y los barrios.<\/p>\n<p style=\"text-align: justify;\">M\u00e9ndez ha asegurado que uno de los ejes diferenciales ser\u00e1 recuperar los espacios p\u00fablicos como lugares de encuentro cultural, desde ciclos musicales hasta artes vivas, lecturas p\u00fablicas, conciertos pedag\u00f3gicos o exhibiciones del Conservatorio y la Banda Municipal.<\/p>\n<p style=\"text-align: justify;\">\u201cZarzuela, teatro, m\u00fasica y otras disciplinas art\u00edsticas y culturales son el eje central de la programaci\u00f3n que hemos comenzado este a\u00f1o con ciclos como \u2018Veranos en Jado\u2019 o \u2018Tentempl\u00e9\u2019, que se planea sean estables por la gran acogida que han tenido por parte de los ciudadanos, siempre de la mano del tejido cultural profesional\u201d, ha se\u00f1alado.<\/p>\n<p style=\"text-align: justify;\">Otra de las grandes apuestas es el aumento de las ayudas culturales con las que el Consistorio busca generar estabilidad para el sector, con un incremento del 17% en subvenciones.<\/p>\n<p style=\"text-align: justify;\">\u201cEs una apuesta firme por fortalecer y acompa\u00f1ar al sector no s\u00f3lo a trav\u00e9s de los proyectos existentes y consolidados, -el FIS (en su 75 aniversario), la Fundaci\u00f3n Gerardo Diego, el Festival de Cine, Felisa, Artesantander o la Beca de Casa de Vel\u00e1zquez-, sino tambi\u00e9n con nuevas propuestas para fortalecer el \u00e1mbito del libro o las bibliotecas\u201d, ha a\u00f1adido.<\/p>\n<p style=\"text-align: justify;\">En palabras de la concejala, ser\u00e1 \u201cun refuerzo global del ecosistema cultural, de la colaboraci\u00f3n p\u00fablico-privada, con presencia de profesionales y proyectos locales\u201d.<\/p>\n<p style=\"text-align: justify;\">M\u00e9ndez ha explicado adem\u00e1s que se trabaja de cara a 2027 en la partida necesaria para el funcionamiento del Reina Sof\u00eda \u2013 Archivo Lafuente, ya que los avances que se est\u00e1n llevando a cabo en el centro se enmarcan actualmente en el proyecto de ejecuci\u00f3n, dependiente del \u00e1rea de Fomento.<\/p>\n<p style=\"text-align: justify;\"><strong>Impulso a los servicios y centros culturales municipales<\/strong><\/p>\n<p style=\"text-align: justify;\">\u201cEl modelo se basa en la planificaci\u00f3n, rigor y eficacia, con un aumento presupuestario sostenible que permita planificar un calendario cultural consolidado en servicios como las bibliotecas, el MAS, el CDIS, el conservatorio o la din\u00e1mica de ciclos de la Banda de M\u00fasica y los centros culturales\u201d, ha detallado.<\/p>\n<p style=\"text-align: justify;\">Una de las propuestas es que los ciudadanos identifiquen los recursos culturales con claridad, comenzando por los tres centros culturales municipales que tienen disponibles y en los que se va perfilando la identidad propia de cada uno: Madrazo (artes pl\u00e1sticas y cine); Jado (artes vivas, performance y exposiciones con prioridad a las actividades de exterior que potencian el uso del jard\u00edn); y Ateca (edici\u00f3n, talleres y cine alternativo).<\/p>\n<p style=\"text-align: justify;\">Las subvenciones a proyectos como Cine Infinito, Arte en Madrazo, Arte Libro o La Palabra Habitada se consolidar\u00e1n como ejes de actividad principal en estos espacios que disponen ya de p\u00fablico fijo.<\/p>\n<p style=\"text-align: justify;\">Adem\u00e1s, las cuentas incluyen los recursos necesarios para la conservaci\u00f3n y restauraci\u00f3n de las esculturas y el patrimonio cultural de la ciudad, bajo el paraguas de un acuerdo marco que duplicar\u00e1 la partida y agilizar\u00e1 las intervenciones; as\u00ed como una subida del 47% para la adquisici\u00f3n de fondos para la red de bibliotecas, un 33% para sus actividades y un 40% para la digitalizaci\u00f3n de fondos.<\/p>\n<p style=\"text-align: justify;\"><strong>Juventud y Educaci\u00f3n<\/strong><\/p>\n<p style=\"text-align: justify;\">El \u00e1rea de Juventud contar\u00e1 con un presupuesto de 307.000 euros para continuar creciendo en usuarios y actividades que cohesionen a los j\u00f3venes de diferentes puntos de la ciudad.<\/p>\n<p style=\"text-align: justify;\">De nuevo, la programaci\u00f3n estar\u00e1 enfocada en ofrecer a este colectivo un ocio saludable, alternativo y no consumista, favoreciendo la capacidad de los j\u00f3venes de relacionarse, aprender y dialogar. \u201cContinuar\u00e1n La Noche es Joven, las actividades intersemanales del Espacio Joven y los encuentros y eventos que promueven conductas alejadas del consumo\u201d, ha explicado.<\/p>\n<p style=\"text-align: justify;\">Adem\u00e1s, continuar\u00e1 el impulso a las asesor\u00edas juveniles y a programas como las Antenas Juveniles, que ayudan a los j\u00f3venes a acercarse a su ayuntamiento y a los servicios pensados para ellos.<\/p>\n<p style=\"text-align: justify;\">Con respecto al \u00e1rea de Educaci\u00f3n se mantiene estable, con una dotaci\u00f3n de 326.170 euros, priorizando que todas las alternativas se centren en poder utilizar un eje coordinado con los recursos educativos municipales.<\/p>\n<p style=\"text-align: justify;\">Se afianza el proyecto de la F\u00e1brica de Creaci\u00f3n, -que en 2026 continuar\u00e1 impulsando las residencias art\u00edsticas y los programas y actividades para visibilizar proyectos de artes esc\u00e9nicas, pl\u00e1sticas o audiovisuales entre la ciudadan\u00eda-; y se refuerza el Conservatorio Municipal (con una subida de un 5% de manera global, siendo lo m\u00e1s notable el incremento en actividades e intercambios de los alumnos que sube en un 25%).<\/p>\n<p style=\"text-align: justify;\">Tambi\u00e9n se mantienen las becas de promoci\u00f3n del talento y todos los convenios educativos, as\u00ed como los conciertos pedag\u00f3gicos de la Banda de M\u00fasica Municipal, que contar\u00e1 en 2026 con instrumentos renovados en beneficio de la calidad de sus recitales.<\/p>\n","protected":false},"excerpt":{"rendered":"El Ayuntamiento presenta unas cuentas que consolidan el modelo cultural impulsado por la concejal\u00eda: profesional, visible y descentralizado&hellip;\n","protected":false},"author":2,"featured_media":273915,"comment_status":"","ping_status":"","sticky":false,"template":"","format":"standard","meta":{"footnotes":""},"categories":[5],"tags":[17,18,25,24,13,14,11,19,20,9,10,15,16,23,12,21,22],"class_list":{"0":"post-273914","1":"post","2":"type-post","3":"status-publish","4":"format-standard","5":"has-post-thumbnail","7":"category-titulares","8":"tag-breaking-news","9":"tag-breakingnews","10":"tag-es","11":"tag-espana","12":"tag-featured-news","13":"tag-featurednews","14":"tag-headlines","15":"tag-latest-news","16":"tag-latestnews","17":"tag-news","18":"tag-noticias","19":"tag-noticias-destacadas","20":"tag-noticiasdestacadas","21":"tag-spain","22":"tag-titulares","23":"tag-ultimas-noticias","24":"tag-ultimasnoticias"},"share_on_mastodon":{"url":"https:\/\/pubeurope.com\/@es\/115671788961081961","error":""},"_links":{"self":[{"href":"https:\/\/www.europesays.com\/es\/wp-json\/wp\/v2\/posts\/273914","targetHints":{"allow":["GET"]}}],"collection":[{"href":"https:\/\/www.europesays.com\/es\/wp-json\/wp\/v2\/posts"}],"about":[{"href":"https:\/\/www.europesays.com\/es\/wp-json\/wp\/v2\/types\/post"}],"author":[{"embeddable":true,"href":"https:\/\/www.europesays.com\/es\/wp-json\/wp\/v2\/users\/2"}],"replies":[{"embeddable":true,"href":"https:\/\/www.europesays.com\/es\/wp-json\/wp\/v2\/comments?post=273914"}],"version-history":[{"count":0,"href":"https:\/\/www.europesays.com\/es\/wp-json\/wp\/v2\/posts\/273914\/revisions"}],"wp:featuredmedia":[{"embeddable":true,"href":"https:\/\/www.europesays.com\/es\/wp-json\/wp\/v2\/media\/273915"}],"wp:attachment":[{"href":"https:\/\/www.europesays.com\/es\/wp-json\/wp\/v2\/media?parent=273914"}],"wp:term":[{"taxonomy":"category","embeddable":true,"href":"https:\/\/www.europesays.com\/es\/wp-json\/wp\/v2\/categories?post=273914"},{"taxonomy":"post_tag","embeddable":true,"href":"https:\/\/www.europesays.com\/es\/wp-json\/wp\/v2\/tags?post=273914"}],"curies":[{"name":"wp","href":"https:\/\/api.w.org\/{rel}","templated":true}]}}