{"id":273916,"date":"2025-12-06T09:00:10","date_gmt":"2025-12-06T09:00:10","guid":{"rendered":"https:\/\/www.europesays.com\/es\/273916\/"},"modified":"2025-12-06T09:00:10","modified_gmt":"2025-12-06T09:00:10","slug":"no-ha-dicho-que-no-va-a-participar-en-la-noche-del-orgullo","status":"publish","type":"post","link":"https:\/\/www.europesays.com\/es\/273916\/","title":{"rendered":"no ha dicho que no va a participar en la &#8216;Noche del Orgullo&#8217;"},"content":{"rendered":"<p class=\"c-paragraph\">Circulan estos d\u00edas en redes sociales unas supuestas declaraciones del tenista Carlos Alcaraz en las que rechaza participar en el evento \u2018Noche del Orgullo\u2019\u00a0del tenis. Seg\u00fan las publicaciones virales, que no aportan cu\u00e1l es la fuente ni ning\u00fan dato sobre las declaraciones, el deportista se pronunci\u00f3 as\u00ed sobre el supuesto evento: \u201cEste deporte debe centrarse \u00fanicamente en los resultados en la cancha, no en cuestiones pol\u00edticas o movimientos sociales.\u201d<\/p>\n<p class=\"c-paragraph\">Sin embargo, esto es falso. No existen registros de que el tenista haya realizado tales declaraciones en relaci\u00f3n a su participaci\u00f3n u asistencia en el evento \u2018Noche del Orgullo\u2019\u00a0del tenis. Es m\u00e1s, tampoco hay pruebas de que exista el supuesto evento.<\/p>\n<p><b>Alcaraz no ha dicho que no va a participar en la \u2018Noche del Orgullo\u2019<\/b><\/p>\n<p class=\"c-paragraph\">Para determinar si el piloto ha realizado tales declaraciones, desde\u00a0<b>INFOVERITAS<\/b>\u00a0se han visitado sus redes sociales (<a href=\"https:\/\/www.instagram.com\/carlitosalcarazz\/?hl=es\" rel=\"nofollow noopener\" target=\"_blank\">Instagram<\/a>\u00a0o\u00a0<a href=\"https:\/\/x.com\/carlosalcaraz\" rel=\"nofollow\">X<\/a>\u00a0). No obstante, en ninguna de sus redes sociales hay registros que prueben que Alcaraz haya hecho estas declaraciones sobre el evento \u2018Noche del Orgullo\u2019\u00a0del tenis.<\/p>\n<p class=\"c-paragraph\">Tampoco hay rastro de estas supuestas declaraciones en\u00a0medios de comunicaci\u00f3n. Para terminar, desde\u00a0<b>INFOVERITAS<\/b>\u00a0se ha realizado una b\u00fasqueda en Google con las palabras clave: \u201cNoche Orgullo+tenis\u201d. No obstante, no arroja ning\u00fan resultado sobre esta celebraci\u00f3n, lo que demuestra que el evento no existe y que se trata de un contenido inventado.<\/p>\n<p class=\"c-paragraph\">Esta narrativa no es nueva. En los \u00faltimos d\u00edas circulan publicaciones similares que afecta a diferentes deportistas. De hecho, desde\u00a0<b>INFOVERITAS<\/b>\u00a0ya se verificaron las mismas supuestas declaraciones realizadas por\u00a0<a href=\"https:\/\/info-veritas.com\/desinformacion-marc-marquez-no-dicho-no-participar-noche-orgullo-moto-gp\/\" rel=\"nofollow noopener\" target=\"_blank\">Marc M\u00e1rquez<\/a>\u00a0y otras similares del futbolista\u00a0<a href=\"https:\/\/info-veritas.com\/desinformacion-carvajal-no-rechazado-llevar-brazalete-arcoiris\/\" rel=\"nofollow noopener\" target=\"_blank\">Dani Carvajal.<\/a><\/p>\n<p>INFOVERITAS verifica que&#8230;<\/p>\n<p class=\"c-paragraph\">No existen registros que confirmen que el tenista haya hecho tales afirmaciones. Adem\u00e1s, tampoco hay evidencia de que exista el supuesto evento.<\/p>\n<p><script async src=\"\/\/www.instagram.com\/embed.js\"><\/script><\/p>\n","protected":false},"excerpt":{"rendered":"Circulan estos d\u00edas en redes sociales unas supuestas declaraciones del tenista Carlos Alcaraz en las que rechaza participar&hellip;\n","protected":false},"author":2,"featured_media":273917,"comment_status":"","ping_status":"","sticky":false,"template":"","format":"standard","meta":{"footnotes":""},"categories":[274],"tags":[545,168,25,24,37229,66999,23,167,327,326],"class_list":{"0":"post-273916","1":"post","2":"type-post","3":"status-publish","4":"format-standard","5":"has-post-thumbnail","7":"category-tenis","8":"tag-carlos-alcaraz","9":"tag-deportes","10":"tag-es","11":"tag-espana","12":"tag-orgullo-gay","13":"tag-partido-de-tenis","14":"tag-spain","15":"tag-sports","16":"tag-tenis","17":"tag-tennis"},"share_on_mastodon":{"url":"https:\/\/pubeurope.com\/@es\/115671808627686640","error":""},"_links":{"self":[{"href":"https:\/\/www.europesays.com\/es\/wp-json\/wp\/v2\/posts\/273916","targetHints":{"allow":["GET"]}}],"collection":[{"href":"https:\/\/www.europesays.com\/es\/wp-json\/wp\/v2\/posts"}],"about":[{"href":"https:\/\/www.europesays.com\/es\/wp-json\/wp\/v2\/types\/post"}],"author":[{"embeddable":true,"href":"https:\/\/www.europesays.com\/es\/wp-json\/wp\/v2\/users\/2"}],"replies":[{"embeddable":true,"href":"https:\/\/www.europesays.com\/es\/wp-json\/wp\/v2\/comments?post=273916"}],"version-history":[{"count":0,"href":"https:\/\/www.europesays.com\/es\/wp-json\/wp\/v2\/posts\/273916\/revisions"}],"wp:featuredmedia":[{"embeddable":true,"href":"https:\/\/www.europesays.com\/es\/wp-json\/wp\/v2\/media\/273917"}],"wp:attachment":[{"href":"https:\/\/www.europesays.com\/es\/wp-json\/wp\/v2\/media?parent=273916"}],"wp:term":[{"taxonomy":"category","embeddable":true,"href":"https:\/\/www.europesays.com\/es\/wp-json\/wp\/v2\/categories?post=273916"},{"taxonomy":"post_tag","embeddable":true,"href":"https:\/\/www.europesays.com\/es\/wp-json\/wp\/v2\/tags?post=273916"}],"curies":[{"name":"wp","href":"https:\/\/api.w.org\/{rel}","templated":true}]}}