{"id":273922,"date":"2025-12-06T09:04:13","date_gmt":"2025-12-06T09:04:13","guid":{"rendered":"https:\/\/www.europesays.com\/es\/273922\/"},"modified":"2025-12-06T09:04:13","modified_gmt":"2025-12-06T09:04:13","slug":"el-principal-narrador-de-dazn-dicta-sentencia-san-mames-es-el-mejor-estadio-del-mundo","status":"publish","type":"post","link":"https:\/\/www.europesays.com\/es\/273922\/","title":{"rendered":"El principal narrador de DAZN dicta sentencia: \u00abSan Mam\u00e9s es el mejor estadio del mundo\u00bb"},"content":{"rendered":"<p><a class=\"v-mdl-ath__fig-a\" href=\"https:\/\/www.elcorreo.com\/autor\/juanma-mallo-90.html\" title=\"Juanma Mallo\" rel=\"nofollow noopener\" target=\"_blank\"><br \/>\n<img decoding=\"async\" class=\"v-mdl-ath__img\" src=\"https:\/\/www.europesays.com\/es\/wp-content\/uploads\/2025\/07\/autor-90-foto-2.jpeg\" alt=\"Juanma Mallo\"\/><br \/>\n<\/a><\/p>\n<p class=\"v-mdl-ath__p v-mdl-ath__p--6\">\nS\u00e1bado, 6 de diciembre 2025, 00:19<\/p>\n<p>| Actualizado 08:50h.<\/p>\n<p class=\"v-p\">El narrador principal de DAZN, Miguel \u00c1ngel Rom\u00e1n, tiene un cari\u00f1o especial por San Mam\u00e9s. Si hace un a\u00f1o, en el anterior Athletic-Real Madrid cuando los bilba\u00ednos superaron a los blancos, calific\u00f3 a La Catedral como el <a href=\"https:\/\/www.elcorreo.com\/athletic\/vive-primera-persona-narracion-san-mames-enfade-20241207183750-nt.html\" data-voc-vtm-id=\"in-text-traffic\" title=\"\u00abmejor estadio de la Liga\u00bb\" data-mrf-link=\"www.elcorreo.com\" rel=\"nofollow noopener\" target=\"_blank\">\u00abmejor estadio de la Liga\u00bb<\/a>, este curso ha dado un paso m\u00e1s. Ha ido m\u00e1s all\u00e1. Despu\u00e9s de visitar el campo para contar la victoria blanca (0-3), ha dictado una nueva sentencia. \u00abSan Mam\u00e9s es el mejor estadio del mundo\u00bb, proclama en un v\u00eddeo de poco m\u00e1s de un cuarto de hora en el que desgrana su visita a Bilbao y ofrece una serie de argumentos para llegar a esa conclusi\u00f3n.<\/p>\n<p class=\"v-p\">\u00abOs planteaba al principio -termina su informe- si San Mam\u00e9s es el mejor estadio del mundo o no. S\u00e9 que no hay una respuesta para esta pregunta y depende de muchos factores. Evidentemente, para la gente del Madrid ser\u00e1 el Bernab\u00e9u, para la gente del Barcelona ser\u00e1 el Camp Nou, para la gente del Valladolid ser\u00e1 Zorrilla. Pero a m\u00ed este me parece no s\u00e9 si es el mejor campo del mundo pero s\u00ed uno de los mejores. La instalaci\u00f3n es moderna y extraordinaria. Es acogedora. Tiene un tama\u00f1o formidable y adem\u00e1s de eso ya no es solo lo que es el estadio en s\u00ed mismo. Todo lo que est\u00e1 fuera del estadio tambi\u00e9n me encanta. La manera de entender el f\u00fatbol en Bilbao y en el Pa\u00eds Vasco me parece sensacional, la identificaci\u00f3n de la gente con su club, con los chavales de la cantera, con la filosof\u00eda del Athletic que es \u00fanica en el mundo. Todo eso hacen de San Mam\u00e9s, para m\u00ed, el mejor estadio de f\u00fatbol del mundo. A m\u00ed me encanta venir a San Mam\u00e9s\u00bb, remata su v\u00eddeo. <\/p>\n<p class=\"v-p\">Antes, Rom\u00e1n cuenta que est\u00e1 enamorado de la ciudad. \u00abEl rastro que tiene todav\u00eda de ciudad industrial me conecta con mis ra\u00edces porque yo soy del cintur\u00f3n industrial de Barcelona por lo tanto que supongo que algo tiene que ver\u00bb. Adem\u00e1s de eso, subraya el hecho de que en Bilbao y Bizkaia, salvo excepciones -muestra una ventana enfrente de San Mam\u00e9s con una bandera de la Real- la poblaci\u00f3n apoya al cuadro de Valverde. \u00abAqu\u00ed todo el mundo que nace es del Athletic. Bilbao y Bizkaia son rojiblancas\u00bb, destaca. <\/p>\n<p class=\"v-p\">Durante el paseo, recuerda que la villa fue la ciudad que le vio debutar como comentarista deportivo (un Bilbao Basket-CB Cornell\u00e1 de LEB Plata en la campa\u00f1a 2000-01), y se acerca al campo por Licenciado Poza. \u00abSan Mam\u00e9s es un megaedificio. Me recuerda a los estadios de toda la vida, que est\u00e1n pegados a los edificios\u00bb. Muestra la estatua de Iribar, la pantalla, la tienda oficial, el restaurante La Campa de los Ingleses. Relata que hay 2.700 paneles exteriores a cinco alturas para &#8216;iluminar&#8217; el campo. <\/p>\n<p class=\"v-p\">Se detiene, adem\u00e1s, en las <a href=\"https:\/\/www.elcorreo.com\/athletic\/athletic-inaugurara-monumento-homenajeara-jugadores-125-aniversario-20230728102816-nt.html\" data-voc-vtm-id=\"in-text-traffic\" title=\"dos l\u00edneas\" data-mrf-link=\"www.elcorreo.com\" rel=\"nofollow noopener\" target=\"_blank\">dos l\u00edneas<\/a> trazadas en la explanada delantera de San Mam\u00e9s que recuerdan las porter\u00edas del antiguo campo. Recuerda que el estadio tiene 53.331 localidades, lo que le convierte \u00aben uno de los estadios m\u00e1s grandes de toda Espa\u00f1a\u00bb, y dice que se pueden ampliar en \u00ab2.000 plazas m\u00e1s\u00bb. \u00abEs uno de los estadios m\u00e1s limpios y cuidados que he visitado. El partido contra el Real Madrid es un cl\u00e1sico del f\u00fatbol espa\u00f1ol, porque son de los fundadores de la Liga, uno de los tres que nunca han descendido&#8230;\u00bb, resume.<\/p>\n<p class=\"v-p\">Por cierto, se detiene en la peculiaridad de los banquillos. En lugar de \u00abbutacas enteras\u00bb, como en el Santiago Bernab\u00e9u y el Camp Nou, \u00abson una especie de sillas que recogen la mitad del cuello. Fueron reformados en 2024\u00bb, indica Rom\u00e1n, que tambi\u00e9n alaba el trabajo de la Fundaci\u00f3n del Athletic. <\/p>\n<p><img decoding=\"async\" loading=\"lazy\" src=\"https:\/\/www.europesays.com\/es\/wp-content\/uploads\/2025\/12\/banquillosanmames.PNG\" class=\"v-a-img\" width=\"1118\" height=\"421\" alt=\"\" data-voc-vtm-id=\"in-text-traffic\"\/><\/p>\n<p><img loading=\"lazy\" decoding=\"async\" src=\"https:\/\/www.europesays.com\/es\/wp-content\/uploads\/2025\/12\/banquillosanmames.PNG\" class=\"v-mdl__img-z\" width=\"1118\" height=\"421\" alt=\"\"\/><\/p>\n<p class=\"v-p\">De nuevo, el narrador principal de DAZN habla de una \u00abinstalaci\u00f3n moderna, c\u00f3moda, bien equipada&#8230; Tiene una de las mejores ac\u00fasticas de Primera Divisi\u00f3n. El himno en San Mam\u00e9s es alucinante. Por todo lo que os he comentado San Mam\u00e9s tiene algo especial\u00bb. <\/p>\n<p>Reporta un error<\/p>\n","protected":false},"excerpt":{"rendered":"S\u00e1bado, 6 de diciembre 2025, 00:19 | Actualizado 08:50h. El narrador principal de DAZN, Miguel \u00c1ngel Rom\u00e1n, tiene&hellip;\n","protected":false},"author":2,"featured_media":273923,"comment_status":"","ping_status":"","sticky":false,"template":"","format":"standard","meta":{"footnotes":""},"categories":[268],"tags":[305,168,18715,25,24,3129,280,282,23980,1684,3013,50335,15068,2228,5877,281,23,167],"class_list":{"0":"post-273922","1":"post","2":"type-post","3":"status-publish","4":"format-standard","5":"has-post-thumbnail","7":"category-futbol","8":"tag-dazn","9":"tag-deportes","10":"tag-dicta","11":"tag-es","12":"tag-espana","13":"tag-estadio","14":"tag-football","15":"tag-futbol","16":"tag-mames","17":"tag-mejor","18":"tag-mundo","19":"tag-narrador","20":"tag-principal","21":"tag-san","22":"tag-sentencia","23":"tag-soccer","24":"tag-spain","25":"tag-sports"},"share_on_mastodon":{"url":"https:\/\/pubeurope.com\/@es\/115671824601504237","error":""},"_links":{"self":[{"href":"https:\/\/www.europesays.com\/es\/wp-json\/wp\/v2\/posts\/273922","targetHints":{"allow":["GET"]}}],"collection":[{"href":"https:\/\/www.europesays.com\/es\/wp-json\/wp\/v2\/posts"}],"about":[{"href":"https:\/\/www.europesays.com\/es\/wp-json\/wp\/v2\/types\/post"}],"author":[{"embeddable":true,"href":"https:\/\/www.europesays.com\/es\/wp-json\/wp\/v2\/users\/2"}],"replies":[{"embeddable":true,"href":"https:\/\/www.europesays.com\/es\/wp-json\/wp\/v2\/comments?post=273922"}],"version-history":[{"count":0,"href":"https:\/\/www.europesays.com\/es\/wp-json\/wp\/v2\/posts\/273922\/revisions"}],"wp:featuredmedia":[{"embeddable":true,"href":"https:\/\/www.europesays.com\/es\/wp-json\/wp\/v2\/media\/273923"}],"wp:attachment":[{"href":"https:\/\/www.europesays.com\/es\/wp-json\/wp\/v2\/media?parent=273922"}],"wp:term":[{"taxonomy":"category","embeddable":true,"href":"https:\/\/www.europesays.com\/es\/wp-json\/wp\/v2\/categories?post=273922"},{"taxonomy":"post_tag","embeddable":true,"href":"https:\/\/www.europesays.com\/es\/wp-json\/wp\/v2\/tags?post=273922"}],"curies":[{"name":"wp","href":"https:\/\/api.w.org\/{rel}","templated":true}]}}