{"id":273924,"date":"2025-12-06T09:05:09","date_gmt":"2025-12-06T09:05:09","guid":{"rendered":"https:\/\/www.europesays.com\/es\/273924\/"},"modified":"2025-12-06T09:05:09","modified_gmt":"2025-12-06T09:05:09","slug":"elegancia-y-canas-pero-hasta-donde","status":"publish","type":"post","link":"https:\/\/www.europesays.com\/es\/273924\/","title":{"rendered":"elegancia y canas, pero, \u00bfhasta d\u00f3nde?"},"content":{"rendered":"<p>La modelo y actriz Laura S\u00e1nchez ha decidido sumarse a la tendencia de lucir canas, y eso tiene a algunos en desacuerdo. Si bien es indiscutiblemente espectacular , es innegable que esas canas, para algunas personas pueden tener un efecto de envejecimiento. A los 45 a\u00f1os, <b>Laura parece segura de su elecci\u00f3n, pero la pregunta es: \u00bfson realmente las canas la mejor opci\u00f3n para una mujer joven y guapa?<\/b> Cerrar los ojos ante la realidad de que las canas pueden a\u00f1adir a\u00f1os es f\u00e1cil, pero hay que reconocer que mantenerlas en buen estado requiere dedicaci\u00f3n. Laura, que ha hecho de la naturalidad su bandera, debe lidiar con el hecho de que llevar canas bonitas no es un asunto despreciable. La tendencia de los cabellos grises puede ser liberadora, pero tambi\u00e9n cuesta, y no solo en t\u00e9rminos de tiempo. Mantener canas brillantes y saludables implica desembolsar una buena cantidad de dinero en cuidados espec\u00edficos: productos que evitan el amarillamiento, champ\u00fas especiales, y tratamientos hidratantes son solo algunas de las inversiones necesarias.<\/p>\n<p>Para que Laura luzca esas canas sin perder el brillo ni el estilo, <b>la rutina podr\u00eda incluir un champ\u00fa morado (para combatir el tono amarillento) a unos 25 euros, m\u00e1s un acondicionador de calidad para mantener la hidrataci\u00f3n, que podr\u00eda costar otros 30 euros<\/b>. Si sumamos tratamientos de brillo o serums espec\u00edficos, estamos hablando de otras 40 euros al mes. Al final del a\u00f1o, manteneniendo un pelo canoso y fant\u00e1stico, el presupuesto de Laura podr\u00eda rondar los 1.100 euros.<\/p>\n<p><img decoding=\"async\" loading=\"lazy\" src=\"https:\/\/www.europesays.com\/es\/wp-content\/uploads\/2025\/12\/laura-sanchez_123.jpg\" alt=\"Laura S\u00e1nchez\" width=\"1280\" height=\"1920\"\/><b>Laura S\u00e1nchez<\/b>Gtres<\/p>\n<p>Claro, si lo comparamos con los tintes frecuentes que muchas eligen, parece haber ahorro. Un color de cabello puede costar entre 50 y 100 euros por sesi\u00f3n cada seis semanas, lo que podr\u00eda sumar f\u00e1cilmente m\u00e1s de 800 euros anuales. Sin duda, optar por las canas puede parecer atractivo desde la perspectiva econ\u00f3mica, pero no podemos olvidar el precio a pagar en cuanto a la percepci\u00f3n de la belleza. <b>Hablando de percepci\u00f3n, es dif\u00edcil no notar que Laura, con todas sus canas y su encanto, irradia una confianza que puede ser envidiable<\/b>. La verdad es que cada uno tiene su estilo, y Laura S\u00e1nchez ha elegido el suyo: una mezcla de comodidad y elegancia que no se encuentra en cualquier parte. Lucir canas puede verse como un acto de valent\u00eda, pero no podemos olvidar que, en el fondo, el brillo verdadero proviene de sentirse divina, ya sea con canas o sin ellas.te\u00f1ido que respete el estilo personal.<\/p>\n","protected":false},"excerpt":{"rendered":"La modelo y actriz Laura S\u00e1nchez ha decidido sumarse a la tendencia de lucir canas, y eso tiene&hellip;\n","protected":false},"author":2,"featured_media":273925,"comment_status":"","ping_status":"","sticky":false,"template":"","format":"standard","meta":{"footnotes":""},"categories":[174],"tags":[255,146,147,25,24,256,23],"class_list":{"0":"post-273924","1":"post","2":"type-post","3":"status-publish","4":"format-standard","5":"has-post-thumbnail","7":"category-famosos","8":"tag-celebrities","9":"tag-entertainment","10":"tag-entretenimiento","11":"tag-es","12":"tag-espana","13":"tag-famosos","14":"tag-spain"},"share_on_mastodon":{"url":"https:\/\/pubeurope.com\/@es\/115671828177123730","error":""},"_links":{"self":[{"href":"https:\/\/www.europesays.com\/es\/wp-json\/wp\/v2\/posts\/273924","targetHints":{"allow":["GET"]}}],"collection":[{"href":"https:\/\/www.europesays.com\/es\/wp-json\/wp\/v2\/posts"}],"about":[{"href":"https:\/\/www.europesays.com\/es\/wp-json\/wp\/v2\/types\/post"}],"author":[{"embeddable":true,"href":"https:\/\/www.europesays.com\/es\/wp-json\/wp\/v2\/users\/2"}],"replies":[{"embeddable":true,"href":"https:\/\/www.europesays.com\/es\/wp-json\/wp\/v2\/comments?post=273924"}],"version-history":[{"count":0,"href":"https:\/\/www.europesays.com\/es\/wp-json\/wp\/v2\/posts\/273924\/revisions"}],"wp:featuredmedia":[{"embeddable":true,"href":"https:\/\/www.europesays.com\/es\/wp-json\/wp\/v2\/media\/273925"}],"wp:attachment":[{"href":"https:\/\/www.europesays.com\/es\/wp-json\/wp\/v2\/media?parent=273924"}],"wp:term":[{"taxonomy":"category","embeddable":true,"href":"https:\/\/www.europesays.com\/es\/wp-json\/wp\/v2\/categories?post=273924"},{"taxonomy":"post_tag","embeddable":true,"href":"https:\/\/www.europesays.com\/es\/wp-json\/wp\/v2\/tags?post=273924"}],"curies":[{"name":"wp","href":"https:\/\/api.w.org\/{rel}","templated":true}]}}