{"id":273926,"date":"2025-12-06T09:06:18","date_gmt":"2025-12-06T09:06:18","guid":{"rendered":"https:\/\/www.europesays.com\/es\/273926\/"},"modified":"2025-12-06T09:06:18","modified_gmt":"2025-12-06T09:06:18","slug":"ferran-aguilar-gana-el-premio-lux-2025-en-la-categoria-de-naturaleza","status":"publish","type":"post","link":"https:\/\/www.europesays.com\/es\/273926\/","title":{"rendered":"Ferran Aguilar gana el Premio Lux 2025 en la categor\u00eda de Naturaleza"},"content":{"rendered":"<p>                                    <img decoding=\"async\" loading=\"lazy\" src=\"https:\/\/www.europesays.com\/es\/wp-content\/uploads\/2025\/12\/68efa36de4ce6.jpeg\" alt=\"Jordi Cabr\u00e9\" width=\"40\" height=\"40\" data-full-src=\"https:\/\/www.europesays.com\/es\/wp-content\/uploads\/2025\/12\/68efa36de4ce6.jpeg\"\/><\/p>\n<p class=\"paragraph\"><b>El fot\u00f3grafo Ferran Aguilar Ant\u00f3n <\/b>ha sido galardonado en los Premios Lux de Fotograf\u00eda Profesional, celebrados en el Disseny Hub Barcelona el pasado jueves, con un Oro\/Plata\/Bronce en la categor\u00eda de Naturaleza, por la obra <b>Todo es una red<\/b>.<\/p>\n<p class=\"c-detail__media__subtitle\">\n<p>        Todo es una redFerran Aguilar<\/p>\n<p class=\"paragraph\">Con esta obra, <b>el fot\u00f3grafo tarraconense afincado en And\u00fajar<\/b> busca transmitir la relaci\u00f3n vital que une a la humanidad con los insectos, en un momento en el que estamos asistiendo a una extinci\u00f3n masiva de los insectos polinizadores, un proceso de gravedad extrema cuyas consecuencias para la humanidad no se puede calibrar.<\/p>\n<p>            <a href=\"#\" title=\"\"><\/p>\n<p>                    <img loading=\"lazy\" decoding=\"async\" data-index=\"\" width=\"140\" height=\"140\" alt=\"\" data-full=\"[object Object]\" data-original=\"[object Object]\" src=\"https:\/\/imagenes.diaridetarragona.com\/files\/related_image\/uploads\/2025\/06\/05\/6840dfdee5220.jpeg\" data-full-src=\"https:\/\/www.europesays.com\/es\/wp-content\/uploads\/2025\/12\/6840dfdee5220.jpeg\"\/><\/p>\n<p>            <\/a><\/p>\n<p class=\"paragraph\"><b>La Asociaci\u00f3n de Fot\u00f3grafos Profesionales de Espa\u00f1a cre\u00f3 en 1983 los Premios Lux<\/b>, que se han posicionado como un referente de la fotograf\u00eda profesional en Espa\u00f1a.\u00a0<\/p>\n<p class=\"paragraph\">Su prop\u00f3sito es dar visibilidad, reconocimiento y prestigio a este arte, y mantener viva la ilusi\u00f3n de los fot\u00f3grafos y las fot\u00f3grafas profesionales que se presentan cada a\u00f1o.\u00a0<\/p>\n<p>            <a href=\"#\" title=\"\"><\/p>\n<p>                    <img loading=\"lazy\" decoding=\"async\" data-index=\"\" width=\"140\" height=\"140\" alt=\"\" data-full=\"[object Object]\" data-original=\"[object Object]\" src=\"https:\/\/imagenes.diaridetarragona.com\/files\/related_image\/uploads\/2025\/06\/05\/6840dbae3a16f.jpeg\" data-full-src=\"https:\/\/www.europesays.com\/es\/wp-content\/uploads\/2025\/12\/6840dbae3a16f.jpeg\"\/><\/p>\n<p>            <\/a><\/p>\n<p class=\"paragraph\">El prestigio de estos premios viene respaldado por la enorme calidad de los trabajos presentado y por un jurado que se renueva a\u00f1o tras a\u00f1o.<\/p>\n","protected":false},"excerpt":{"rendered":"El fot\u00f3grafo Ferran Aguilar Ant\u00f3n ha sido galardonado en los Premios Lux de Fotograf\u00eda Profesional, celebrados en el&hellip;\n","protected":false},"author":2,"featured_media":273927,"comment_status":"","ping_status":"","sticky":false,"template":"","format":"standard","meta":{"footnotes":""},"categories":[173],"tags":[229,233,231,230,232,234,146,147,25,24,23],"class_list":{"0":"post-273926","1":"post","2":"type-post","3":"status-publish","4":"format-standard","5":"has-post-thumbnail","7":"category-arte-y-diseno","8":"tag-arte","9":"tag-arte-y-diseno","10":"tag-arts","11":"tag-arts-and-design","12":"tag-design","13":"tag-diseno","14":"tag-entertainment","15":"tag-entretenimiento","16":"tag-es","17":"tag-espana","18":"tag-spain"},"share_on_mastodon":{"url":"https:\/\/pubeurope.com\/@es\/115671831998451750","error":""},"_links":{"self":[{"href":"https:\/\/www.europesays.com\/es\/wp-json\/wp\/v2\/posts\/273926","targetHints":{"allow":["GET"]}}],"collection":[{"href":"https:\/\/www.europesays.com\/es\/wp-json\/wp\/v2\/posts"}],"about":[{"href":"https:\/\/www.europesays.com\/es\/wp-json\/wp\/v2\/types\/post"}],"author":[{"embeddable":true,"href":"https:\/\/www.europesays.com\/es\/wp-json\/wp\/v2\/users\/2"}],"replies":[{"embeddable":true,"href":"https:\/\/www.europesays.com\/es\/wp-json\/wp\/v2\/comments?post=273926"}],"version-history":[{"count":0,"href":"https:\/\/www.europesays.com\/es\/wp-json\/wp\/v2\/posts\/273926\/revisions"}],"wp:featuredmedia":[{"embeddable":true,"href":"https:\/\/www.europesays.com\/es\/wp-json\/wp\/v2\/media\/273927"}],"wp:attachment":[{"href":"https:\/\/www.europesays.com\/es\/wp-json\/wp\/v2\/media?parent=273926"}],"wp:term":[{"taxonomy":"category","embeddable":true,"href":"https:\/\/www.europesays.com\/es\/wp-json\/wp\/v2\/categories?post=273926"},{"taxonomy":"post_tag","embeddable":true,"href":"https:\/\/www.europesays.com\/es\/wp-json\/wp\/v2\/tags?post=273926"}],"curies":[{"name":"wp","href":"https:\/\/api.w.org\/{rel}","templated":true}]}}