{"id":273928,"date":"2025-12-06T09:08:10","date_gmt":"2025-12-06T09:08:10","guid":{"rendered":"https:\/\/www.europesays.com\/es\/273928\/"},"modified":"2025-12-06T09:08:10","modified_gmt":"2025-12-06T09:08:10","slug":"rojos-y-maricones-por-sergi-pamies","status":"publish","type":"post","link":"https:\/\/www.europesays.com\/es\/273928\/","title":{"rendered":"Rojos y maricones, por Sergi P\u00e0mies"},"content":{"rendered":"<p data-gtm-element-container=\"modulo-texto-link\" class=\"paragraph\">Late xou (La 1) y Al cielo con ella (La 2) son programas adscritos a una concepci\u00f3n del entretenimiento que incluye contenidos de actualidad, no tanto en la selecci\u00f3n de invitados como en la mirada de sus presentadores, Marc Gir\u00f3 y Henar \u00c1lvarez. Si hace unas d\u00e9cadas Boris Izaguirre y Jorge Javier V\u00e1zquez encarnaron una festiva apertura de armarios y la reivindicaci\u00f3n de todas las identidades sexuales, Gir\u00f3 y \u00c1lvarez mantienen esta militancia en un contexto que incluye a mujeres lesbianas, hombres gays y personas bisexuales, trans, intersex o queers. Si entonces Telecinco asumi\u00f3 este papel, hoy RTVE lo sigue reivindicando a trav\u00e9s de dos late night que parecen homenajear ese momento en el que, discutiendo con el paparazzi Antonio Montero, Jorge Javier le solt\u00f3: \u201cEste es un programa de rojos y maricones y quien no quiera que no lo vea\u201d. El programa era S\u00e1lvame , que, entre cat\u00e1strofes y abismos, siempre podr\u00e1 presumir de haber subvertido los protocolos de plat\u00f3 y generado avances en la visibilidad de la diversidad.<\/p>\n<p>                <img loading=\"lazy\" decoding=\"async\" data-full-src=\"https:\/\/www.lavanguardia.com\/uploads\/2025\/09\/25\/68d579abd3858.jpeg\" alt=\"El presentador Marc Gir\u00f3 durante el rodaje de 'Late Xou' (septiembre, 2025)\" width=\"449\" height=\"299\" src=\"https:\/\/www.europesays.com\/es\/wp-content\/uploads\/2025\/12\/68d579abd3858.jpeg\" class=\"lazy\"\/><\/p>\n<p class=\"caption-title \">El presentador Marc Gir\u00f3 durante el rodaje de &#8216;Late Xou&#8217; (septiembre, 2025)<\/p>\n<p>                    RTVE<\/p>\n<p>La vehemencia de Gir\u00f3 y de \u00c1lvarez deber\u00eda poder debatirse sin ser linchados per el odio de trinchera<\/p>\n<p data-gtm-element-container=\"modulo-texto-link\" class=\"paragraph\"><strong>ESTRIDENCIA.<\/strong> La vehemencia de Gir\u00f3 y \u00c1lvarez suscita preguntas que, teniendo en cuenta la te\u00f3rica transversalidad de los medios p\u00fablicos, deber\u00edamos poder debatir sin ser linchados por el odio de trinchera. Gir\u00f3 y \u00c1lvarez empiezan sus programas con un mon\u00f3logo-editorial que expande un repertorio de opiniones que suelen denunciar actitudes machistas, abusos racistas y aberraciones declarativas de personajes de la derecha, moderada o extrema. Si RTVE estuviera dirigida por una administraci\u00f3n de derechas o extrema derecha, \u00bfaceptar\u00edamos mon\u00f3logos de ideolog\u00eda y contenidos inversos a los que se expresan en el Late xou y   Al cielo con ella ? Es una pregunta ret\u00f3rica, porque parece evidente que ambos presentadores apuestan por un uso de la libertad de expresi\u00f3n que ampl\u00ede los l\u00edmites de la conveniencia y huya de la falsa pluralidad uniforme. Es, aunque no nos guste, la primera misi\u00f3n \u2013recordemos la frase de Jorge Javier\u2013 de la aut\u00e9ntica libertad de expresi\u00f3n. Gir\u00f3 y \u00c1lvarez hacen unos mon\u00f3logo en los que a veces la carga de serm\u00f3n supera la de comicidad \u2013es cuando son m\u00e1s discutibles\u2013 pero que compensan los largos periodos de silencio o indiferencia sobre determinados temas. Como consumidor de programas de \u201crojos y maricones\u201d, lo que no entiendo, es: \u00bfpor qu\u00e9 gritan tanto? \u00bfDe verdad creen que gritando como el speaker del Camp Nou, su mensaje ser\u00e1 m\u00e1s combativo, inteligente o c\u00f3mico?<\/p>\n","protected":false},"excerpt":{"rendered":"Late xou (La 1) y Al cielo con ella (La 2) son programas adscritos a una concepci\u00f3n del&hellip;\n","protected":false},"author":2,"featured_media":273929,"comment_status":"","ping_status":"","sticky":false,"template":"","format":"standard","meta":{"footnotes":""},"categories":[171],"tags":[146,147,25,24,23,214],"class_list":{"0":"post-273928","1":"post","2":"type-post","3":"status-publish","4":"format-standard","5":"has-post-thumbnail","7":"category-tv","8":"tag-entertainment","9":"tag-entretenimiento","10":"tag-es","11":"tag-espana","12":"tag-spain","13":"tag-tv"},"share_on_mastodon":{"url":"https:\/\/pubeurope.com\/@es\/115671840372903095","error":""},"_links":{"self":[{"href":"https:\/\/www.europesays.com\/es\/wp-json\/wp\/v2\/posts\/273928","targetHints":{"allow":["GET"]}}],"collection":[{"href":"https:\/\/www.europesays.com\/es\/wp-json\/wp\/v2\/posts"}],"about":[{"href":"https:\/\/www.europesays.com\/es\/wp-json\/wp\/v2\/types\/post"}],"author":[{"embeddable":true,"href":"https:\/\/www.europesays.com\/es\/wp-json\/wp\/v2\/users\/2"}],"replies":[{"embeddable":true,"href":"https:\/\/www.europesays.com\/es\/wp-json\/wp\/v2\/comments?post=273928"}],"version-history":[{"count":0,"href":"https:\/\/www.europesays.com\/es\/wp-json\/wp\/v2\/posts\/273928\/revisions"}],"wp:featuredmedia":[{"embeddable":true,"href":"https:\/\/www.europesays.com\/es\/wp-json\/wp\/v2\/media\/273929"}],"wp:attachment":[{"href":"https:\/\/www.europesays.com\/es\/wp-json\/wp\/v2\/media?parent=273928"}],"wp:term":[{"taxonomy":"category","embeddable":true,"href":"https:\/\/www.europesays.com\/es\/wp-json\/wp\/v2\/categories?post=273928"},{"taxonomy":"post_tag","embeddable":true,"href":"https:\/\/www.europesays.com\/es\/wp-json\/wp\/v2\/tags?post=273928"}],"curies":[{"name":"wp","href":"https:\/\/api.w.org\/{rel}","templated":true}]}}