{"id":27393,"date":"2025-08-05T14:36:10","date_gmt":"2025-08-05T14:36:10","guid":{"rendered":"https:\/\/www.europesays.com\/es\/27393\/"},"modified":"2025-08-05T14:36:10","modified_gmt":"2025-08-05T14:36:10","slug":"trump-senala-planes-de-aranceles-candidatos-a-la-fed-y-avances-con-china","status":"publish","type":"post","link":"https:\/\/www.europesays.com\/es\/27393\/","title":{"rendered":"Trump se\u00f1ala planes de aranceles, candidatos a la Fed y avances con China"},"content":{"rendered":"\n<p class=\"yf-1090901\">Investing.com &#8211; El presidente Donald Trump anunci\u00f3 el martes que Scott Bessent ha declinado ser considerado para presidente de la Reserva Federal, mientras elogi\u00f3 a \u00abambos Kevins\u00bb &#8211; Kevin Warsh y Kevin Hassett &#8211; como candidatos \u00abmuy buenos\u00bb para el puesto.<\/p>\n<p class=\"yf-1090901\">Hablando en CNBC, Trump reiter\u00f3 sus cr\u00edticas de que el actual presidente de la Fed, Jerome Powell, ha sido \u00abdemasiado lento para recortar las tasas\u00bb y mencion\u00f3 que tiene \u00abotras dos personas adem\u00e1s de los dos Kevins en mente\u00bb para el cargo.<\/p>\n<p class=\"yf-1090901\">El presidente advirti\u00f3 que impondr\u00eda un arancel del 35% sobre los productos de la Uni\u00f3n Europea si el bloque \u00abno cumple con sus obligaciones\u00bb tras los recientes acuerdos comerciales con la UE y Jap\u00f3n.<\/p>\n<p class=\"yf-1090901\">Trump tambi\u00e9n revel\u00f3 planes para anunciar niveles de aranceles sobre productos farmac\u00e9uticos y chips semiconductores \u00abdentro de la pr\u00f3xima semana\u00bb. Indic\u00f3 que los aranceles farmac\u00e9uticos comenzar\u00edan siendo peque\u00f1os pero \u00abpodr\u00edan llegar hasta el 250% eventualmente\u00bb, mencionando espec\u00edficamente que \u00abSuiza hace fortuna con los productos farmac\u00e9uticos\u00bb.<\/p>\n<p class=\"yf-1090901\">Sobre el comercio internacional, Trump calific\u00f3 a India como \u00abla naci\u00f3n con los aranceles m\u00e1s altos\u00bb que \u00abno ha sido un buen socio comercial\u00bb y afirm\u00f3 que \u00abaumentar\u00e1 sustancialmente los aranceles a India en las pr\u00f3ximas 24 horas\u00bb.<\/p>\n<p class=\"yf-1090901\">Respecto a China, Trump se mostr\u00f3 optimista, diciendo \u00abestamos cerca de un acuerdo con China\u00bb y \u00abcreo que haremos un buen acuerdo con China\u00bb. Se\u00f1al\u00f3 que el presidente chino Xi Jinping \u00absolicit\u00f3 una reuni\u00f3n\u00bb y que se reunir\u00eda con Xi \u00absi tenemos un acuerdo\u00bb.<\/p>\n<p class=\"yf-1090901\">El presidente tambi\u00e9n afirm\u00f3 que \u00ablas estad\u00edsticas laborales son muy pol\u00edticas\u00bb y reiter\u00f3 acusaciones de que las estad\u00edsticas laborales estaban \u00abmanipuladas\u00bb.<\/p>\n<p> Story Continues <\/p>\n","protected":false},"excerpt":{"rendered":"Investing.com &#8211; El presidente Donald Trump anunci\u00f3 el martes que Scott Bessent ha declinado ser considerado para presidente&hellip;\n","protected":false},"author":2,"featured_media":18578,"comment_status":"","ping_status":"","sticky":false,"template":"","format":"standard","meta":{"footnotes":""},"categories":[42],"tags":[17,18,352,13,14,11,61,62,63,64,1845,14939,14940,19,20,9,10,15,16,14938,11315,12,21,22,65,66,67],"class_list":{"0":"post-27393","1":"post","2":"type-post","3":"status-publish","4":"format-standard","5":"has-post-thumbnail","7":"category-internacional","8":"tag-breaking-news","9":"tag-breakingnews","10":"tag-donald-trump","11":"tag-featured-news","12":"tag-featurednews","13":"tag-headlines","14":"tag-internacional","15":"tag-international","16":"tag-international-news","17":"tag-internationalnews","18":"tag-jerome-powell","19":"tag-kevin-hassett","20":"tag-kevin-warsh","21":"tag-latest-news","22":"tag-latestnews","23":"tag-news","24":"tag-noticias","25":"tag-noticias-destacadas","26":"tag-noticiasdestacadas","27":"tag-productos-farmaceuticos","28":"tag-scott-bessent","29":"tag-titulares","30":"tag-ultimas-noticias","31":"tag-ultimasnoticias","32":"tag-world","33":"tag-world-news","34":"tag-worldnews"},"share_on_mastodon":{"url":"","error":""},"_links":{"self":[{"href":"https:\/\/www.europesays.com\/es\/wp-json\/wp\/v2\/posts\/27393","targetHints":{"allow":["GET"]}}],"collection":[{"href":"https:\/\/www.europesays.com\/es\/wp-json\/wp\/v2\/posts"}],"about":[{"href":"https:\/\/www.europesays.com\/es\/wp-json\/wp\/v2\/types\/post"}],"author":[{"embeddable":true,"href":"https:\/\/www.europesays.com\/es\/wp-json\/wp\/v2\/users\/2"}],"replies":[{"embeddable":true,"href":"https:\/\/www.europesays.com\/es\/wp-json\/wp\/v2\/comments?post=27393"}],"version-history":[{"count":0,"href":"https:\/\/www.europesays.com\/es\/wp-json\/wp\/v2\/posts\/27393\/revisions"}],"wp:featuredmedia":[{"embeddable":true,"href":"https:\/\/www.europesays.com\/es\/wp-json\/wp\/v2\/media\/18578"}],"wp:attachment":[{"href":"https:\/\/www.europesays.com\/es\/wp-json\/wp\/v2\/media?parent=27393"}],"wp:term":[{"taxonomy":"category","embeddable":true,"href":"https:\/\/www.europesays.com\/es\/wp-json\/wp\/v2\/categories?post=27393"},{"taxonomy":"post_tag","embeddable":true,"href":"https:\/\/www.europesays.com\/es\/wp-json\/wp\/v2\/tags?post=27393"}],"curies":[{"name":"wp","href":"https:\/\/api.w.org\/{rel}","templated":true}]}}