{"id":273930,"date":"2025-12-06T09:09:09","date_gmt":"2025-12-06T09:09:09","guid":{"rendered":"https:\/\/www.europesays.com\/es\/273930\/"},"modified":"2025-12-06T09:09:09","modified_gmt":"2025-12-06T09:09:09","slug":"dua-lipa-canta-amor-prohibido-de-selena-en-su-ultimo-concierto-del-estadio-gnp-seguros-y-cierra-con-exito-su-radical-optimism-tour","status":"publish","type":"post","link":"https:\/\/www.europesays.com\/es\/273930\/","title":{"rendered":"Dua Lipa canta \u201cAmor Prohibido\u201d de Selena en su \u00faltimo concierto del Estadio GNP Seguros y cierra con \u00e9xito su \u201cRadical Optimism Tour\u201d"},"content":{"rendered":"<p><img alt=\"Dua Lipa homenaje\u00f3 a Selena&#10;&#10;(Ig\" class=\"global-image\" decoding=\"async\" fetchpriority=\"high\" height=\"1080\" loading=\"eager\" src=\"https:\/\/www.europesays.com\/es\/wp-content\/uploads\/2025\/12\/C32CJLW7JBGCBDIQJKVMVL7XP4.jpg\" width=\"1920\"\/>Dua Lipa homenaje\u00f3 a Selena<\/p>\n<p>(Ig de Dua Lipa) (John Everett\/Houston Chronicle via AP)<\/p>\n<p class=\"paragraph\">Este 5 de diciembre se llev\u00f3 a cabo el \u00faltimo de tres conciertos que ofreci\u00f3 la cantante brit\u00e1nica <b>Dua Lipa<\/b> en la Ciudad de M\u00e9xico. El show no s\u00f3lo fue el final de su paso por el emblem\u00e1tico Estadio GNP Seguros, sino tambi\u00e9n el cierre de su taquillera gira mundial<b> Radical Optimism Tour<\/b>. <\/p>\n<p class=\"paragraph\">La presencia de<b> <\/b><a rel=\"noopener noreferrer nofollow\" href=\"https:\/\/www.infobae.com\/mexico\/2025\/12\/06\/esta-fue-la-primera-vez-que-dua-lipa-se-presento-en-mexico\/\" target=\"_blank\" title=\"https:\/\/www.infobae.com\/mexico\/2025\/12\/06\/esta-fue-la-primera-vez-que-dua-lipa-se-presento-en-mexico\/\">Dua Lipa en la capital<\/a> del pa\u00eds ha generado una expectaci\u00f3n inusual, no solo por sus conciertos, sino tambi\u00e9n por sus paseos por la capital <b>como una turista m\u00e1s<\/b>. <\/p>\n<p class=\"paragraph\">La artista brit\u00e1nica<b> fue vista en varios puntos clave de la Ciudad de M\u00e9xico<\/b>: desde restaurantes de mariscos, hasta tiendas de ropa, bares de m\u00fasica salsa y hasta modestas taquer\u00edas. <\/p>\n<p class=\"paragraph\">Las <b>expectativas <\/b>para el \u00faltimo concierto de la gira en M\u00e9xico eran altas, especialmente por la inc\u00f3gnita respecto a la canci\u00f3n de un artista local que interpretar\u00eda. <\/p>\n<p class=\"paragraph\">Tras sorprender con la versi\u00f3n de B\u00e9same mucho de <b>Luis Miguel<\/b> y el dueto con <b>Fher de Man\u00e1<\/b>, los seguidores mexicanos quer\u00edan que Dua Lipa rindiera homenaje a <b>Juan Gabriel<\/b>.<\/p>\n<p class=\"paragraph\">Sin embargo, la brit\u00e1nica eligi\u00f3 uno de los temas m\u00e1s emblem\u00e1ticos de <b>Selena Quintanilla<\/b> para su \u00faltimo concierto:<b> Amor Prohibido. <\/b><\/p>\n<p class=\"paragraph\">La cantante sorprendi\u00f3 a los m\u00e1s de <b>60 mil asistentes<\/b> con el cover, mismo que interpret\u00f3 en la punta de la pasarela y acompa\u00f1ada de su banda. <\/p>\n<p><img alt=\"Dua Lipa deslumbra con su\" class=\"global-image\" decoding=\"async\" fetchpriority=\"low\" height=\"1080\" loading=\"lazy\" src=\"https:\/\/www.europesays.com\/es\/wp-content\/uploads\/2025\/12\/ZQ7ABXPPDVCOJDJUL2KO3ALZFU.jpg\" width=\"1920\"\/>Dua Lipa deslumbra con su gira \u00abRadical Optimism Tour\u00bb. <\/p>\n<p class=\"paragraph\">Con una introducci\u00f3n visual que evocaba olas marinas, seguida de su aparici\u00f3n en el escenario interpretando <b>Training Seasons<\/b> y luciendo un atuendo plateado que capt\u00f3 la atenci\u00f3n del p\u00fablico, Dua Lipa ofreci\u00f3 tres shows en la Ciudad de M\u00e9xico. <\/p>\n<p class=\"paragraph\">En la primera parte del espect\u00e1culo, la artista incluy\u00f3 temas emblem\u00e1ticos de su discograf\u00eda, desde los \u00e9xitos de su \u00e1lbum debut hasta sus lanzamientos m\u00e1s recientes. <\/p>\n<p class=\"paragraph\">Canciones como <b>End of an era<\/b>, <b>Break my heart<\/b>, <b>One kiss<\/b>, <b>Whatcha doing<\/b>, <b>Levitating<\/b> y <b>These Walls<\/b> formaron parte del repertorio inicial. <\/p>\n<p class=\"paragraph\">Posteriormente, lleg\u00f3 uno de los momentos m\u00e1s esperados de la noche: <\/p>\n<p><img alt=\"La brit\u00e1nica invit\u00f3 al mexicano\" class=\"global-image\" decoding=\"async\" fetchpriority=\"low\" height=\"816\" loading=\"lazy\" src=\"https:\/\/www.europesays.com\/es\/wp-content\/uploads\/2025\/12\/NB53TJIVORGXHGV7GPH3EZV7BY.jpg\" width=\"1456\"\/>La brit\u00e1nica invit\u00f3 al mexicano a cantar juntos \u00abOye mi amor\u00bb (Ig\/manaoficial)<\/p>\n<p class=\"paragraph\"><b>el cover de un artista local.<\/b> La primera noche fue B\u00e9same Mucho, la segunda noche Oye mi amor y para el \u00faltimo concierto cant\u00f3 Amor Prohibido. <\/p>\n<p class=\"paragraph\">Los conciertos continuaron con una serie de cambios de vestuario y la interpretaci\u00f3n de temas como <b>Maria, Physical, Electricity, Hallucinate, Illusion, Falling Forever <\/b><b>y <\/b><b>Happy for you<\/b><b>. <\/b><\/p>\n<p class=\"paragraph\"><b>Un segundo escenario<\/b> se elev\u00f3 en el centro del estadio, permitiendo a la cantante acercarse a\u00fan m\u00e1s a sus seguidores mientras interpretaba <b>Love again, Anything for love<\/b><b> y <\/b><b>Be the one.<\/b> El concepto del show se defini\u00f3 como un recorrido musical inspirado en la est\u00e9tica disco de los a\u00f1os setenta y ochenta.<\/p>\n<p class=\"paragraph\">El cierre de los espect\u00e1culos estuvieron marcado por las canciones m\u00e1s bailables de la brit\u00e1nica: <b>New rules<\/b>, <b>Dance the night<\/b>, el cl\u00e1sico <b>Don\u2019t start now<\/b> y <b>Houdini<\/b>. <\/p>\n","protected":false},"excerpt":{"rendered":"Dua Lipa homenaje\u00f3 a Selena (Ig de Dua Lipa) (John Everett\/Houston Chronicle via AP) Este 5 de diciembre&hellip;\n","protected":false},"author":2,"featured_media":273931,"comment_status":"","ping_status":"","sticky":false,"template":"","format":"standard","meta":{"footnotes":""},"categories":[170],"tags":[146,147,25,24,184,185,23],"class_list":{"0":"post-273930","1":"post","2":"type-post","3":"status-publish","4":"format-standard","5":"has-post-thumbnail","7":"category-musica","8":"tag-entertainment","9":"tag-entretenimiento","10":"tag-es","11":"tag-espana","12":"tag-music","13":"tag-musica","14":"tag-spain"},"share_on_mastodon":{"url":"https:\/\/pubeurope.com\/@es\/115671844081913851","error":""},"_links":{"self":[{"href":"https:\/\/www.europesays.com\/es\/wp-json\/wp\/v2\/posts\/273930","targetHints":{"allow":["GET"]}}],"collection":[{"href":"https:\/\/www.europesays.com\/es\/wp-json\/wp\/v2\/posts"}],"about":[{"href":"https:\/\/www.europesays.com\/es\/wp-json\/wp\/v2\/types\/post"}],"author":[{"embeddable":true,"href":"https:\/\/www.europesays.com\/es\/wp-json\/wp\/v2\/users\/2"}],"replies":[{"embeddable":true,"href":"https:\/\/www.europesays.com\/es\/wp-json\/wp\/v2\/comments?post=273930"}],"version-history":[{"count":0,"href":"https:\/\/www.europesays.com\/es\/wp-json\/wp\/v2\/posts\/273930\/revisions"}],"wp:featuredmedia":[{"embeddable":true,"href":"https:\/\/www.europesays.com\/es\/wp-json\/wp\/v2\/media\/273931"}],"wp:attachment":[{"href":"https:\/\/www.europesays.com\/es\/wp-json\/wp\/v2\/media?parent=273930"}],"wp:term":[{"taxonomy":"category","embeddable":true,"href":"https:\/\/www.europesays.com\/es\/wp-json\/wp\/v2\/categories?post=273930"},{"taxonomy":"post_tag","embeddable":true,"href":"https:\/\/www.europesays.com\/es\/wp-json\/wp\/v2\/tags?post=273930"}],"curies":[{"name":"wp","href":"https:\/\/api.w.org\/{rel}","templated":true}]}}