{"id":273934,"date":"2025-12-06T09:11:09","date_gmt":"2025-12-06T09:11:09","guid":{"rendered":"https:\/\/www.europesays.com\/es\/273934\/"},"modified":"2025-12-06T09:11:09","modified_gmt":"2025-12-06T09:11:09","slug":"quiero-ir-donde-se-gane","status":"publish","type":"post","link":"https:\/\/www.europesays.com\/es\/273934\/","title":{"rendered":"Quiero ir donde se gane"},"content":{"rendered":"<p data-journey-content=\"true\" data-node-id=\"3\" class=\"css-6wxqfj emevuu60\">Pedro Acosta fue capaz de impresionar a muchos pilotos de la parrilla, entre ellos el propio Marc M\u00e1rquez. Y es que tras su debut en MotoGP, el \u201ctibur\u00f3n de Mazarr\u00f3n\u201d fue capaz de ser competitivo desde las primeras carreras, el a\u00f1o pasado con Gas Gas, y este a\u00f1o con KTM. Pero hab\u00eda un peque\u00f1o h\u00e1ndicap, y es que este a\u00f1o la moto no acompa\u00f1aba frente a unas Ducati, especialmente la del \u201893\u2019, que dieron un paso adelante o la Aprilia de Marco Bezzecchi.<\/p>\n<p>Pedro Acosta pide m\u00e1s a KTM para 2026 <\/p>\n<p data-journey-content=\"true\" data-node-id=\"7\" class=\"css-6wxqfj emevuu60\">De hecho, la temporada no comenz\u00f3 del todo bien para el \u201837\u2019, quien no pudo subirse al podio hasta el GP de la Rep\u00fablica Checa, la decimosegunda ronda del campeonato de MotoGP. <strong data-node-id=\"7.1\">A partir de ese momento, el de Mazarr\u00f3n pudo obtener resultado de manera m\u00e1s regular,<\/strong> llegando a estar en el top tres en las \u00faltimas seis rondas del mundial, incluida la del GP de Valencia, donde nos atendi\u00f3 en exclusiva para Car and Driver, asegurando <a href=\"https:\/\/www.caranddriver.com\/es\/motorsport\/moto-gp\/a69424345\/pedro-acosta-mensaje-ktm-incluye-marc-marquez-ducati-costaba-top-seis\/\" target=\"_blank\" data-vars-ga-outbound-link=\"https:\/\/www.caranddriver.com\/es\/motorsport\/moto-gp\/a69424345\/pedro-acosta-mensaje-ktm-incluye-marc-marquez-ducati-costaba-top-seis\/\" data-vars-ga-ux-element=\"Hyperlink\" data-vars-ga-call-to-action=\"que su temporada hab\u00eda sido de un \u201ccinco\u201d.\" data-node-id=\"7.3\" class=\"body-link css-168zq96 emevuu60\" rel=\"nofollow noopener\">que su temporada hab\u00eda sido de un \u201ccinco\u201d.<\/a><\/p>\n<blockquote data-theme-key=\"pullquote\" class=\"css-1eiql25 e1pe3zr91\">\n<blockquote class=\"css-fetnbk e1pe3zr90\"><p>Pedro Acosta ha terminado el mundial en la cuarta posici\u00f3n con 307 puntos en total<\/p><\/blockquote>\n<\/blockquote>\n<p data-journey-content=\"true\" data-node-id=\"10\" class=\"css-6wxqfj emevuu60\">Otro de los titulares que nos dej\u00f3 fue el de su futuro, donde aseguraba que no ten\u00eda prisa por empezar a moverse. El propio \u00c1lex M\u00e1rquez explicaba que, con el paso de las temporadas, el mercado de fichajes se ha ido adelantando, pero eso no supone presi\u00f3n extra para un \u201837\u2019 que a\u00fan <a href=\"https:\/\/www.caranddriver.com\/es\/motorsport\/moto-gp\/a69497991\/pedro-acosta-peticion-ktm-luchar-mundial-2026-aprilia-jorge-martin\/\" target=\"_blank\" data-vars-ga-outbound-link=\"https:\/\/www.caranddriver.com\/es\/motorsport\/moto-gp\/a69497991\/pedro-acosta-peticion-ktm-luchar-mundial-2026-aprilia-jorge-martin\/\" data-vars-ga-ux-element=\"Hyperlink\" data-vars-ga-call-to-action=\"sigue en busca de su primera victoria en la categor\u00eda reina\" data-node-id=\"10.1\" class=\"body-link css-168zq96 emevuu60\" rel=\"nofollow noopener\">sigue en busca de su primera victoria en la categor\u00eda reina<\/a>. Por el camino, no s\u00f3lo se ha topado con Marc M\u00e1rquez, tambi\u00e9n ha tenido que lidiar con una Aprilia que ha sido capaz de dar un salto de calidad. <\/p>\n<p data-journey-content=\"true\" data-node-id=\"14\" class=\"css-6wxqfj emevuu60\">Con Jorge Mart\u00edn fuera de combate por sus lesiones, Marco Bezzecchi ha sido el que ha liderado el equipo, consiguiendo la primera victoria de la temporada en el GP de Gran Breta\u00f1a, <strong data-node-id=\"14.1\">algo que volver\u00eda a repetir en Portugal y Valencia, con tres Sprint de por medio que tambi\u00e9n se llev\u00f3.<\/strong> Y precisamente ese ha sido el ejemplo que ha puesto Pedro Acosta, que al hablar sobre su futuro, asegura que quiere estar en un equipo que se capaz de conseguir triunfos asiduamente. <\/p>\n<p><img draggable=\"true\" alt=\"pedro acosta ktm motogp\" title=\"Pedro Acosta KTM MotoGP\" loading=\"lazy\" width=\"4000\" height=\"2667\" decoding=\"async\" data-nimg=\"1\" style=\"color:transparent;width:100%;height:auto;\"   src=\"https:\/\/www.europesays.com\/es\/wp-content\/uploads\/2025\/12\/pedro-acosta-6931dba4e9d68.jpg\" class=\"css-0 e1g79fud0\"\/><a target=\"_blank\" rel=\"noopener nofollow\" data-theme-key=\"base-link\" href=\"https:\/\/pinterest.com\/pin\/create\/button\/?url=https:\/\/www.caranddriver.com\/es\/motorsport\/moto-gp\/a69634868\/pedro-acosta-mensaje-ktm-incluye-marco-bezzecchi-aprilia-ir-donde-gane\/&amp;description=&amp;media=https:\/\/hips.hearstapps.com\/hmg-prod\/images\/pedro-acosta-6931dba4e9d68.jpg?resize=1600:*\" class=\"pinterest css-on9hn5 e1c1bym14\"><img decoding=\"async\" data-dynamic-svg=\"true\" src=\"https:\/\/www.caranddriver.com\/_assets\/design-tokens\/fre\/static\/icons\/social\/pinterest.e8cf655.svg?primary=%2523ffffff\" loading=\"lazy\" data-testid=\"dynamic-svg-base\" height=\"auto\" width=\"auto\" alt=\"pinterest\" class=\"css-4lml0h e1mlxuuw1\"\/><\/a><\/p>\n<p>JAVIER SORIANO<\/p>\n<p data-journey-content=\"true\" data-node-id=\"17\" class=\"css-6wxqfj emevuu60\">\u201cParece que hace mucho tiempo, pero solo han pasado de 4 a 5 a\u00f1os\u2026 Se vuelve normal sentir todos tus ojos en ti. Creo que convertirte en piloto de MotoGP es como ir a comprar una caja, dentro est\u00e1 esto, esto, aquello, y tienes que vivir con ello\u201d, dec\u00eda el piloto de KTM.<\/p>\n<p data-journey-content=\"true\" data-node-id=\"19\" class=\"css-6wxqfj emevuu60\">\u201cFue m\u00e1s divertido incluso que mi primer a\u00f1o aqu\u00ed. <a href=\"https:\/\/www.caranddriver.com\/es\/motorsport\/moto-gp\/a69553713\/pedro-acosta-mensaje-ktm-dominio-marc-marquez-ano-perdido-vida\/\" target=\"_blank\" data-vars-ga-outbound-link=\"https:\/\/www.caranddriver.com\/es\/motorsport\/moto-gp\/a69553713\/pedro-acosta-mensaje-ktm-dominio-marc-marquez-ano-perdido-vida\/\" data-vars-ga-ux-element=\"Hyperlink\" data-vars-ga-call-to-action=\"Hemos perdido mucho tiempo\" data-node-id=\"19.1\" class=\"body-link css-168zq96 emevuu60\" rel=\"nofollow noopener\">Hemos perdido mucho tiempo<\/a>, ese ha sido el problema. <strong data-node-id=\"19.3\">Creo que quiero ir a donde pueda ganar. Necesito mejores herramientas para ganar<\/strong>. Todo lo dem\u00e1s no cuenta\u201d, prosigui\u00f3.<\/p>\n<p data-journey-content=\"true\" data-node-id=\"21\" class=\"css-6wxqfj emevuu60\">\u201cAprilia dio un gran salto, Ducati se qued\u00f3 all\u00ed y Marc fue el n\u00famero uno durante toda la temporada. Pero creo que en cambio no mejoramos despu\u00e9s del invierno. La vida es as\u00ed. Lo veo como una oportunidad para aprender en la pista incluso en un a\u00f1o de dificultad\u201d, concluy\u00f3 Pedro Acosta.<\/p>\n<p>Dani Pedrosa, crucial para Pedro Acosta <\/p>\n<p data-journey-content=\"true\" data-node-id=\"24\" class=\"css-6wxqfj emevuu60\">Siendo tan joven, y con tanto futuro por delante, es habitual que los pilotos se fijen en otros integrantes de la parrilla, o figuras que triunfaron en ella. En m\u00e1s de una ocasi\u00f3n, el \u201837\u2019 <strong data-node-id=\"24.1\">mencion\u00f3 las referencias que hab\u00eda cogido de Marc M\u00e1rquez o Valentino Rossi <\/strong>cuando fue peque\u00f1o, pero tambi\u00e9n de Dani Pedrosa, actual piloto de pruebas de KTM y que juega un papel m\u00e1s que importante en el \u00e1mbito profesional para Pedro Acosta.<\/p>\n<p><img draggable=\"true\" alt=\"pedro acosta ktm motogp\" title=\"Pedro Acosta KTM MotoGP\" loading=\"lazy\" width=\"3922\" height=\"2615\" decoding=\"async\" data-nimg=\"1\" style=\"color:transparent;width:100%;height:auto;\"   src=\"https:\/\/www.europesays.com\/es\/wp-content\/uploads\/2025\/12\/gettyimages-2247295937-6931dbbc64e20.jpg\" class=\"css-0 e1g79fud0\"\/><a target=\"_blank\" rel=\"noopener nofollow\" data-theme-key=\"base-link\" href=\"https:\/\/pinterest.com\/pin\/create\/button\/?url=https:\/\/www.caranddriver.com\/es\/motorsport\/moto-gp\/a69634868\/pedro-acosta-mensaje-ktm-incluye-marco-bezzecchi-aprilia-ir-donde-gane\/&amp;description=&amp;media=https:\/\/hips.hearstapps.com\/hmg-prod\/images\/gettyimages-2247295937-6931dbbc64e20.jpg?resize=1600:*\" class=\"pinterest css-on9hn5 e1c1bym14\"><img decoding=\"async\" data-dynamic-svg=\"true\" src=\"https:\/\/www.caranddriver.com\/_assets\/design-tokens\/fre\/static\/icons\/social\/pinterest.e8cf655.svg?primary=%2523ffffff\" loading=\"lazy\" data-testid=\"dynamic-svg-base\" height=\"auto\" width=\"auto\" alt=\"pinterest\" class=\"css-4lml0h e1mlxuuw1\"\/><\/a><\/p>\n<p>Gold &amp; Goose Photography<\/p>\n<p data-journey-content=\"true\" data-node-id=\"27\" class=\"css-6wxqfj emevuu60\">\u201cMe inspiro en Dani Pedrosa. Tiene much\u00edsima experiencia. Es uno de los \u00faltimos pilotos que condujo motos de dos tiempos. Creo que me ayuda a ver las carreras de forma distinta. Hablamos a menudo\u201d, dec\u00eda el de KTM.<\/p>\n<p data-journey-content=\"true\" data-node-id=\"29\" class=\"css-6wxqfj emevuu60\">Es as\u00ed como el piloto de la marca austriaca ha querido lanzar un mensaje sobre su futuro, asegurando que espera estar en un equipo que sea capaz de pelear por victorias en los pr\u00f3ximos a\u00f1os.<\/p>\n","protected":false},"excerpt":{"rendered":"Pedro Acosta fue capaz de impresionar a muchos pilotos de la parrilla, entre ellos el propio Marc M\u00e1rquez.&hellip;\n","protected":false},"author":2,"featured_media":273935,"comment_status":"","ping_status":"","sticky":false,"template":"","format":"standard","meta":{"footnotes":""},"categories":[93],"tags":[168,253,25,24,23,167],"class_list":{"0":"post-273934","1":"post","2":"type-post","3":"status-publish","4":"format-standard","5":"has-post-thumbnail","7":"category-deportes","8":"tag-deportes","9":"tag-discover","10":"tag-es","11":"tag-espana","12":"tag-spain","13":"tag-sports"},"share_on_mastodon":{"url":"https:\/\/pubeurope.com\/@es\/115671853063841982","error":""},"_links":{"self":[{"href":"https:\/\/www.europesays.com\/es\/wp-json\/wp\/v2\/posts\/273934","targetHints":{"allow":["GET"]}}],"collection":[{"href":"https:\/\/www.europesays.com\/es\/wp-json\/wp\/v2\/posts"}],"about":[{"href":"https:\/\/www.europesays.com\/es\/wp-json\/wp\/v2\/types\/post"}],"author":[{"embeddable":true,"href":"https:\/\/www.europesays.com\/es\/wp-json\/wp\/v2\/users\/2"}],"replies":[{"embeddable":true,"href":"https:\/\/www.europesays.com\/es\/wp-json\/wp\/v2\/comments?post=273934"}],"version-history":[{"count":0,"href":"https:\/\/www.europesays.com\/es\/wp-json\/wp\/v2\/posts\/273934\/revisions"}],"wp:featuredmedia":[{"embeddable":true,"href":"https:\/\/www.europesays.com\/es\/wp-json\/wp\/v2\/media\/273935"}],"wp:attachment":[{"href":"https:\/\/www.europesays.com\/es\/wp-json\/wp\/v2\/media?parent=273934"}],"wp:term":[{"taxonomy":"category","embeddable":true,"href":"https:\/\/www.europesays.com\/es\/wp-json\/wp\/v2\/categories?post=273934"},{"taxonomy":"post_tag","embeddable":true,"href":"https:\/\/www.europesays.com\/es\/wp-json\/wp\/v2\/tags?post=273934"}],"curies":[{"name":"wp","href":"https:\/\/api.w.org\/{rel}","templated":true}]}}