{"id":273954,"date":"2025-12-06T09:28:08","date_gmt":"2025-12-06T09:28:08","guid":{"rendered":"https:\/\/www.europesays.com\/es\/273954\/"},"modified":"2025-12-06T09:28:08","modified_gmt":"2025-12-06T09:28:08","slug":"nunca-pienso-en-que-soy-superdotada-no-fue-una-variable-en-mi-vida","status":"publish","type":"post","link":"https:\/\/www.europesays.com\/es\/273954\/","title":{"rendered":"\u201cNunca pienso en que soy superdotada. No fue una variable en mi vida\u201d"},"content":{"rendered":"<p data-gtm-element-container=\"modulo-texto-link\" class=\"paragraph\">Los tempranos logros de la pianista Isabel P\u00e9rez Dobarro (Santiago de Compostela, 1992) impresionan a cualquiera que se asome unos minutos a su perseverante trayectoria dentro y fuera de la m\u00fasica. Con tres a\u00f1os empez\u00f3 a tocar el piano, con <a href=\"https:\/\/www.lavanguardia.com\/television\/programacion-tv\/cuatro\" target=\"_blank\" rel=\"noopener noreferrer nofollow\">cuatro<\/a> fue diagnosticada con superdotaci\u00f3n intelectual, con 15 inici\u00f3 lo equivalente a una carrera universitaria musical y con 19 ya trabajaba como profesora en la Universidad de Nueva York. Combin\u00f3 los estudios filarm\u00f3nicos con la carrera de Derecho a distancia y actualmente tambi\u00e9n trabaja como abogada de lo mercantil.<\/p>\n<p data-gtm-element-container=\"modulo-texto-link\" class=\"paragraph\">Paralelamente curs\u00f3 un m\u00e1ster en Harvard de Relaciones Internacionales, y para ella es fundamental pasar tiempo en familia. \u201cCoordinar todo es un reto, no voy a decir que no, pero es una cuesti\u00f3n de organizaci\u00f3n y, bueno, de desarticular en cada momento lo importante \u201d, resuelve.<\/p>\n<blockquote class=\"instagram-media\" data-instgrm-captioned=\"\" data-instgrm-version=\"6\" style=\"background: #FFF; border: 0; border-radius: 3px; box-shadow: 0 0 1px 0 rgba(0,&#10;0, 0, 0.5), 0 1px 10px 0 rgba(0, 0, 0, 0.15); margin: 1px; max-width: 658px; padding: 0;&#10;width: 99.375%; width: -webkit-calc(100% - 2px); width: calc(100% - 2px);\">\n<\/blockquote>\n<p data-gtm-element-container=\"modulo-texto-link\" class=\"paragraph\">Con 33 a\u00f1os, tras tres d\u00e9cadas de dedicaci\u00f3n al piano, recibi\u00f3 emocionada hace unas semanas el Grammy Latino al mejor \u00e1lbum de m\u00fasica cl\u00e1sica 2025 por Kaleidoscope . \u201cEste \u00e1lbum, sonoro y tambi\u00e9n muy emocional, visibiliza creaciones contempor\u00e1neas de mujeres de todo el mundo. Tiene una visi\u00f3n universal, pues todos los continentes est\u00e1n representados. Una visi\u00f3n de ra\u00edces, tambi\u00e9n, porque muchas de las obras est\u00e1n inspiradas en el folclore de cada lugar. Mi idea era que el p\u00fablico hiciera un viaje geogr\u00e1fico con emociones que puedan resonar en cada uno de nosotros a trav\u00e9s de la m\u00fasica de esos lugares\u201d.<\/p>\n<p data-gtm-element-container=\"modulo-texto-link\" class=\"paragraph\">Despu\u00e9s de este vistoso reconocimiento al \u00e1lbum que es el Grammy, la pianista est\u00e1 centrada en que Kaleidoscope \u201cpueda viajar, no solo como disco, sino que pueda viajar en concierto\u201d, algo que evidencia que los recitales de m\u00fasica cl\u00e1sica merecen m\u00e1s espacio en la escena cultural. \u201cHay un desconocimiento general de lo que se est\u00e1 haciendo hoy en la m\u00fasica cl\u00e1sica\u201d, reivindica la int\u00e9rprete.<\/p>\n<p>Isabel Dobarro,\u00a0pianista:<br \/>\n\u201cEscucho sobre todo m\u00fasica cl\u00e1sica, pero tambi\u00e9n jazz o hip-hop japon\u00e9s. Tengo gustos muy ecl\u00e9cticos\u201d<\/p>\n<p data-gtm-element-container=\"modulo-texto-link\" class=\"paragraph\">Por ejemplo, \u201cyo escucho sobre todo m\u00fasica cl\u00e1sica, pero tambi\u00e9n jazz o hip-hop japon\u00e9s. Tengo gustos muy ecl\u00e9cticos\u201d. Preguntada por el nuevo trabajo de Rosal\u00eda, Dobarro recuerda que tuvo un momento cat\u00e1rtico cuando sali\u00f3 D\u00ed mi nombre de El mal querer : \u201cPara m\u00ed fue una de esas experiencias musicales \u00fanicas. Por eso le tengo much\u00edsimo respeto y admiraci\u00f3n\u201d.<\/p>\n<p data-gtm-element-container=\"modulo-texto-link\" class=\"paragraph\">Y de Lux, Dobarro cuenta que Rosal\u00eda ha colaborado con Caroline Shaw, \u201cque es una de las compositoras de mi disco y le hace los arreglos, por ejemplo, en Reliquia . Me ha hecho mucha ilusi\u00f3n ver la mano de Caroline en alguna de las piezas, porque se nota que es ella y me ha resultado muy curioso y muy bonito\u201d. \u201cMe encanta el inter\u00e9s que Rosal\u00eda ha puesto en la m\u00fasica cl\u00e1sica. Me encanta todo tipo de colaboraci\u00f3n, de fusi\u00f3n, de tender puentes entre distintos g\u00e9neros musicales. En mi disco, que es m\u00fasica cl\u00e1sica, tienes un tumbao, tienes influencias de la m\u00fasica jordana, japonesa, africana, tienes alal\u00e1 das Mari\u00f1a\u201d.<\/p>\n<p>                <img loading=\"lazy\" decoding=\"async\" data-full-src=\"https:\/\/www.lavanguardia.com\/uploads\/2025\/12\/05\/6933095207548.jpeg\" alt=\"LAS VEGAS, NEVADA - NOVEMBER 13: EDITORIAL USE ONLY. (L-R) Guest and Isabel Dobarro attend the red carpet during the 26th Annual Latin GRAMMY Awards at MGM Grand Garden Arena on November 13, 2025 in Las Vegas, Nevada. (Photo by Omar Vega\/FilmMagic)\" width=\"449\" height=\"674\" src=\"https:\/\/www.europesays.com\/es\/wp-content\/uploads\/2025\/12\/6933095207548.jpeg\" class=\"lazy\"\/><\/p>\n<p class=\"caption-title \">La pianista Isabel Dobarro junto a su marido, el flautista Rub\u00e9n Torres Melero, en la gala de los\u00a0Grammy Latino.\u00a0<\/p>\n<p>                    Omar Vega<\/p>\n<p data-gtm-element-container=\"modulo-texto-link\" class=\"paragraph\">Dobarro cuenta que Catalunya guarda un lugar muy especial en su coraz\u00f3n. Su primer premio en la m\u00fasica fue el Ciutat de Berga International Piano Competition. Y fue durante uno de sus conciertos en el Palau de la M\u00fasica, en el que interpretaba a Clara Schumann, donde conoci\u00f3 a su marido, el flautista catal\u00e1n Rub\u00e9n Torres Melero. \u201cEl Palau es un auditorio extraordinario y a nivel personal tiene un lado rom\u00e1ntico que lo hace especial. All\u00ed conoc\u00ed a mi marido\u201d. A\u00f1os despu\u00e9s se casaron por lo civil en Matar\u00f3, antes de la boda religiosa en Santiago.<\/p>\n<p data-gtm-element-container=\"modulo-texto-link\" class=\"paragraph\">Dobarro quita inter\u00e9s a lo de ser superdotada: \u201cNunca pienso en que soy superdotada. No fue una variable en mi vida\u201d. Y, por el contrario, destaca el momento en el que se convirti\u00f3 en docente, y m\u00e1s tarde en investigadora, \u201cporque te cambia el entendimiento de todo\u201d.<\/p>\n","protected":false},"excerpt":{"rendered":"Los tempranos logros de la pianista Isabel P\u00e9rez Dobarro (Santiago de Compostela, 1992) impresionan a cualquiera que se&hellip;\n","protected":false},"author":2,"featured_media":273955,"comment_status":"","ping_status":"","sticky":false,"template":"","format":"standard","meta":{"footnotes":""},"categories":[174],"tags":[255,146,147,25,24,256,23],"class_list":{"0":"post-273954","1":"post","2":"type-post","3":"status-publish","4":"format-standard","5":"has-post-thumbnail","7":"category-famosos","8":"tag-celebrities","9":"tag-entertainment","10":"tag-entretenimiento","11":"tag-es","12":"tag-espana","13":"tag-famosos","14":"tag-spain"},"share_on_mastodon":{"url":"https:\/\/pubeurope.com\/@es\/115671919182580197","error":""},"_links":{"self":[{"href":"https:\/\/www.europesays.com\/es\/wp-json\/wp\/v2\/posts\/273954","targetHints":{"allow":["GET"]}}],"collection":[{"href":"https:\/\/www.europesays.com\/es\/wp-json\/wp\/v2\/posts"}],"about":[{"href":"https:\/\/www.europesays.com\/es\/wp-json\/wp\/v2\/types\/post"}],"author":[{"embeddable":true,"href":"https:\/\/www.europesays.com\/es\/wp-json\/wp\/v2\/users\/2"}],"replies":[{"embeddable":true,"href":"https:\/\/www.europesays.com\/es\/wp-json\/wp\/v2\/comments?post=273954"}],"version-history":[{"count":0,"href":"https:\/\/www.europesays.com\/es\/wp-json\/wp\/v2\/posts\/273954\/revisions"}],"wp:featuredmedia":[{"embeddable":true,"href":"https:\/\/www.europesays.com\/es\/wp-json\/wp\/v2\/media\/273955"}],"wp:attachment":[{"href":"https:\/\/www.europesays.com\/es\/wp-json\/wp\/v2\/media?parent=273954"}],"wp:term":[{"taxonomy":"category","embeddable":true,"href":"https:\/\/www.europesays.com\/es\/wp-json\/wp\/v2\/categories?post=273954"},{"taxonomy":"post_tag","embeddable":true,"href":"https:\/\/www.europesays.com\/es\/wp-json\/wp\/v2\/tags?post=273954"}],"curies":[{"name":"wp","href":"https:\/\/api.w.org\/{rel}","templated":true}]}}