{"id":273956,"date":"2025-12-06T09:29:12","date_gmt":"2025-12-06T09:29:12","guid":{"rendered":"https:\/\/www.europesays.com\/es\/273956\/"},"modified":"2025-12-06T09:29:12","modified_gmt":"2025-12-06T09:29:12","slug":"asi-descubrio-gehry-donde-tendria-que-levantar-el-museo-guggenheim-en-bilbao","status":"publish","type":"post","link":"https:\/\/www.europesays.com\/es\/273956\/","title":{"rendered":"As\u00ed descubri\u00f3 Gehry d\u00f3nde tendr\u00eda que levantar el museo Guggenheim en Bilbao"},"content":{"rendered":"<p class=\"v-mdl-ath__p v-mdl-ath__p--6\">\nS\u00e1bado, 6 de diciembre 2025, 09:48<\/p>\n<p class=\"v-p\">\u00abFrank, re\u00fanete conmigo enseguida en Bilbao\u00bb. Thomas Krens daba as\u00ed el primer paso decidido, v\u00eda telef\u00f3nica, para instalar un museo Guggenheim en la capital vizca\u00edna; algo sobre lo que \u00e9l mismo, hasta que empez\u00f3 a conocer a sus interlocutores vascos, hab\u00eda sido muy incr\u00e9dulo.<\/p>\n<p class=\"v-p\">Cinco meses despu\u00e9s, un comit\u00e9 formado entre otros por el propio Krens y el entonces consejero de Cultura, Joseba Arregi, eleg\u00edan el proyecto del arquitecto norteamericano Frank Gehry para construir en Bilbao un museo de la fundaci\u00f3n neoyorquina.<\/p>\n<p><img decoding=\"async\" loading=\"lazy\" src=\"https:\/\/www.europesays.com\/es\/wp-content\/uploads\/2025\/12\/138912921-kBqH-U240472798245G6C-1200x840@El Correo.JPG\" class=\"v-a-img\" width=\"1200\" height=\"840\" alt=\"Imagen de Galeria \"\/><\/p>\n<p>El arquitecto Frank Gehry (de espaldas) muestra la maqueta del Guggenheim a las autoridades vascas.                                                  <\/p>\n<p><img decoding=\"async\" loading=\"lazy\" src=\"https:\/\/www.europesays.com\/es\/wp-content\/uploads\/2025\/12\/151273193-kBqH-U240472798245u2F-1200x840@El Correo.JPG\" class=\"v-a-img\" width=\"1200\" height=\"840\" alt=\"Imagen de Galeria \"\/><\/p>\n<p>El escultor estadounidense Richard Serra atiende a las explicaciones del arquitecto Frank Gehry durante la visita a las obras del Museo Guggenheim de Bilbao.                                                  <\/p>\n<p><img decoding=\"async\" loading=\"lazy\" src=\"https:\/\/www.europesays.com\/es\/wp-content\/uploads\/2025\/12\/1503785534-kBqH-U240472798245sXE-1200x840@El Correo.JPG\" class=\"v-a-img\" width=\"1200\" height=\"840\" alt=\"Imagen de Galeria \"\/><\/p>\n<p>Frank Gehry, arquitecto del museo Guggenheim Bilbao, ante su obra.                                                  <\/p>\n<p class=\"v-sld__p-c\">\n1 \/\n<\/p>\n<p class=\"v-p\">En su encuentro en la capital vizca\u00edna, Krens y Gehry visitaron diversos emplazamientos posibles; en un momento dado, seg\u00fan refleja una pel\u00edcula documental firmado por Ultan Guilfoyle -productor de Sidney Pollack en su filme sobre Gehry-, ambos se trasladaron a la ladera de Artxanda, enfrente de Abandoibarra.<\/p>\n<p class=\"v-p\">\u00abB\u00fascabamos un sitio. Hab\u00edamos bebido unas copas -comenta el arquitecto en el filme, con una p\u00edcara sonrisa-; de repente, dije: all\u00ed. Quiz\u00e1 el sitio m\u00e1s dif\u00edcil, junto al puente, donde hab\u00eda unas viejas industrias; no s\u00e9 muy bien por qu\u00e9\u00bb, viene a comentar el art\u00edfice de uno de los principales hitos de la arquitectura de finales del siglo XX.<\/p>\n<p>Reporta un error<\/p>\n","protected":false},"excerpt":{"rendered":"S\u00e1bado, 6 de diciembre 2025, 09:48 \u00abFrank, re\u00fanete conmigo enseguida en Bilbao\u00bb. Thomas Krens daba as\u00ed el primer&hellip;\n","protected":false},"author":2,"featured_media":273957,"comment_status":"","ping_status":"","sticky":false,"template":"","format":"standard","meta":{"footnotes":""},"categories":[173],"tags":[229,233,231,230,2601,45118,232,234,146,147,25,24,66894,983,33610,470,23],"class_list":{"0":"post-273956","1":"post","2":"type-post","3":"status-publish","4":"format-standard","5":"has-post-thumbnail","7":"category-arte-y-diseno","8":"tag-arte","9":"tag-arte-y-diseno","10":"tag-arts","11":"tag-arts-and-design","12":"tag-bilbao","13":"tag-descubrio","14":"tag-design","15":"tag-diseno","16":"tag-entertainment","17":"tag-entretenimiento","18":"tag-es","19":"tag-espana","20":"tag-gehry","21":"tag-guggenheim","22":"tag-levantar","23":"tag-museo","24":"tag-spain"},"share_on_mastodon":{"url":"https:\/\/pubeurope.com\/@es\/115671922506406639","error":""},"_links":{"self":[{"href":"https:\/\/www.europesays.com\/es\/wp-json\/wp\/v2\/posts\/273956","targetHints":{"allow":["GET"]}}],"collection":[{"href":"https:\/\/www.europesays.com\/es\/wp-json\/wp\/v2\/posts"}],"about":[{"href":"https:\/\/www.europesays.com\/es\/wp-json\/wp\/v2\/types\/post"}],"author":[{"embeddable":true,"href":"https:\/\/www.europesays.com\/es\/wp-json\/wp\/v2\/users\/2"}],"replies":[{"embeddable":true,"href":"https:\/\/www.europesays.com\/es\/wp-json\/wp\/v2\/comments?post=273956"}],"version-history":[{"count":0,"href":"https:\/\/www.europesays.com\/es\/wp-json\/wp\/v2\/posts\/273956\/revisions"}],"wp:featuredmedia":[{"embeddable":true,"href":"https:\/\/www.europesays.com\/es\/wp-json\/wp\/v2\/media\/273957"}],"wp:attachment":[{"href":"https:\/\/www.europesays.com\/es\/wp-json\/wp\/v2\/media?parent=273956"}],"wp:term":[{"taxonomy":"category","embeddable":true,"href":"https:\/\/www.europesays.com\/es\/wp-json\/wp\/v2\/categories?post=273956"},{"taxonomy":"post_tag","embeddable":true,"href":"https:\/\/www.europesays.com\/es\/wp-json\/wp\/v2\/tags?post=273956"}],"curies":[{"name":"wp","href":"https:\/\/api.w.org\/{rel}","templated":true}]}}