{"id":273958,"date":"2025-12-06T09:31:09","date_gmt":"2025-12-06T09:31:09","guid":{"rendered":"https:\/\/www.europesays.com\/es\/273958\/"},"modified":"2025-12-06T09:31:09","modified_gmt":"2025-12-06T09:31:09","slug":"en-casa-siempre-hay-1-500-euros-para-la-compra","status":"publish","type":"post","link":"https:\/\/www.europesays.com\/es\/273958\/","title":{"rendered":"En casa siempre hay 1.500 euros para la compra"},"content":{"rendered":"<p class=\"c-paragraph\">El presentador Pedro Ruiz ha acudido esta semana al programa de RTVE La Revuelta, donde ha desvelado que \u00absiempre\u00bb paga en efectivo. \u00ab<b>En casa siempre hay 1.500 euros para la compra<\/b>, el resto no se cuenta. Siempre pago en efectivo\u00bb, ha afirmado Ruiz, que ha acudido al late night de David Broncano para presentar su nueva obra teatral Mi vida es una an\u00e9cdota by confidencial.<\/p>\n<p class=\"c-paragraph\">\u00ab<b>Hemos entregado gratis todos nuestros datos<\/b>. Cuando regalas tu vida el producto eres t\u00fa. Das un clic y tienes mucho. La libertad es que no sepan de ti, no lo contrario\u00bb, ha dicho Ruiz al justificar los motivos por los cuales se mantiene alejado de las tarjetas de cr\u00e9dito.<\/p>\n<p class=\"c-paragraph\">Durante la entrevista con Broncano,<a href=\"https:\/\/www.20minutos.es\/television\/pedro-ruiz-recuerda-revuelta-motivo-por-que-dejo-television-franquismo-unica-libertad-es-teatro_6906377_0.html\" title=\"Pedro Ruiz recuerda en &#039;La Revuelta&#039; el motivo por el que dej\u00f3 la televisi\u00f3n en el franquismo: &quot;La \u00fanica libertad es el teatro&quot;\" rel=\"nofollow noopener\" target=\"_blank\"> Ruiz tambi\u00e9n ha rememorado una decisi\u00f3n<\/a> que tuvo que tomar durante el franquismo respecto a su profesi\u00f3n. \u00ab<b>Yo conoc\u00ed a Franco, pero de lejos&#8230;<\/b> La vez que m\u00e1s cerca le tuve fue a dos kil\u00f3metros, pero aun as\u00ed me asust\u00f3\u00bb, ha dicho.<\/p>\n<p class=\"c-paragraph\">\u00abEn tiempos de Franco presentaba\u00a0Estudio Estadio\u00bb, ha continuado Ruiz. \u00abViv\u00eda en Barcelona, como empec\u00e9 a hacer teatro, dijeron que\u00a0no era digno hacer la televisi\u00f3n y la far\u00e1ndula. <b>Me hicieron elegir entre el teatro o la televisi\u00f3n<\/b> y eleg\u00ed el teatro. Fue en el a\u00f1o 71&#8243;, ha detallado. \u00abLa \u00fanica libertad que hay es el teatro\u00bb.<\/p>\n","protected":false},"excerpt":{"rendered":"El presentador Pedro Ruiz ha acudido esta semana al programa de RTVE La Revuelta, donde ha desvelado que&hellip;\n","protected":false},"author":2,"featured_media":269910,"comment_status":"","ping_status":"","sticky":false,"template":"","format":"standard","meta":{"footnotes":""},"categories":[171],"tags":[146,147,25,24,1822,2074,1789,528,5106,23,214],"class_list":{"0":"post-273958","1":"post","2":"type-post","3":"status-publish","4":"format-standard","5":"has-post-thumbnail","7":"category-tv","8":"tag-entertainment","9":"tag-entretenimiento","10":"tag-es","11":"tag-espana","12":"tag-pedro","13":"tag-que","14":"tag-revela","15":"tag-revuelta","16":"tag-ruiz","17":"tag-spain","18":"tag-tv"},"share_on_mastodon":{"url":"https:\/\/pubeurope.com\/@es\/115671930330050324","error":""},"_links":{"self":[{"href":"https:\/\/www.europesays.com\/es\/wp-json\/wp\/v2\/posts\/273958","targetHints":{"allow":["GET"]}}],"collection":[{"href":"https:\/\/www.europesays.com\/es\/wp-json\/wp\/v2\/posts"}],"about":[{"href":"https:\/\/www.europesays.com\/es\/wp-json\/wp\/v2\/types\/post"}],"author":[{"embeddable":true,"href":"https:\/\/www.europesays.com\/es\/wp-json\/wp\/v2\/users\/2"}],"replies":[{"embeddable":true,"href":"https:\/\/www.europesays.com\/es\/wp-json\/wp\/v2\/comments?post=273958"}],"version-history":[{"count":0,"href":"https:\/\/www.europesays.com\/es\/wp-json\/wp\/v2\/posts\/273958\/revisions"}],"wp:featuredmedia":[{"embeddable":true,"href":"https:\/\/www.europesays.com\/es\/wp-json\/wp\/v2\/media\/269910"}],"wp:attachment":[{"href":"https:\/\/www.europesays.com\/es\/wp-json\/wp\/v2\/media?parent=273958"}],"wp:term":[{"taxonomy":"category","embeddable":true,"href":"https:\/\/www.europesays.com\/es\/wp-json\/wp\/v2\/categories?post=273958"},{"taxonomy":"post_tag","embeddable":true,"href":"https:\/\/www.europesays.com\/es\/wp-json\/wp\/v2\/tags?post=273958"}],"curies":[{"name":"wp","href":"https:\/\/api.w.org\/{rel}","templated":true}]}}