{"id":273959,"date":"2025-12-06T09:32:07","date_gmt":"2025-12-06T09:32:07","guid":{"rendered":"https:\/\/www.europesays.com\/es\/273959\/"},"modified":"2025-12-06T09:32:07","modified_gmt":"2025-12-06T09:32:07","slug":"kylie-minogue-idea-un-bop-navideno","status":"publish","type":"post","link":"https:\/\/www.europesays.com\/es\/273959\/","title":{"rendered":"Kylie Minogue idea un \u00abbop\u00bb navide\u00f1o"},"content":{"rendered":"<p>Cuando se cumplen 10 a\u00f1os de \u2018<a href=\"https:\/\/jenesaispop.com\/2015\/11\/18\/243722\/kylie-minogue-kylie-christmas\/\" rel=\"nofollow noopener\" target=\"_blank\">Kylie Christmas<\/a>\u2018, la artista publica la que supone la segunda reedici\u00f3n del \u00e1lbum. Esta nueva versi\u00f3n \u00abFully Wrapped\u00bb que ha salido este viernes <a href=\"https:\/\/jenesaispop.com\/2025\/11\/05\/510765\/kylie-minogue-navidad\/\" rel=\"nofollow noopener\" target=\"_blank\">reordena el tracklist<\/a>. <\/p>\n<p>\u2018Santa Baby\u2019, el gran hit del disco, pasa a ser pista 2. La colaboraci\u00f3n con su hermana Dannii, \u2018100 Degrees\u2019, deja de ser un bonus; y sobre todo hay hasta 4 pistas nuevas en la versi\u00f3n Amazon.<\/p>\n<p>\u2018This Time of Year\u2019 es una balada; en \u2018Office Party\u2019 -que acaba de estrenar un v\u00eddeo divertidillo \u00aben la oficina\u00bb- habla sobre ser \u00abla princesa del pop\u00bb. Pero el verdadero hit aqu\u00ed es \u2018Hot in December\u2019. Un tema que no habla sobre los 30\u00baC que hace hoy en Australia, sino sobre alguien que te templa cuando hace fr\u00edo. Aunque el doble sentido sexual de \u00abhot\u00bb es inevitable teniendo en cuenta el historial de Minogue.<\/p>\n<p>Nuestra Canci\u00f3n del D\u00eda para este s\u00e1bado es una de las producciones electro de Kylie, bajo los mandos de Duck Blackwell y su colaborador desde hace d\u00e9cadas, Richard Stannard. M\u00e1s que a un villancico tradicional recuerda a sus temas \u2018All the Lovers\u2019 o \u2018The One\u2019, solo que con unas campanillas cuando dice la palabra \u00abDecember\u00bb.<\/p>\n<p>Kylie pide a su destinatario que la abrace m\u00e1s y m\u00e1s fuerte, que se acerque, poniendo sus cartas sobre la mesa: \u00abdame el calor del verano, una noche para recordar \/ Me est\u00e1s cambiando como el tiempo \/ Logras que haga calor en diciembre\u00bb.<\/p>\n","protected":false},"excerpt":{"rendered":"Cuando se cumplen 10 a\u00f1os de \u2018Kylie Christmas\u2018, la artista publica la que supone la segunda reedici\u00f3n del&hellip;\n","protected":false},"author":2,"featured_media":220131,"comment_status":"","ping_status":"","sticky":false,"template":"","format":"standard","meta":{"footnotes":""},"categories":[170],"tags":[146,147,25,24,23229,184,185,23],"class_list":{"0":"post-273959","1":"post","2":"type-post","3":"status-publish","4":"format-standard","5":"has-post-thumbnail","7":"category-musica","8":"tag-entertainment","9":"tag-entretenimiento","10":"tag-es","11":"tag-espana","12":"tag-kylie-minogue","13":"tag-music","14":"tag-musica","15":"tag-spain"},"share_on_mastodon":{"url":"https:\/\/pubeurope.com\/@es\/115671934672357348","error":""},"_links":{"self":[{"href":"https:\/\/www.europesays.com\/es\/wp-json\/wp\/v2\/posts\/273959","targetHints":{"allow":["GET"]}}],"collection":[{"href":"https:\/\/www.europesays.com\/es\/wp-json\/wp\/v2\/posts"}],"about":[{"href":"https:\/\/www.europesays.com\/es\/wp-json\/wp\/v2\/types\/post"}],"author":[{"embeddable":true,"href":"https:\/\/www.europesays.com\/es\/wp-json\/wp\/v2\/users\/2"}],"replies":[{"embeddable":true,"href":"https:\/\/www.europesays.com\/es\/wp-json\/wp\/v2\/comments?post=273959"}],"version-history":[{"count":0,"href":"https:\/\/www.europesays.com\/es\/wp-json\/wp\/v2\/posts\/273959\/revisions"}],"wp:featuredmedia":[{"embeddable":true,"href":"https:\/\/www.europesays.com\/es\/wp-json\/wp\/v2\/media\/220131"}],"wp:attachment":[{"href":"https:\/\/www.europesays.com\/es\/wp-json\/wp\/v2\/media?parent=273959"}],"wp:term":[{"taxonomy":"category","embeddable":true,"href":"https:\/\/www.europesays.com\/es\/wp-json\/wp\/v2\/categories?post=273959"},{"taxonomy":"post_tag","embeddable":true,"href":"https:\/\/www.europesays.com\/es\/wp-json\/wp\/v2\/tags?post=273959"}],"curies":[{"name":"wp","href":"https:\/\/api.w.org\/{rel}","templated":true}]}}