{"id":273960,"date":"2025-12-06T09:33:20","date_gmt":"2025-12-06T09:33:20","guid":{"rendered":"https:\/\/www.europesays.com\/es\/273960\/"},"modified":"2025-12-06T09:33:20","modified_gmt":"2025-12-06T09:33:20","slug":"pedaleando-para-hacer-realidad-un-sueno-el-emotivo-documental-de-dos-bilbainos-rodado-en-nueva-zelanda","status":"publish","type":"post","link":"https:\/\/www.europesays.com\/es\/273960\/","title":{"rendered":"Pedaleando para hacer realidad un sue\u00f1o: el emotivo documental de dos bilba\u00ednos rodado en Nueva Zelanda"},"content":{"rendered":"<p>Al final de una vida, en sus \u00faltimos momentos antes de apagarse para siempre, nadie se arrepiente de no haber trabajado m\u00e1s horas. Es lo  &#8230; que sostienen los profesionales que trabajan en cuidados paliativos acompa\u00f1ando a las personas que est\u00e1n a punto de abandonar para siempre este mundo. \u00bfY de qu\u00e9 se lamentan estos hombres y mujeres en sus \u00faltimos instantes de existencia? Adem\u00e1s de no haber pasado m\u00e1s tiempo con sus seres queridos, tambi\u00e9n suele aparecer en sus postreras confesiones una idea recurrente: no haber perseguido sus sue\u00f1os. Ese es precisamente el tema central del documental &#8216;The road we never rode&#8217; (&#8216;El camino que nunca recorrimos&#8217;), protagonizado por dos bilba\u00ednos, I\u00f1igo Lamana y Javier Fern\u00e1ndez, que se embarcaron en la aventura de atravesar Nueva Zelanda, de norte a sur, en bicicleta. <\/p>\n<p class=\"v-p\">Curiosamente, la idea de viajar a Nueva Zelanda surgi\u00f3 en otro pa\u00eds plagado de marcos incomparables: Escocia, donde I\u00f1igo y Javier, de 35 y 34 a\u00f1os respectivamente se conocieron en 2014 gracias a amigos comunes cuando ambos se encontraban viviendo all\u00ed. \u00abHicimos muy buena relaci\u00f3n\u00bb, destaca Lamana en declaraciones a EL CORREO con motivo de la proyecci\u00f3n de su documental de 35 minutos de duraci\u00f3n seleccionado a concurso por el festival &#8216;BBK mendi film Bilbao-Bizkaia&#8217;, que se desarrolla en el Palacio Euskalduna del 5 al 14 de diciembre. <\/p>\n<p class=\"v-p\">All\u00ed, dieron rienda suelta a su gran pasi\u00f3n: el bikepacking, una de las formas m\u00e1s populares de cicloturismo. Se trata de viajar sobre este veh\u00edculo de dos ruedas pr\u00e1cticamente con lo puesto metido en una bolsa que se monta directamente en el cuadro de la bici. Esta equipaci\u00f3n minimalista permite a sus seguidores una completa libertad de movimientos, desplaz\u00e1ndose a golpe de pedalada a lomos de sus gravel, modelos con un paso de rueda m\u00e1s ancho y con taco, que est\u00e1n preparadas para desplazarse por todo tipo de caminos, desde asfaltadas carreteras a senderos de grava, de ah\u00ed su nombre, en plena naturaleza.<\/p>\n<p class=\"v-p\">El caso es que en su primera excursi\u00f3n por tierras escocesas, I\u00f1igo y Javi se toparon con un veterano ciclista, de unos 70 a\u00f1os, que les asegur\u00f3 \u00absin pens\u00e1rselo dos veces\u00bb que el mejor lugar para practicar el bikepacking era Nueva Zelanda. Y esa idea, plantada como una semilla en sus cerebros, termin\u00f3 germinando el a\u00f1o pasado cuando ambos decidieron cumplir su particular sue\u00f1o. Antes, en 2017, I\u00f1igo ya comprob\u00f3 de primera mano con sus paseos en bici \u00abel brutal potencial\u00bb de este pa\u00eds, formado por dos grandes islas, en el que vivi\u00f3 durante todo un a\u00f1o tras mudarse por motivos de trabajo. Pero la idea de atravesarlo de norte a sur con su amigo segu\u00eda intacta en su mente.<\/p>\n<p>Un d\u00eda de planificaci\u00f3n<\/p>\n<p><img decoding=\"async\" loading=\"lazy\" src=\"https:\/\/www.europesays.com\/es\/wp-content\/uploads\/2025\/12\/rode-kUJD-U24043673253846B-650x455@El Correo.jpeg\" class=\"v-a-img\" width=\"650\" height=\"455\" alt=\"\" data-voc-vtm-id=\"in-text-traffic\"\/><\/p>\n<p>I. Lamana<\/p>\n<p><img loading=\"lazy\" decoding=\"async\" src=\"https:\/\/www.europesays.com\/es\/wp-content\/uploads\/2025\/12\/rode-kUJD-U2404367325380WB-1920x1344@El Correo.jpeg\" class=\"v-mdl__img-z\" width=\"1920\" height=\"1344\" alt=\"\"\/><\/p>\n<p class=\"v-p\">Hasta que, siete a\u00f1os despu\u00e9s, se liaron la manta a la cabeza con un \u00ab&#8217;vamos?&#8217;, &#8216;venga vamos&#8217;\u00bb. Llama la atenci\u00f3n que su expedici\u00f3n se gestara con s\u00f3lo un d\u00eda de planificaci\u00f3n. \u00abCompramos vuelos y ya est\u00e1\u00bb, rememora. De hecho, esta forma de conocer otros pueblos se basa en la continua improvisaci\u00f3n, sin saber uno d\u00f3nde se va a pasar la noche o d\u00f3nde comer. Se trata buscar sitios \u00absobre la marcha\u00bb. Finalmente, el 1 de enero estos trotamundos natos iniciaban en Auckland el primero de los 2.500 kil\u00f3metros que les separaban de Queenstown, su meta final. <\/p>\n<p class=\"v-p\">Su aventura de 22 d\u00edas, repartida en 20 etapas con solo dos jornadas de descanso, hab\u00eda comenzado. Y todo ello sin ayudas oficiales. Con s\u00f3lo dos bicicletas cedidas por Orbea y la ropa suministrada por Gsport, \u00abuna marca con la que trabajo\u00bb, se\u00f1ala Lamana. En total, se gastaron 2.000 euros por cabeza, sin contar los billetes de avi\u00f3n, en un periplo en el que, \u00abafortunadamente, todo sali\u00f3 bien\u00bb. \u00abAl ir en bici te ahorras tu dinero en gasolina y es un pa\u00eds en el que no es muy caro comer\u00bb, destaca entre risas.<\/p>\n<p class=\"v-p\">\u00bfY c\u00f3mo surgi\u00f3 la idea de convertir un sue\u00f1o en un documental de 35 minutos lleno de paisajes espectaculares? Lamana, que cuenta con su propia productora Unlock Studios, decidi\u00f3 documentar su viaje, captar el momento, con la ayuda de una c\u00e1mara de mano y un dron. Todo ello para tratar de inspirar a las personas a que se atrevan a emprender sus propias aventuras. \u00abLa bici es nuestro instrumento y Nueva Zelanda el paisaje, el decorado. Pero la clave son todas las historias que vivimos, la gente que conocemos en el camino\u00bb. Y eso que \u00abhubo etapas en las que no nos encontramos con nadie en todo el d\u00eda cuando cruz\u00e1bamos desiertos o valles\u00bb, a\u00f1ade.<\/p>\n<p>Gente \u00abmuy acogedora\u00bb<\/p>\n<p><img decoding=\"async\" loading=\"lazy\" src=\"https:\/\/www.europesays.com\/es\/wp-content\/uploads\/2025\/12\/ciclistas-2-kUJD-U240436732538eUE-650x455@El Correo.jpg\" class=\"v-a-img\" width=\"650\" height=\"455\" alt=\"\" data-voc-vtm-id=\"in-text-traffic\"\/><\/p>\n<p>I. Lamana<\/p>\n<p><img loading=\"lazy\" decoding=\"async\" src=\"https:\/\/www.europesays.com\/es\/wp-content\/uploads\/2025\/12\/ciclistas-2-kUJD-U240436732538QvC-1920x1344@El Correo.jpg\" class=\"v-mdl__img-z\" width=\"1920\" height=\"1344\" alt=\"\"\/><\/p>\n<p class=\"v-p\">\u00bfY c\u00f3mo son los neozelandeses en las distancias cortas? \u00abSon gente muy orgullosa de su pa\u00eds y al mismo tiempo muy acogedora\u00bb, ensalza I\u00f1igo a la vez que pone un ejemplo. En uno de los lugares que buscaron para dormir, una se\u00f1ora que viv\u00eda en una casa enorme les cont\u00f3 que hab\u00eda fallecido su marido, por lo que estaba agradecida de tener alguien con quien hablar. Cuando vio que los cicloturistas sacaban un lata de at\u00fan y algo de pasta para cenar, les par\u00f3 en seguida con un \u00abolvidaos de eso\u00bb. \u00abNos prepar\u00f3 una comida elaborada. Esas cosas, si lo hicieses de otra forma, te las hubieras perdido\u00bb, recalca.<\/p>\n<p class=\"v-p\">El director de &#8216;The road we never rode&#8217; se refiere al hecho de recorrer el pa\u00eds en bicicleta. \u00abSi hubi\u00e9semos ido en coche, ser\u00edamos unos turistas m\u00e1s\u00bb, sostiene. El hecho de llegar a los sitios pedaleando llamaba la atenci\u00f3n de los aut\u00f3ctonos. \u00abLos neozelandeses son muy curiosos. Quer\u00edan saber de d\u00f3nde \u00e9ramos y se sorprend\u00edan de que hubi\u00e9ramos llegado desde tan lejos\u00bb, explica. \u00bfY saben localizarnos en el mapa? \u00ab,Conocen Espa\u00f1a de sobra\u00bb, asegura. \u00abHay gente que incluso sabe qu\u00e9 es el Basque Country. Y eso que viven literalmente en las ant\u00edpodas. Si excavas un t\u00fanel desde aqu\u00ed hacia abajo, apareces directamente en Nueva Zelanda\u00bb, se\u00f1ala.<\/p>\n<p class=\"v-p\">En contrapartida, I\u00f1igo y Javier les insist\u00edan en la suerte de vivir en un lugar con unos paisajes tan espectaculares que ellos \u00abhan normalizado\u00bb. No en vano, Nueva Zelanda fue el escenario elegido para rodar la trilog\u00eda de &#8216;El se\u00f1or de los anillos&#8217;. \u00abNuestros amigos nos han mandado im\u00e1genes de las pel\u00edculas que correspond\u00edan a las nuestras cuando pas\u00e1bamos por all\u00ed, aunque no era algo que busc\u00e1ramos expresamente\u00bb, aclara. Adem\u00e1s de los sitios que parecen sacados de una novela de fantas\u00eda, \u00abnosotros les record\u00e1bamos, que viven en un pa\u00eds privilegiado. A nivel de seguridad es una pasada y su infraestructura es perfecta para viajar con la bicicleta.\u00bb, explica Lamana. <\/p>\n<p>Gestos sencillos para ayudar a los dem\u00e1s<\/p>\n<p><img decoding=\"async\" loading=\"lazy\" src=\"https:\/\/www.europesays.com\/es\/wp-content\/uploads\/2025\/12\/protagonistas-road-kUJD-U240436732538o9G-650x455@El Correo.PNG\" class=\"v-a-img\" width=\"650\" height=\"455\" alt=\"I\u00f1igo Lamana y Javi Fern\u00e1ndez, en un momento de descanso.\" data-voc-vtm-id=\"in-text-traffic\"\/><\/p>\n<p>I\u00f1igo Lamana y Javi Fern\u00e1ndez, en un momento de descanso.<\/p>\n<p>I. Lamana<\/p>\n<p><img loading=\"lazy\" decoding=\"async\" src=\"https:\/\/www.europesays.com\/es\/wp-content\/uploads\/2025\/12\/protagonistas-road-kUJD-U240436732538kyB-1920x1344@El Correo.PNG\" class=\"v-mdl__img-z\" width=\"1920\" height=\"1344\" alt=\"\"\/><\/p>\n<p class=\"v-p\">Las an\u00e9cdotas del viaje se van apelotonando en la conversaci\u00f3n como cuando compitieron con cinco ni\u00f1os, de unos 10-12 a\u00f1os, para dirimir si sus bicis eran m\u00e1s r\u00e1pidas que las mountain bike de los chavales. Por supuesto, los bilba\u00ednos ganaron. \u00abA\u00fan hoy en d\u00eda varios de ellos nos preguntan por Instagram &#8216;oye I\u00f1igo, \u00bfcu\u00e1ndo sacas el documental?&#8217;. Les hizo ilusi\u00f3n que vinieran dos chicos de Europa y les echaran una carrera\u00bb, afirma. Es parte del mensaje de la pel\u00edcula: qu\u00e9 f\u00e1cil es, con gestos sencillos, mejorar el d\u00eda a d\u00eda a las personas como cuando un ciclista local, \u00abcuando \u00edbamos reventados\u00bb, se puso delante de ellos \u00abdurante 40 o 50 kil\u00f3metros cort\u00e1ndonos el viento\u00bb \u00abEso en ciclismo se nota mucho\u00ab, resalta. <\/p>\n<p class=\"v-p\">Recuerdos inolvidables que no hubieran existido si se hubiesen quedado en casa. Como un \u00abprecioso amanecer\u00bb en plena naturaleza aprovechando que se alojaban, totalmente solos, en unos bungalows situados en lo alto de una subida. \u00abMe despert\u00e9 antes que Javi y le dije: &#8216;Ven a ver esto&#8217;. Eran unas im\u00e1genes como de un sue\u00f1o: niebla abajo en el valle&#8230; A nivel visual, esos momentos son muy impactantes en la pel\u00edcula\u00bb, a\u00f1ade emocionado. <\/p>\n<p><img decoding=\"async\" loading=\"lazy\" src=\"https:\/\/www.europesays.com\/es\/wp-content\/uploads\/2025\/12\/mark-kUJD-U240436732538QdF-650x455@El Correo.PNG\" class=\"v-a-img\" width=\"650\" height=\"455\" alt=\"Mark, el alter ego futuro de I\u00f1igo, durante un momento del reportaje.\" data-voc-vtm-id=\"in-text-traffic\"\/><\/p>\n<p>Mark, el alter ego futuro de I\u00f1igo, durante un momento del reportaje.<\/p>\n<p>I. Lamana<\/p>\n<p><img loading=\"lazy\" decoding=\"async\" src=\"https:\/\/www.europesays.com\/es\/wp-content\/uploads\/2025\/12\/mark-kUJD-U240436732538eFB-1920x1344@El Correo.PNG\" class=\"v-mdl__img-z\" width=\"1920\" height=\"1344\" alt=\"\"\/><\/p>\n<p class=\"v-p\">Para plasmar en im\u00e1genes la idea de que hay que \u00abdejar de poner excusas\u00bb y hacer posible nuestros anhelos en la vida real , I\u00f1igo recurri\u00f3 a Mark, de Carolina del Sur. \u00abEs un se\u00f1or de 70 a\u00f1os al que utilizamos para que hiciese de narrador. \u00c9l viene a ser &#8216;mi yo del futuro&#8217;. Esa persona que nunca lleg\u00f3 a realizar el viaje y que vive a trav\u00e9s del arrepentimiento de lo que podr\u00eda haber sido\u00bb, explica. Hasta que finalmente, \u00e9l mismo, sin importar su avanzada edad, se lanza a la aventura, un ep\u00edlogo que invita a una segunda parte de este documental que se proyectar\u00e1 en el Palacio Euskalduna el 9 de diciembre, a las 19.30 horas, con \u00abla asistencia de todos nuestros familiares y amigos\u00bb. \u00abSer\u00e1 un momento muy especial\u00bb, subraya I\u00f1igo, muy agradecido de que su trabajo aspire a un galard\u00f3n en el &#8216;BBK mendi film Bilbao-Bizkaia&#8217;, un festival al que ambos han acudido durante muchos a\u00f1os como espectadores. \u00abSiempre hab\u00edamos dicho que si hac\u00edamos algo, lo estrenar\u00edamos aqu\u00ed\u00bb, asegura. Otro sue\u00f1o cumplido.<\/p>\n","protected":false},"excerpt":{"rendered":"Al final de una vida, en sus \u00faltimos momentos antes de apagarse para siempre, nadie se arrepiente de&hellip;\n","protected":false},"author":2,"featured_media":273961,"comment_status":"","ping_status":"","sticky":false,"template":"","format":"standard","meta":{"footnotes":""},"categories":[169],"tags":[177,6084,1563,146,147,25,24,176,433,175,795,13901,51714,23,12108,12965,53976],"class_list":{"0":"post-273960","1":"post","2":"type-post","3":"status-publish","4":"format-standard","5":"has-post-thumbnail","7":"category-cine","8":"tag-cine","9":"tag-documental","10":"tag-dos","11":"tag-entertainment","12":"tag-entretenimiento","13":"tag-es","14":"tag-espana","15":"tag-film","16":"tag-jovenes","17":"tag-movies","18":"tag-nueva","19":"tag-pendientes","20":"tag-rodado","21":"tag-spain","22":"tag-suenos","23":"tag-vizcainos","24":"tag-zelanda"},"share_on_mastodon":{"url":"https:\/\/pubeurope.com\/@es\/115671938640173684","error":""},"_links":{"self":[{"href":"https:\/\/www.europesays.com\/es\/wp-json\/wp\/v2\/posts\/273960","targetHints":{"allow":["GET"]}}],"collection":[{"href":"https:\/\/www.europesays.com\/es\/wp-json\/wp\/v2\/posts"}],"about":[{"href":"https:\/\/www.europesays.com\/es\/wp-json\/wp\/v2\/types\/post"}],"author":[{"embeddable":true,"href":"https:\/\/www.europesays.com\/es\/wp-json\/wp\/v2\/users\/2"}],"replies":[{"embeddable":true,"href":"https:\/\/www.europesays.com\/es\/wp-json\/wp\/v2\/comments?post=273960"}],"version-history":[{"count":0,"href":"https:\/\/www.europesays.com\/es\/wp-json\/wp\/v2\/posts\/273960\/revisions"}],"wp:featuredmedia":[{"embeddable":true,"href":"https:\/\/www.europesays.com\/es\/wp-json\/wp\/v2\/media\/273961"}],"wp:attachment":[{"href":"https:\/\/www.europesays.com\/es\/wp-json\/wp\/v2\/media?parent=273960"}],"wp:term":[{"taxonomy":"category","embeddable":true,"href":"https:\/\/www.europesays.com\/es\/wp-json\/wp\/v2\/categories?post=273960"},{"taxonomy":"post_tag","embeddable":true,"href":"https:\/\/www.europesays.com\/es\/wp-json\/wp\/v2\/tags?post=273960"}],"curies":[{"name":"wp","href":"https:\/\/api.w.org\/{rel}","templated":true}]}}