{"id":273974,"date":"2025-12-06T09:41:08","date_gmt":"2025-12-06T09:41:08","guid":{"rendered":"https:\/\/www.europesays.com\/es\/273974\/"},"modified":"2025-12-06T09:41:08","modified_gmt":"2025-12-06T09:41:08","slug":"el-ayuntamiento-de-zaragoza-repara-el-pavimento-y-acondiciona-el-solar-del-circo-social-de-las-armas-para-mejorar-su-uso-por-las-entidades-sociale","status":"publish","type":"post","link":"https:\/\/www.europesays.com\/es\/273974\/","title":{"rendered":"El Ayuntamiento de Zaragoza repara el pavimento y acondiciona el Solar del Circo Social de Las Armas para mejorar su uso por las entidades sociale"},"content":{"rendered":"<p>      Cuerpo de la noticia<\/p>\n<p>El Ayuntamiento de Zaragoza est\u00e1 ejecutando esta semana las labores de adecuaci\u00f3n y reparaci\u00f3n del pavimento del denominado Solar del Circo Social, situado en la calle de Las Armas, 85, en el distrito del Casco Hist\u00f3rico.<\/p>\n<p>Las obras, que se ejecutan mediante un contrato menor de 5.000 euros de importe, atienden as\u00ed a una demanda vecinal, dado que es un espacio gestionado por el Plan Integral del Casco Hist\u00f3rico (PICH) y de titularidad municipal, bajo patrimonio de Zaragoza Vivienda. En la actualidad, el espacio es utilizado dentro de las actividades de deporte y mantenimiento para personas mayores, pero es utilizado tambi\u00e9n por otras entidades sociales, vecinales y culturales.<\/p>\n<p>En concreto, la Asociaci\u00f3n Promoci\u00f3n del Teatro Comunitario represent\u00f3 en junio la obra \u00abY las ruinas son bellas\u00bb, una actividad gratuita abierta a todos los ciudadanos, y en octubre celebr\u00f3 la gala por el d\u00e9cimo aniversario del grupo, adem\u00e1s del uso que en julio le da la Fundaci\u00f3n Secretariado Gitano como espacio principal de sus colonias urbanas.<\/p>\n<p>El Solar del Circo Social surgi\u00f3 como espacio de gesti\u00f3n comunitaria en 2014, peo tras 2020, con la pandemia y la par\u00e1lisis de actividades, fue vandalizado e incluso ocupado ilegalmente en situaci\u00f3n de insalubridad, impidiendo la celebraci\u00f3n de programaci\u00f3n y el uso por parte de los vecinos.<\/p>\n<p>En 2021, el Ayuntamiento de Zaragoza tuvo que recuperar la gesti\u00f3n del espacio y acometer tareas de limpieza, desalojo, desinfecci\u00f3n y desratizaci\u00f3n, para devolver el estado \u00f3ptimo del solar y design\u00f3 la gesti\u00f3n al PICH de su utilizaci\u00f3n para los colectivos vecinales y sociales del distrito, tal y como hab\u00edan solicitado.\u00a0<\/p>\n","protected":false},"excerpt":{"rendered":"Cuerpo de la noticia El Ayuntamiento de Zaragoza est\u00e1 ejecutando esta semana las labores de adecuaci\u00f3n y reparaci\u00f3n&hellip;\n","protected":false},"author":2,"featured_media":273975,"comment_status":"","ping_status":"","sticky":false,"template":"","format":"standard","meta":{"footnotes":""},"categories":[5],"tags":[17,18,25,24,13,14,11,19,20,9,10,15,16,23,12,21,22],"class_list":{"0":"post-273974","1":"post","2":"type-post","3":"status-publish","4":"format-standard","5":"has-post-thumbnail","7":"category-titulares","8":"tag-breaking-news","9":"tag-breakingnews","10":"tag-es","11":"tag-espana","12":"tag-featured-news","13":"tag-featurednews","14":"tag-headlines","15":"tag-latest-news","16":"tag-latestnews","17":"tag-news","18":"tag-noticias","19":"tag-noticias-destacadas","20":"tag-noticiasdestacadas","21":"tag-spain","22":"tag-titulares","23":"tag-ultimas-noticias","24":"tag-ultimasnoticias"},"share_on_mastodon":{"url":"https:\/\/pubeurope.com\/@es\/115671969538488253","error":""},"_links":{"self":[{"href":"https:\/\/www.europesays.com\/es\/wp-json\/wp\/v2\/posts\/273974","targetHints":{"allow":["GET"]}}],"collection":[{"href":"https:\/\/www.europesays.com\/es\/wp-json\/wp\/v2\/posts"}],"about":[{"href":"https:\/\/www.europesays.com\/es\/wp-json\/wp\/v2\/types\/post"}],"author":[{"embeddable":true,"href":"https:\/\/www.europesays.com\/es\/wp-json\/wp\/v2\/users\/2"}],"replies":[{"embeddable":true,"href":"https:\/\/www.europesays.com\/es\/wp-json\/wp\/v2\/comments?post=273974"}],"version-history":[{"count":0,"href":"https:\/\/www.europesays.com\/es\/wp-json\/wp\/v2\/posts\/273974\/revisions"}],"wp:featuredmedia":[{"embeddable":true,"href":"https:\/\/www.europesays.com\/es\/wp-json\/wp\/v2\/media\/273975"}],"wp:attachment":[{"href":"https:\/\/www.europesays.com\/es\/wp-json\/wp\/v2\/media?parent=273974"}],"wp:term":[{"taxonomy":"category","embeddable":true,"href":"https:\/\/www.europesays.com\/es\/wp-json\/wp\/v2\/categories?post=273974"},{"taxonomy":"post_tag","embeddable":true,"href":"https:\/\/www.europesays.com\/es\/wp-json\/wp\/v2\/tags?post=273974"}],"curies":[{"name":"wp","href":"https:\/\/api.w.org\/{rel}","templated":true}]}}