{"id":273978,"date":"2025-12-06T09:47:14","date_gmt":"2025-12-06T09:47:14","guid":{"rendered":"https:\/\/www.europesays.com\/es\/273978\/"},"modified":"2025-12-06T09:47:14","modified_gmt":"2025-12-06T09:47:14","slug":"la-historia-del-mejor-corredor-de-xco-de-todos-los-tiempos","status":"publish","type":"post","link":"https:\/\/www.europesays.com\/es\/273978\/","title":{"rendered":"la historia del mejor corredor de XCO de todos los tiempos"},"content":{"rendered":"<p>Nino Schurter anunci\u00f3 oficialmente su retirada del mountain bike hace unos meses y sin duda esta ha sido la noticia del a\u00f1o, y de una \u00e9poca, para el XCO. Ahora el suizo ha aprovechado para publicar Nino Schurter \u2013 An Extraordinary Mountain Biker, <strong>un libro que repasa desde dentro la trayectoria del mejor corredor de XCO de todos los tiempos.<\/strong><\/p>\n<p>Este libro llega en el momento perfecto. El deporte a\u00fan asimila la marcha de una figura que marc\u00f3 dos d\u00e9cadas de evoluci\u00f3n del cross-country, y <strong>esta obra se convierte en el documento m\u00e1s completo que Schurter ha presentado nunca sobre su vida deportiva<\/strong>. En \u00e9l se recogen cientos de fotograf\u00edas tomadas por algunos de los mejores fot\u00f3grafos del MTB internacional, acompa\u00f1adas de testimonios de amigos, mentores y personas que han estado a su lado desde sus primeros pasos hasta sus \u00faltimos t\u00edtulos. El enfoque es \u00edntimo y m\u00e1s cercano a una memoria personal que a un simple recopilatorio visual.<\/p>\n<p><img class=\" lazyload\" border=\"0\" alt=\"Nino Schurter estrena libro: la historia del mejor corredor de XCO de todos los tiempos\" width=\"1080\" height=\"1350\"  data-\/><\/p>\n<p>El lanzamiento encaja con el tono de despedida que ha marcado 2025 para el suizo. Su anuncio de retirada en agosto, con la elecci\u00f3n de Lenzerheide como \u00faltima carrera, ya dej\u00f3 claro que quer\u00eda cerrar su etapa con un gesto significativo hacia la afici\u00f3n. La prueba suiza se convirti\u00f3 en un homenaje multitudinario y, ahora, este libro funciona como la pieza final de ese relato. Es el propio Schurter quien abre las puertas a su carrera, a su evoluci\u00f3n como deportista y a los momentos que definieron su impacto en el mountain bike moderno.<\/p>\n<p><img class=\" lazyload\" border=\"0\" alt=\"Nino Schurter estrena libro: la historia del mejor corredor de XCO de todos los tiempos\" width=\"2000\" height=\"2000\"  data-\/><\/p>\n<p>El libro se acaba de publicar en ingl\u00e9s y alem\u00e1n y <strong><a href=\"https:\/\/www.scott-sports.com\/es\/es\/product\/n1no-book-softcover?article=426928001&amp;utm_source=Brujulabike+web&amp;utm_medium=Brujulabike&amp;utm_id=libro+nino\" target=\"_blank\" rel=\"noopener nofollow\">puede comprarse por 29,90 \u20ac.<\/a><\/strong> La distribuci\u00f3n corre a cargo de SCOTT, con env\u00edos estimados entre dos y seis d\u00edas laborables. Su formato accesible y su cuidada edici\u00f3n lo convierten tanto en una pieza de colecci\u00f3n para seguidores del XCO como en una oportunidad para descubrir, desde dentro, qu\u00e9 hay detr\u00e1s del atleta m\u00e1s dominante que ha conocido esta disciplina.<\/p>\n","protected":false},"excerpt":{"rendered":"Nino Schurter anunci\u00f3 oficialmente su retirada del mountain bike hace unos meses y sin duda esta ha sido&hellip;\n","protected":false},"author":2,"featured_media":273979,"comment_status":"","ping_status":"","sticky":false,"template":"","format":"standard","meta":{"footnotes":""},"categories":[273],"tags":[313,312,168,25,24,23,167],"class_list":{"0":"post-273978","1":"post","2":"type-post","3":"status-publish","4":"format-standard","5":"has-post-thumbnail","7":"category-ciclismo","8":"tag-ciclismo","9":"tag-cycling","10":"tag-deportes","11":"tag-es","12":"tag-espana","13":"tag-spain","14":"tag-sports"},"share_on_mastodon":{"url":"https:\/\/pubeurope.com\/@es\/115671993081186693","error":""},"_links":{"self":[{"href":"https:\/\/www.europesays.com\/es\/wp-json\/wp\/v2\/posts\/273978","targetHints":{"allow":["GET"]}}],"collection":[{"href":"https:\/\/www.europesays.com\/es\/wp-json\/wp\/v2\/posts"}],"about":[{"href":"https:\/\/www.europesays.com\/es\/wp-json\/wp\/v2\/types\/post"}],"author":[{"embeddable":true,"href":"https:\/\/www.europesays.com\/es\/wp-json\/wp\/v2\/users\/2"}],"replies":[{"embeddable":true,"href":"https:\/\/www.europesays.com\/es\/wp-json\/wp\/v2\/comments?post=273978"}],"version-history":[{"count":0,"href":"https:\/\/www.europesays.com\/es\/wp-json\/wp\/v2\/posts\/273978\/revisions"}],"wp:featuredmedia":[{"embeddable":true,"href":"https:\/\/www.europesays.com\/es\/wp-json\/wp\/v2\/media\/273979"}],"wp:attachment":[{"href":"https:\/\/www.europesays.com\/es\/wp-json\/wp\/v2\/media?parent=273978"}],"wp:term":[{"taxonomy":"category","embeddable":true,"href":"https:\/\/www.europesays.com\/es\/wp-json\/wp\/v2\/categories?post=273978"},{"taxonomy":"post_tag","embeddable":true,"href":"https:\/\/www.europesays.com\/es\/wp-json\/wp\/v2\/tags?post=273978"}],"curies":[{"name":"wp","href":"https:\/\/api.w.org\/{rel}","templated":true}]}}