{"id":273980,"date":"2025-12-06T09:49:08","date_gmt":"2025-12-06T09:49:08","guid":{"rendered":"https:\/\/www.europesays.com\/es\/273980\/"},"modified":"2025-12-06T09:49:08","modified_gmt":"2025-12-06T09:49:08","slug":"se-preparan-para-un-mes-sin-antetokounmpo-por-lesion","status":"publish","type":"post","link":"https:\/\/www.europesays.com\/es\/273980\/","title":{"rendered":"se preparan para un mes sin Antetokounmpo por lesi\u00f3n"},"content":{"rendered":"<p data-mrf-recirculation=\"Links P\u00e1rrafos\" class=\"ue-c-article__paragraph paragraph xai-icon-container ue-c-article--first-letter-highlighted\">El banquillo de <strong>Milwaukee<\/strong> vive d\u00edas de c\u00e1lculo y prudencia. <strong>Doc Rivers<\/strong>, t\u00e9cnico de los<strong> Bucks<\/strong>, asumi\u00f3 p\u00fablicamente que <strong>Giannis Antetokounmpo<\/strong> estar\u00e1 apartado de las pistas cerca de un mes por una distensi\u00f3n en el gemelo derecho. Aunque los primeros diagn\u00f3sticos hablaban de un margen de dos a cuatro semanas, el entrenador se inclin\u00f3 por el tramo m\u00e1s largo y avis\u00f3 de que cualquier prisa ser\u00eda un error. Para una estrella que vive devorada por la competitividad, escuchar que la recuperaci\u00f3n puede ir m\u00e1s lenta de lo deseado nunca es f\u00e1cil, pero Rivers fue categ\u00f3rico: los gemelos son traicioneros y un mal paso puede desencadenar un problema mayor. De momento, Giannis no viajar\u00e1 a Detroit para el partido del s\u00e1bado, aunque s\u00ed acompa\u00f1ar\u00e1 al equipo en la mayor\u00eda de salidas cuando el cuerpo m\u00e9dico lo considere seguro.<\/p>\n<p>El percance lleg\u00f3 en los compases iniciales del triunfo ante Detroit, cuando el dos veces MVP se resbal\u00f3 tras asistir en bandeja a AJ Green. Cay\u00f3, se llev\u00f3 la mano a la pierna y abandon\u00f3 la pista sin apenas oposici\u00f3n. Rivers desliz\u00f3 que el origen del problema pudo estar en un contacto previo en la l\u00ednea de fondo, justo antes de la asistencia. La escena recuerda demasiado a la lesi\u00f3n de gemelo que ya cort\u00f3 en seco la temporada 2023-24 del griego, y la coincidencia preocupa. Milwaukee tambi\u00e9n perdi\u00f3 a Green el viernes, quien sufri\u00f3 un golpe en el hombro y ser\u00e1 sometido a pruebas. La suma de contratiempos explica un presente inc\u00f3modo para una franquicia que depende demasiado de su l\u00edder: sin <strong>Antetokounmpo, los Bucks <\/strong>presentan un pobre 1-6 este curso y su juego se resiente desde la primera p\u00e9rdida de bal\u00f3n hasta el \u00faltimo tiro forzado.<\/p>\n<p>El partido ante los 76ers fue un espejo crudo: descontrol en la direcci\u00f3n, decisiones precipitadas y diez p\u00e9rdidas antes del descanso que Filadelfia convirti\u00f3 en una monta\u00f1a insalvable. Rivers se\u00f1al\u00f3 que algunos jugadores intentaron asumir m\u00e1s de lo que les corresponde, una reacci\u00f3n l\u00f3gica ante el vac\u00edo que deja Giannis, pero f\u00e1cil de neutralizar para el rival. Kevin Porter Jr., que tampoco estuvo disponible durante la anterior ausencia del griego por problemas en el aductor, admiti\u00f3 que todos deber\u00e1n elevar su responsabilidad. El contexto no miente: Antetokounmpo lleg\u00f3 a esta jornada como uno de los mejores anotadores y reboteadores del curso \u201428,9 puntos y 10,1 capturas de media\u2014, cifras que no se reemplazan con discursos. <strong>Milwaukee puede sobrevivir alg\u00fan partido sin \u00e9l; construir victorias durante un mes ser\u00e1 otra historia. Doc Rivers lo sabe. Su misi\u00f3n, ahora, es resistir hasta que vuelva el hombre que sostiene toda la estructura.<\/strong><\/p>\n","protected":false},"excerpt":{"rendered":"El banquillo de Milwaukee vive d\u00edas de c\u00e1lculo y prudencia. Doc Rivers, t\u00e9cnico de los Bucks, asumi\u00f3 p\u00fablicamente&hellip;\n","protected":false},"author":2,"featured_media":273981,"comment_status":"","ping_status":"","sticky":false,"template":"","format":"standard","meta":{"footnotes":""},"categories":[269],"tags":[299,298,168,25,24,23,167],"class_list":{"0":"post-273980","1":"post","2":"type-post","3":"status-publish","4":"format-standard","5":"has-post-thumbnail","7":"category-baloncesto","8":"tag-baloncesto","9":"tag-basketball","10":"tag-deportes","11":"tag-es","12":"tag-espana","13":"tag-spain","14":"tag-sports"},"share_on_mastodon":{"url":"https:\/\/pubeurope.com\/@es\/115672001120872257","error":""},"_links":{"self":[{"href":"https:\/\/www.europesays.com\/es\/wp-json\/wp\/v2\/posts\/273980","targetHints":{"allow":["GET"]}}],"collection":[{"href":"https:\/\/www.europesays.com\/es\/wp-json\/wp\/v2\/posts"}],"about":[{"href":"https:\/\/www.europesays.com\/es\/wp-json\/wp\/v2\/types\/post"}],"author":[{"embeddable":true,"href":"https:\/\/www.europesays.com\/es\/wp-json\/wp\/v2\/users\/2"}],"replies":[{"embeddable":true,"href":"https:\/\/www.europesays.com\/es\/wp-json\/wp\/v2\/comments?post=273980"}],"version-history":[{"count":0,"href":"https:\/\/www.europesays.com\/es\/wp-json\/wp\/v2\/posts\/273980\/revisions"}],"wp:featuredmedia":[{"embeddable":true,"href":"https:\/\/www.europesays.com\/es\/wp-json\/wp\/v2\/media\/273981"}],"wp:attachment":[{"href":"https:\/\/www.europesays.com\/es\/wp-json\/wp\/v2\/media?parent=273980"}],"wp:term":[{"taxonomy":"category","embeddable":true,"href":"https:\/\/www.europesays.com\/es\/wp-json\/wp\/v2\/categories?post=273980"},{"taxonomy":"post_tag","embeddable":true,"href":"https:\/\/www.europesays.com\/es\/wp-json\/wp\/v2\/tags?post=273980"}],"curies":[{"name":"wp","href":"https:\/\/api.w.org\/{rel}","templated":true}]}}