{"id":273982,"date":"2025-12-06T09:50:13","date_gmt":"2025-12-06T09:50:13","guid":{"rendered":"https:\/\/www.europesays.com\/es\/273982\/"},"modified":"2025-12-06T09:50:13","modified_gmt":"2025-12-06T09:50:13","slug":"las-polemicas-de-la-jornada-15-de-laliga-ea-sports-todos-los-penaltis-expulsiones-y-jugadas-controvertidas","status":"publish","type":"post","link":"https:\/\/www.europesays.com\/es\/273982\/","title":{"rendered":"Las pol\u00e9micas de la jornada 15 de LaLiga EA Sports: todos los penaltis, expulsiones y jugadas controvertidas"},"content":{"rendered":"<p class=\"\">Estas son las jugadas pol\u00e9micas y controvertidas de la jornada 15 de LaLiga EA Sports analizadas por<b> Iturralde Gonz\u00e1lez<\/b>, analista arbitral de AS y la Cadena SER.<\/p>\n<p>Real Oviedo &#8211; Real Mallorca<\/p>\n<p class=\"\">En el Nuevo Tartiere las jugadas pol\u00e9micas llegaron casi al final del encuentro. Y una de ellas tuvo como<b> protagonista a Santi Cazorla<\/b>. El veterano capit\u00e1n del Oviedo hizo <b>una entrada muy fea a Muriqi<\/b>. El colegiado navarro Galech Apezteguia le mostr\u00f3 en un primer momento cartulina amarilla, pero tras revisar la jugada en el VAR, le mostr\u00f3 la <b>roja directa en el 88\u2032<\/b>. \u201cLa expulsi\u00f3n de Cazorla se puede sostener en un juego brusco grave. La intencionalidad no est\u00e1 recogida en la regla 12 para dictaminar este veredicto. Tiene la mala suerte que se tira con la pierna por delante, pega por encima al bal\u00f3n, pero al tirarse no puede ya parar la acci\u00f3n y acaba golpeando con los tacos por encima del empeine. <b>Al tener altura el impacto y fuerza excesiva la acci\u00f3n se considera como juego brusco grave\u201d<\/b>, afirma Iturralde Gonz\u00e1lez.<\/p>\n<p><img decoding=\"async\" src=\"https:\/\/www.europesays.com\/es\/wp-content\/uploads\/2025\/12\/XTMS2RQOSVFIDEBZYIDIQ7XWWI.jpg\" alt=\"Las pol\u00e9micas de la jornada 15 de LaLiga EA Sports: todos los penaltis, expulsiones y jugadas controvertidas\" height=\"655\" width=\"1400\"   loading=\"lazy\"\/><\/p>\n<p class=\"\">Pero es que por un entrada muy similar, o peor, de Fede Vi\u00f1as al japon\u00e9s Asano, en el 94\u2032, el \u00e1rbitro tambi\u00e9n le expuls\u00f3 de manera directa, despu\u00e9s de revisar la acci\u00f3n en el VAR, dejando al equipo carbay\u00f3n con nueve. <b>As\u00ed lo ve Iturralde Gonz\u00e1lez<\/b>: \u201cLa de Fede Vi\u00f1as es una roja de manual, de las que no tienen lugar a la interpretaci\u00f3n.<b> Es un juego brusco grave que lo tiene todo para ser expulsado. <\/b>Es el problema de los jugadores que van al suelo con la pierna por delante, ya no dominas tu cuerpo y con esa velocidad es una acci\u00f3n muy peligrosa. Seguramente no tiene intenci\u00f3n alguna, pero como hemos dicho antes la intenci\u00f3n solo la sabe \u00e9l\u201d.<\/p>\n<p>Noticias relacionadas<\/p>\n<p class=\"\"><b>\u00a1Tus opiniones importan!<\/b> Comenta en los art\u00edculos y suscr\u00edbete gratis a nuestra <a href=\"https:\/\/asfan.as.com\/newsletters\/\" target=\"_blank\" rel=\"nofollow noopener\" title=\"https:\/\/asfan.as.com\/newsletters\/\">newsletter<\/a> y a las alertas informativas en la <a href=\"https:\/\/as.com\/aplicacion-de-as-n\/\" target=\"_blank\" rel=\"nofollow noopener\" title=\"https:\/\/as.com\/aplicacion-de-as-n\/\">App<\/a> o el canal de <a href=\"https:\/\/www.whatsapp.com\/channel\/0029VaAasdA7j6g745nz9M10\" target=\"_blank\" rel=\"nofollow noopener\" title=\"https:\/\/www.whatsapp.com\/channel\/0029VaAasdA7j6g745nz9M10\">WhatsApp<\/a>. \u00bfBuscas licenciar contenido? Haz clic <a href=\"https:\/\/profesional.elpais.com\/soluciones-sindicacion?utm_medium=interno&amp;utm_source=crosslinking&amp;utm_campaign=sindicacion_as_pie_articulos\" target=\"_blank\" rel=\"nofollow noopener\" title=\"https:\/\/profesional.elpais.com\/soluciones-sindicacion?utm_medium=interno&amp;utm_source=crosslinking&amp;utm_campaign=sindicacion_as_pie_articulos\">aqu\u00ed<\/a>.<\/p>\n<p class=\"\">\u00bfBuscas licenciar contenido? Haz clic <a href=\"https:\/\/profesional.elpais.com\/soluciones-sindicacion?utm_medium=interno&amp;utm_source=crosslinking&amp;utm_campaign=sindicacion_as_pie_articulos\" target=\"_blank\" rel=\"nofollow noopener\" title=\"https:\/\/profesional.elpais.com\/soluciones-sindicacion?utm_medium=interno&amp;utm_source=crosslinking&amp;utm_campaign=sindicacion_as_pie_articulos\">aqu\u00ed<\/a><\/p>\n","protected":false},"excerpt":{"rendered":"Estas son las jugadas pol\u00e9micas y controvertidas de la jornada 15 de LaLiga EA Sports analizadas por Iturralde&hellip;\n","protected":false},"author":2,"featured_media":273983,"comment_status":"","ping_status":"","sticky":false,"template":"","format":"standard","meta":{"footnotes":""},"categories":[268],"tags":[168,25,24,280,282,281,23,167],"class_list":{"0":"post-273982","1":"post","2":"type-post","3":"status-publish","4":"format-standard","5":"has-post-thumbnail","7":"category-futbol","8":"tag-deportes","9":"tag-es","10":"tag-espana","11":"tag-football","12":"tag-futbol","13":"tag-soccer","14":"tag-spain","15":"tag-sports"},"share_on_mastodon":{"url":"https:\/\/pubeurope.com\/@es\/115672005363475888","error":""},"_links":{"self":[{"href":"https:\/\/www.europesays.com\/es\/wp-json\/wp\/v2\/posts\/273982","targetHints":{"allow":["GET"]}}],"collection":[{"href":"https:\/\/www.europesays.com\/es\/wp-json\/wp\/v2\/posts"}],"about":[{"href":"https:\/\/www.europesays.com\/es\/wp-json\/wp\/v2\/types\/post"}],"author":[{"embeddable":true,"href":"https:\/\/www.europesays.com\/es\/wp-json\/wp\/v2\/users\/2"}],"replies":[{"embeddable":true,"href":"https:\/\/www.europesays.com\/es\/wp-json\/wp\/v2\/comments?post=273982"}],"version-history":[{"count":0,"href":"https:\/\/www.europesays.com\/es\/wp-json\/wp\/v2\/posts\/273982\/revisions"}],"wp:featuredmedia":[{"embeddable":true,"href":"https:\/\/www.europesays.com\/es\/wp-json\/wp\/v2\/media\/273983"}],"wp:attachment":[{"href":"https:\/\/www.europesays.com\/es\/wp-json\/wp\/v2\/media?parent=273982"}],"wp:term":[{"taxonomy":"category","embeddable":true,"href":"https:\/\/www.europesays.com\/es\/wp-json\/wp\/v2\/categories?post=273982"},{"taxonomy":"post_tag","embeddable":true,"href":"https:\/\/www.europesays.com\/es\/wp-json\/wp\/v2\/tags?post=273982"}],"curies":[{"name":"wp","href":"https:\/\/api.w.org\/{rel}","templated":true}]}}