{"id":273984,"date":"2025-12-06T09:51:09","date_gmt":"2025-12-06T09:51:09","guid":{"rendered":"https:\/\/www.europesays.com\/es\/273984\/"},"modified":"2025-12-06T09:51:09","modified_gmt":"2025-12-06T09:51:09","slug":"marco-antonio-caponi-revelo-el-misterio-detras-de-sus-fotos-virales-creadas-con-ia-a-que-actor-iconico-argentino-dice-que-representara","status":"publish","type":"post","link":"https:\/\/www.europesays.com\/es\/273984\/","title":{"rendered":"Marco Antonio Caponi revel\u00f3 el misterio detr\u00e1s de sus fotos virales creadas con IA: a qu\u00e9 actor ic\u00f3nico argentino dice que representar\u00e1"},"content":{"rendered":"<p><img alt=\"Una de las fotos de\" class=\"global-image\" decoding=\"async\" fetchpriority=\"high\" height=\"1080\" loading=\"eager\" src=\"https:\/\/www.europesays.com\/es\/wp-content\/uploads\/2025\/12\/DVUVFEI2PZGPPIY3ZFM2GEN2PI.jpg\" width=\"1920\"\/>Una de las fotos de Marco Antonio Caponi que gener\u00f3 pol\u00e9mica entre sus seguidores (Instagram)<\/p>\n<p class=\"paragraph\"><a rel=\"noopener noreferrer nofollow\" href=\"https:\/\/www.infobae.com\/teleshow\/2025\/12\/04\/la-impactante-transformacion-fisica-de-marco-antonio-caponi-y-la-verdad-de-su-cambio-quiero-crear-mundos-posibles\/\" target=\"_blank\" title=\"https:\/\/www.infobae.com\/teleshow\/2025\/12\/04\/la-impactante-transformacion-fisica-de-marco-antonio-caponi-y-la-verdad-de-su-cambio-quiero-crear-mundos-posibles\/\"><b>Marco Caponi<\/b><\/a> puso fin a las especulaciones sobre sus recientes publicaciones en redes sociales, las cuales impactaron a sus seguidores. Las im\u00e1genes, <b>creadas con inteligencia artificial<\/b>, muestran c\u00f3mo el actor proyecta su imagen en caso de interpretar a uno de los integrantes de la ic\u00f3nica dupla c\u00f3mica argentina: <b>Alberto Olmedo y Jorge Porcel<\/b>. En el anuncio, que gener\u00f3 gran expectativa entre sus fans, Caponi mencion\u00f3 a <b>Diego Cremonesi como su dupla<\/b>, a quien defini\u00f3 como \u201cgran actor y amigo\u201d.<\/p>\n<p class=\"paragraph\">La noticia fue recibida con entusiasmo por los seguidores de Caponi, quienes aguardaban una explicaci\u00f3n sobre el motivo de la supuesta transformaci\u00f3n que mostraba el artista en sus posteos. En caso de concretarse, el proyecto rendir\u00eda<b> homenaje a dos figuras emblem\u00e1ticas del humor nacional y captar\u00eda la atenci\u00f3n tanto de los admiradores de la dupla original como de las nuevas generaciones.<\/b><\/p>\n<p><img alt=\"Marco Caponi en su cuenta\" class=\"global-image\" decoding=\"async\" fetchpriority=\"low\" height=\"621\" loading=\"lazy\" src=\"https:\/\/www.europesays.com\/es\/wp-content\/uploads\/2025\/12\/U5VYGRIWLNCVPDJUKGAL2NM554.png\" width=\"958\"\/>Marco Caponi en su cuenta de Instagram cont\u00f3 por qu\u00e9 de su cambio f\u00edsico<\/p>\n<p class=\"paragraph\">En su publicaci\u00f3n, Caponi ironiz\u00f3 sobre las comparaciones previas que circularon en redes sociales, mencionando a parejas c\u00e9lebres como \u201cLaurel and Hardy\u201d, \u201cMartin &amp; Lewis\u201d, \u201cStarsky y Hutch\u201d y \u201cJohn Hill y DiCaprio\u201d, para luego aclarar: <b>\u201cNO; RAMBITO Y RAMB\u00d3N. As\u00ed es: OLMEDO Y PORCEL. La mejor dupla de la Argentina CON EL GRAN ACTOR Y AMIGO, Diego Cremonesi\u201d<\/b>. De este modo, el actor despej\u00f3 las dudas que surgieron tras varios d\u00edas de rumores y comentarios sobre las im\u00e1genes en las cuales mostraba un supuesto cambio de aspecto, abriendo una nueva puerta a su paleta actoral.<\/p>\n<p class=\"paragraph\">Allegados a Caponi destacaron en di\u00e1logo con <b>Teleshow <\/b>que las im\u00e1genes difundidas por el artista forman parte de este experimento, el cual busca demostrar c\u00f3mo las redes sociales impactan en la realidad y la visi\u00f3n del p\u00fablico.<\/p>\n<p><img alt=\"&quot;Ac\u00e1 con mi Bb, Monik.\" class=\"global-image\" decoding=\"async\" fetchpriority=\"low\" height=\"1080\" loading=\"lazy\" src=\"https:\/\/www.europesays.com\/es\/wp-content\/uploads\/2025\/12\/3OXSNULISJEV7N3JG3XHP4M7SM.jpg\" width=\"1080\"\/>\u00abAc\u00e1 con mi Bb, Monik. Qu\u00e9 lindo es tenerte siempre Bbita. 140, pr\u00f3ximo objetivo llegar a las 120\u00bb, comparte Marco Caponi sobre su transformaci\u00f3n<\/p>\n<p class=\"paragraph\">La reacci\u00f3n en redes sociales fue inmediata y masiva. Los usuarios expresaron asombro, humor e incredulidad ante la nueva apariencia del actor. Entre los comentarios m\u00e1s destacados se leyeron frases como: \u201c\u00bfQu\u00e9 le pas\u00f3?\u201d, \u201cPara m\u00ed es una m\u00e1scara\u201d, \u201cEs IA\u201d, \u201cEl inalcanzable de la secundaria cuando lo volv\u00e9s a ver\u201d, \u201cLe pas\u00f3 como a m\u00ed que engord\u00e9 para un personaje y result\u00f3 que no soy actriz\u201d y \u201c\u00bfQu\u00e9 personaje te tocar\u00e1 encarnar?\u201c.<\/p>\n<p class=\"paragraph\">La publicaci\u00f3n, en la que se lo ve junto a su pareja <a rel=\"noopener noreferrer nofollow\" href=\"https:\/\/www.infobae.com\/teleshow\/infoshow\/2021\/03\/25\/monica-antonopulos-y-marco-antonio-caponi-se-casaron-en-secreto-es-el-que-siempre-sonamos-bien-real-y-sin-sonrisas-falsas\/\" target=\"_blank\" title=\"https:\/\/www.infobae.com\/teleshow\/infoshow\/2021\/03\/25\/monica-antonopulos-y-marco-antonio-caponi-se-casaron-en-secreto-es-el-que-siempre-sonamos-bien-real-y-sin-sonrisas-falsas\/\"><b>M\u00f3nica Anton\u00f3pulos<\/b><\/a>, despert\u00f3 especulaciones y comentarios entre sus m\u00e1s de 200.000 seguidores, quienes debatieron sobre el motivo detr\u00e1s del cambio y si se trataba de un aumento de peso real, si estaba utilizando alg\u00fan tipo de pr\u00f3tesis, o si se trataba de una imagen modificada digitalmente.<\/p>\n<p><img alt=\"El caso de Marco Caponi\" class=\"global-image\" decoding=\"async\" fetchpriority=\"low\" height=\"1080\" loading=\"lazy\" src=\"https:\/\/www.europesays.com\/es\/wp-content\/uploads\/2025\/12\/SV5V346XQREVPGTLS7TM6E66PE.jpg\" width=\"1920\"\/>El caso de Marco Caponi refleja c\u00f3mo la exposici\u00f3n digital y la interacci\u00f3n en redes sociales generan pol\u00e9mica y curiosidad<\/p>\n<p class=\"paragraph\">En la descripci\u00f3n de las fotos, <b>Caponi<\/b> escribi\u00f3 un mensaje en tono afectuoso y enigm\u00e1tico: <b>\u201cAc\u00e1 con mi Bb, Monik. Qu\u00e9 lindo es tenerte siempre Bebita. 140, pr\u00f3ximo objetivo llegar a las 120\u2033<\/b>. Esta frase hab\u00eda alimentado las conjeturas sobre si el actor se someti\u00f3 a una transformaci\u00f3n corporal para un nuevo desaf\u00edo profesional o si recurri\u00f3 a recursos tecnol\u00f3gicos para lograr el efecto visual.<\/p>\n<p class=\"paragraph\">La publicaci\u00f3n se convirti\u00f3 en tendencia, impulsando el debate sobre los l\u00edmites entre la actuaci\u00f3n, la tecnolog\u00eda, la exposici\u00f3n en redes sociales y los l\u00edmites a la hora de opinar sobre el cuerpo ajeno.<\/p>\n<p class=\"paragraph\">Marco Antonio Caponi no permaneci\u00f3 ajeno a la repercusi\u00f3n. En sus historias de Instagram, comparti\u00f3 algunos de los mensajes m\u00e1s ingeniosos que recibi\u00f3 y, con su caracter\u00edstico humor ir\u00f3nico, public\u00f3 un cartel con la frase: <b>\u201cLa vida es corta. Asegurate de gastar el mayor tiempo posible en internet peleando con extra\u00f1os\u201d<\/b>, acompa\u00f1ado por la canci\u00f3n \u201cBella ciao\u201d. <\/p>\n<p class=\"paragraph\">Esta actitud distendida reforz\u00f3 la complicidad con sus seguidores y sum\u00f3 un nuevo cap\u00edtulo a la conversaci\u00f3n digital. El caso de Marco Caponi ilustra c\u00f3mo la curiosidad, el humor y la pol\u00e9mica se entrelazan en el escenario de las redes sociales, donde la exposici\u00f3n digital y la interacci\u00f3n con desconocidos forman parte del d\u00eda a d\u00eda.<\/p>\n","protected":false},"excerpt":{"rendered":"Una de las fotos de Marco Antonio Caponi que gener\u00f3 pol\u00e9mica entre sus seguidores (Instagram) Marco Caponi puso&hellip;\n","protected":false},"author":2,"featured_media":273985,"comment_status":"","ping_status":"","sticky":false,"template":"","format":"standard","meta":{"footnotes":""},"categories":[174],"tags":[255,146,147,25,24,256,23],"class_list":{"0":"post-273984","1":"post","2":"type-post","3":"status-publish","4":"format-standard","5":"has-post-thumbnail","7":"category-famosos","8":"tag-celebrities","9":"tag-entertainment","10":"tag-entretenimiento","11":"tag-es","12":"tag-espana","13":"tag-famosos","14":"tag-spain"},"share_on_mastodon":{"url":"https:\/\/pubeurope.com\/@es\/115672009996019025","error":""},"_links":{"self":[{"href":"https:\/\/www.europesays.com\/es\/wp-json\/wp\/v2\/posts\/273984","targetHints":{"allow":["GET"]}}],"collection":[{"href":"https:\/\/www.europesays.com\/es\/wp-json\/wp\/v2\/posts"}],"about":[{"href":"https:\/\/www.europesays.com\/es\/wp-json\/wp\/v2\/types\/post"}],"author":[{"embeddable":true,"href":"https:\/\/www.europesays.com\/es\/wp-json\/wp\/v2\/users\/2"}],"replies":[{"embeddable":true,"href":"https:\/\/www.europesays.com\/es\/wp-json\/wp\/v2\/comments?post=273984"}],"version-history":[{"count":0,"href":"https:\/\/www.europesays.com\/es\/wp-json\/wp\/v2\/posts\/273984\/revisions"}],"wp:featuredmedia":[{"embeddable":true,"href":"https:\/\/www.europesays.com\/es\/wp-json\/wp\/v2\/media\/273985"}],"wp:attachment":[{"href":"https:\/\/www.europesays.com\/es\/wp-json\/wp\/v2\/media?parent=273984"}],"wp:term":[{"taxonomy":"category","embeddable":true,"href":"https:\/\/www.europesays.com\/es\/wp-json\/wp\/v2\/categories?post=273984"},{"taxonomy":"post_tag","embeddable":true,"href":"https:\/\/www.europesays.com\/es\/wp-json\/wp\/v2\/tags?post=273984"}],"curies":[{"name":"wp","href":"https:\/\/api.w.org\/{rel}","templated":true}]}}