{"id":273986,"date":"2025-12-06T09:52:19","date_gmt":"2025-12-06T09:52:19","guid":{"rendered":"https:\/\/www.europesays.com\/es\/273986\/"},"modified":"2025-12-06T09:52:19","modified_gmt":"2025-12-06T09:52:19","slug":"galaradonados-dos-fotografos-pitiusos-en-los-premios-nacionales-lux","status":"publish","type":"post","link":"https:\/\/www.europesays.com\/es\/273986\/","title":{"rendered":"Galaradonados dos fot\u00f3grafos pitiusos en los premios nacionales LUX"},"content":{"rendered":"<p class=\"ft-text ft-helper-closenews\">El <strong>fotoperiodista Javi Parejo<\/strong>, de <a class=\"ft-link ft-link--decoration\" href=\"https:\/\/www.diariodeibiza.es\/tags\/formentera\/\" rel=\"nofollow noopener\" target=\"_blank\">Formentera<\/a>, y el fot\u00f3grafo<strong> Salva Carb\u00f3,<\/strong> valenciano afincado en <a class=\"ft-link ft-link--decoration\" href=\"https:\/\/www.diariodeibiza.es\/tags\/ibiza\/\" rel=\"nofollow noopener\" target=\"_blank\">Ibiza<\/a> desde hace a\u00f1os, han sido galardonados con sendos premios LUX en una gala celebrada en Barcelona la noche del pasado 4 de diciembre para dar a conocer a los ganadores de la edici\u00f3n n\u00famero 33 de estos prestigiosos premios que organiza la Asociaci\u00f3n de fot\u00f3grafos profesionales de Espa\u00f1a (AFPE) desde 1993.<\/p>\n<p><img decoding=\"async\" src=\"https:\/\/www.europesays.com\/es\/wp-content\/uploads\/2025\/12\/14d38631-33b8-4ffe-bd64-909e195fda83_alta-libre-aspect-ratio_default_0.jpg\" width=\"1200\" height=\"856\" alt=\"Una de las fotograf\u00edas de la serie de Javi Parejo que ha obtenido un premio LUX. | JAVI PAREJO\" class=\"ft-helper-img-rd\" loading=\"lazy\"\/><\/p>\n<p class=\"ft-helper-fontColor-quaternary ft-helper-fontSize-body-S ft-helper-spacer-t-xxs\">Una de las fotograf\u00edas de la serie de Javi Parejo que ha obtenido un premio LUX. | JAVI PAREJO <\/p>\n<p class=\"ft-text\">Parejo result\u00f3 ganador de la subcategor\u00eda Fotoperiodismo, incluida en la categor\u00eda Reportaje documental, con una serie de siete im\u00e1genes que bajo el t\u00edtulo \u2018La otra Formentera\u2019 retrata el drama humanitario causado por la explotaci\u00f3n por las mafias de la ruta de la migraci\u00f3n ilegal entre Argelia y Europa y su efecto sobre la pitiusa del sur.<\/p>\n<p class=\"ft-text\">Por parte, Carb\u00f3 recibi\u00f3 un LUX de bronce en la subcategor\u00eda Edificios de la categor\u00eda Arquitectura e interiorismo, con una fotograf\u00eda del Hotel Los Felices que forma parte de un proyecto fotogr\u00e1fico realizado para Concept Hotel Group. La imagen ganadora centra su mirada en la Futuro House, una pieza arquitect\u00f3nica que domina el escenario dedicado a la m\u00fasica y la moda del hotel y que se ha convertido en un icono de dise\u00f1o.<\/p>\n<p>Est\u00e9tica a\u00f1os 60<\/p>\n<p class=\"ft-text\">Carb\u00f3 ha sabido captar \u00abla atm\u00f3sfera \u00fanica que propone el grupo hotelero, trasladando al espectador a la est\u00e9tica de Palm Springs y la vanguardia de los a\u00f1os 60\u00bb, seg\u00fan una nota de prensa. El jurado de los reconocidos premios \u00abha valorado la composici\u00f3n t\u00e9cnica y la capacidad de la fotograf\u00eda para resaltar las l\u00edneas futuristas y el car\u00e1cter transgresor de este espacio, integrando la arquitectura en el paisaje con una iluminaci\u00f3n y narrativa visual impecables\u00bb.<\/p>\n<p><img decoding=\"async\" src=\"https:\/\/www.europesays.com\/es\/wp-content\/uploads\/2025\/12\/c37332fb-a6ac-47ad-921e-8803f79d74c9_alta-libre-aspect-ratio_default_0.jpg\" width=\"1200\" height=\"1584\" alt=\"Salva Carb\u00f3. | S.C.\" class=\"ft-helper-img-rd\" loading=\"lazy\"\/><\/p>\n<p class=\"ft-helper-fontColor-quaternary ft-helper-fontSize-body-S ft-helper-spacer-t-xxs\">Salva Carb\u00f3.  \/ S.C.<\/p>\n<p class=\"ft-text\">Salva Carb\u00f3, que acudi\u00f3 a Barcelona a recoger su premio, ha querido destacar la importancia de la colaboraci\u00f3n con el cliente. \u00abRecibir este LUX de bronce es un honor, pero sobre todo es la confirmaci\u00f3n de que cuando cliente y fot\u00f3grafo se alinean, el resultado es m\u00e1gico\u00bb, considera. Este profesional , que reside en Ibiza desde 2010, ha querido agradecer a Concept Hotel Group \u00absu confianza y su valent\u00eda a la hora de apostar por una arquitectura tan potente y diferenciadora \u00bb, adem\u00e1s de explicar que su trabajo ha consistido en \u00abtraducir esa visi\u00f3n arquitect\u00f3nica y ese universo de moda y dise\u00f1o en una sola imagen\u00bb. Carb\u00f3 ya recibi\u00f3 un premio LUX en la misma categor\u00eda en 2019.<\/p>\n<p>Crisis migratoria<\/p>\n<p class=\"ft-text\">En cuanto a Javi Parejo, que no pudo asistir a la gala de entrega de premios por estar inmerso en los preparativos de su inminente viaje a Per\u00fa para seguir trabajando en su pr\u00f3ximo proyecto fotogr\u00e1fico que versar\u00e1 sobre las tierras raras , se ha mostrado agradecido e ilusionado por el premio conseguido, destacando que se trata de un certamen nacional muy bien considerado al que concurren grandes profesionales, de ah\u00ed lo significativo de ser reconocido por un jurado de expertos<\/p>\n<p><img decoding=\"async\" src=\"https:\/\/www.europesays.com\/es\/wp-content\/uploads\/2025\/12\/bdfcff8a-4016-48a6-b9f1-4d6c183ba737_alta-libre-aspect-ratio_default_0.jpg\" width=\"1200\" height=\"1587\" alt=\"Javi Parejo. | J.P.\" class=\"ft-helper-img-rd\" loading=\"lazy\"\/><\/p>\n<p class=\"ft-helper-fontColor-quaternary ft-helper-fontSize-body-S ft-helper-spacer-t-xxs\">Javi Parejo.  \/ J.P.<\/p>\n<p class=\"ft-text\">Respecto al tema de su serie fotogr\u00e1fica, \u2018La otra Formentera\u2019 Parejo explica en conversaci\u00f3n telef\u00f3nica que su prop\u00f3sito es favorecer que \u00abla gente y los pol\u00edticos en especial tomen conciencia de que en Balears est\u00e1n pasando cosas que no podemos ignorar\u00bb fruto del auge de la ruta migratoria entre el norte de \u00c1frica y Europa. Formentera se ha convertido en los \u00faltimos a\u00f1os en el lugar donde la mayor\u00eda de las pateras tocan tierra despu\u00e9s de un arriesgado trayecto por mar. \u00abFormentera, adem\u00e1s de las maravillosas playas, tiene unos problemas asociados a esta ruta que no todo el mundo ve\u00bb, denuncia. \u00abLa isla no est\u00e1 preparada para asumir la cantidad de migraci\u00f3n que est\u00e1 llegando, ni en t\u00e9rminos econ\u00f3micos ni de infraestructuras\u00bb, considera. Sin olvidar el drama silenciado que supone la aparici\u00f3n cada vez m\u00e1s frecuente en aguas pitiusas de cuerpos sin vida de migrantes.<\/p>\n<p class=\"ft-text\">En su pr\u00f3ximo proyecto, en el que lleva trabajando cinco a\u00f1os, Parejo dar\u00e1 voz a los peque\u00f1os propietarios de Chile, Argentina y Per\u00fa que est\u00e1n sufriendo la expropiaci\u00f3n forzosa de sus terrenos para explotar las tierras raras, que generan una elevada ganancia econ\u00f3mica.<\/p>\n<p data-close=\"closedContent\" class=\"subscribeHideForDisplay\">Suscr\u00edbete para seguir leyendo<\/p>\n","protected":false},"excerpt":{"rendered":"El fotoperiodista Javi Parejo, de Formentera, y el fot\u00f3grafo Salva Carb\u00f3, valenciano afincado en Ibiza desde hace a\u00f1os,&hellip;\n","protected":false},"author":2,"featured_media":273987,"comment_status":"","ping_status":"","sticky":false,"template":"","format":"standard","meta":{"footnotes":""},"categories":[173],"tags":[801,229,233,231,230,232,234,11809,146,147,25,24,615,244,10328,13084,6079,52523,892,2660,532,23],"class_list":{"0":"post-273986","1":"post","2":"type-post","3":"status-publish","4":"format-standard","5":"has-post-thumbnail","7":"category-arte-y-diseno","8":"tag-arquitectura","9":"tag-arte","10":"tag-arte-y-diseno","11":"tag-arts","12":"tag-arts-and-design","13":"tag-design","14":"tag-diseno","15":"tag-eivissa","16":"tag-entertainment","17":"tag-entretenimiento","18":"tag-es","19":"tag-espana","20":"tag-formentera","21":"tag-fotografia","22":"tag-fotografos","23":"tag-hoteles","24":"tag-ibiza","25":"tag-lux","26":"tag-migracion","27":"tag-nacionales","28":"tag-premios","29":"tag-spain"},"share_on_mastodon":{"url":"https:\/\/pubeurope.com\/@es\/115672012827654653","error":""},"_links":{"self":[{"href":"https:\/\/www.europesays.com\/es\/wp-json\/wp\/v2\/posts\/273986","targetHints":{"allow":["GET"]}}],"collection":[{"href":"https:\/\/www.europesays.com\/es\/wp-json\/wp\/v2\/posts"}],"about":[{"href":"https:\/\/www.europesays.com\/es\/wp-json\/wp\/v2\/types\/post"}],"author":[{"embeddable":true,"href":"https:\/\/www.europesays.com\/es\/wp-json\/wp\/v2\/users\/2"}],"replies":[{"embeddable":true,"href":"https:\/\/www.europesays.com\/es\/wp-json\/wp\/v2\/comments?post=273986"}],"version-history":[{"count":0,"href":"https:\/\/www.europesays.com\/es\/wp-json\/wp\/v2\/posts\/273986\/revisions"}],"wp:featuredmedia":[{"embeddable":true,"href":"https:\/\/www.europesays.com\/es\/wp-json\/wp\/v2\/media\/273987"}],"wp:attachment":[{"href":"https:\/\/www.europesays.com\/es\/wp-json\/wp\/v2\/media?parent=273986"}],"wp:term":[{"taxonomy":"category","embeddable":true,"href":"https:\/\/www.europesays.com\/es\/wp-json\/wp\/v2\/categories?post=273986"},{"taxonomy":"post_tag","embeddable":true,"href":"https:\/\/www.europesays.com\/es\/wp-json\/wp\/v2\/tags?post=273986"}],"curies":[{"name":"wp","href":"https:\/\/api.w.org\/{rel}","templated":true}]}}