{"id":273988,"date":"2025-12-06T09:54:09","date_gmt":"2025-12-06T09:54:09","guid":{"rendered":"https:\/\/www.europesays.com\/es\/273988\/"},"modified":"2025-12-06T09:54:09","modified_gmt":"2025-12-06T09:54:09","slug":"ya-no-eres-un-meme","status":"publish","type":"post","link":"https:\/\/www.europesays.com\/es\/273988\/","title":{"rendered":"Ya no eres un meme"},"content":{"rendered":"<p class=\"article-text\">\n        <strong>Jorge Javier V\u00e1zquez<\/strong> y <strong>Lydia Lozano<\/strong> se reencontraron este viernes en <strong>Telecinco<\/strong> dos a\u00f1os y medio despu\u00e9s del final de <strong>S\u00e1lvame<\/strong>. El presentador y la tertuliana llevaban sin verse las caras en el canal desde mayo de 2023, pero este viernes volvieron a hacerlo en las instalaciones de la cadena y con las c\u00e1maras de <strong>De Viernes<\/strong> como testigo.\n    <\/p>\n<p>    <a href=\"https:\/\/www.eldiario.es\/vertele\/noticias\/gh-20-acelera-final-telecinco-jorge-javier-vazquez-anuncia-edicion-terminara-navidad_1_12822776.html\" data-mrf-recirculation=\"saber-mas\" data-dl-event=\"saber-mas\" rel=\"nofollow noopener\" target=\"_blank\"><\/p>\n<p class=\"know-more__title\">&#8216;GH 20&#8217; acelera su final en Telecinco: Jorge Javier V\u00e1zquez anuncia que la edici\u00f3n terminar\u00e1 antes de Navidad<\/p>\n<p>            <img decoding=\"async\" class=\"lazy\" loading=\"lazy\" data-src=\"https:\/\/static.eldiario.es\/clip\/00d7020d-031c-4efb-8170-3b5281234971_16-9-aspect-ratio_default_0.jpg\" src=\"data:image\/svg+xml,%3Csvg xmlns=\" http:=\"\" viewbox=\"0 0 880 495\" alt=\"'GH 20' acelera su final en Telecinco: Jorge Javier V\u00e1zquez anuncia que la edici\u00f3n terminar\u00e1 antes de Navidad\"\/><\/p>\n<p>                        <\/a><\/p>\n<p class=\"article-text\">\n        Y s\u00ed, lo de verse las caras fue de lo m\u00e1s literal, pues lo primero que llam\u00f3 la atenci\u00f3n a Lydia es el buen aspecto que luc\u00eda su compa\u00f1ero tras su \u00faltima y comentad\u00edsima operaci\u00f3n est\u00e9tica: \u201c<strong>Est\u00e1s de lujo. Ya no eres un meme<\/strong>. Se te ha bajado todo ya\u201d. \u201cBueno, todav\u00eda queda\u201d, respondi\u00f3 el catal\u00e1n, que m\u00e1s tarde contar\u00eda los pormenores de su paso por quir\u00f3fano.\n    <\/p>\n<p class=\"article-text\">\n        Pero antes, el presentador de <strong>El diario de Jorge<\/strong> y <strong>Gran Hermano<\/strong> quiso vivir su reencuentro con Lydia Lozano con los comentarios habituales en esta clase de casos. \u201cQu\u00e9\u00a0alegr\u00eda verte. Hija, nos han pasado cosas\u201d, fue con el que abri\u00f3 la veda y al que su compa\u00f1era contest\u00f3 con un \u201cde todo\u201d que resum\u00eda las vueltas que, en el caso de Lydia, ha dado su carrera desde que acabara S\u00e1lvame y tuviera que buscarse la vida fuera de Telecinco.\n    <\/p>\n<p class=\"article-text\">\n        Una vida que esta temporada la ha devuelto a su casa televisiva: \u201cDicen que cuando viene\u00a0una racha superchunga\u00a0luego ya vamos arriba.\u00a0Despu\u00e9s de todo he vuelto aqu\u00ed, a Mediaset Espa\u00f1a\u201d. \u201c\u00bfLo echabas de menos?\u201d, le pregunt\u00f3 Jorge Javier. \u201c\u00a1Mogoll\u00f3n!\u201d, exclam\u00f3 Lozano antes de reconocer a su amigo que <strong>no esperaba volver a Telecinco<\/strong>.\n    <\/p>\n<p>    \u201cEres una metepatas, una bocachancla\u201d<\/p>\n<p class=\"article-text\">\n        A continuaci\u00f3n, Jorge Javier destac\u00f3 que Lydia estaba \u201cigual\u201d de \u201cguapa\u201d que siempre. Adem\u00e1s, desvel\u00f3 que la relaci\u00f3n entre ambos nunca lleg\u00f3 a romperse, pues ambos <strong>han seguido hablando \u201cpor tel\u00e9fono\u201d<\/strong> durante todo este tiempo. Incluso Lydia le propuso hace unos meses verse en persona, pero el presentador no estaba muy por la labor. Principalmente, porque acababa de operarse la cara y no quer\u00eda que nadie le viera, aunque a Lozano le soltaba mentiras para que no supiera que se hab\u00eda sometido a otra operaci\u00f3n est\u00e9tica.\n    <\/p>\n<p class=\"article-text\">\n        Sin embargo, Lydia estaba al tanto de todo, como desvel\u00f3 este viernes a un sorprendido Jorge Javier: \u201cEn verano yo te dec\u00eda &#8216;no, no puedo quedar&#8217;. Est\u00e1s descubriendo a quien te lo cont\u00f3. Acabas de meter la pata. <strong>Eres una metepatas, una bocachancla<\/strong>, porque te lo cont\u00f3 una persona conocida por los dos. Mira, ya te he pillado. Si es que es m\u00e1s f\u00e1cil pillarte&#8230; As\u00ed que alguien me traicion\u00f3\u201d.\n    <\/p>\n<p>    <a href=\"https:\/\/www.eldiario.es\/vertele\/analisis\/eurovision-pierde-espana-consecuencias-historica-decision-rtve-planton-israel_1_12823891.html\" data-mrf-recirculation=\"saber-mas-abajo\" data-dl-event=\"saber-mas-abajo\" rel=\"nofollow noopener\" target=\"_blank\"><\/p>\n<p class=\"know-more__title\">Todo lo que pierde Eurovisi\u00f3n sin Espa\u00f1a: las consecuencias de la hist\u00f3rica decisi\u00f3n de RTVE en su plant\u00f3n ante Israel\n<\/p>\n<p>            <img decoding=\"async\" class=\"lazy\" loading=\"lazy\" data-src=\"https:\/\/static.eldiario.es\/clip\/8a883acc-08e0-494a-b475-5bf92c977dc5_16-9-aspect-ratio_default_0.jpg\" src=\"data:image\/svg+xml,%3Csvg xmlns=\" http:=\"\" viewbox=\"0 0 880 495\" alt=\"Todo lo que pierde Eurovisi\u00f3n sin Espa\u00f1a: las consecuencias de la hist\u00f3rica decisi\u00f3n de RTVE en su plant\u00f3n ante Israel\"\/><\/p>\n<p>                        <\/a><\/p>\n<p class=\"article-text\">\n        Finalmente, ambos cerraron su reencuentro viendo un v\u00eddeo de sus mejores momentos en S\u00e1lvame. \u201cHan sido 15 a\u00f1os todos los d\u00edas. 15 a\u00f1os todos los d\u00edas 4 horas&#8230; \u00a1Y los viernes 8!\u201d, se\u00f1al\u00f3 Jorge Javier en alusi\u00f3n a la larga etapa profesional que \u00e9l y Lydia vivieron juntos en el m\u00edtico magac\u00edn.\n    <\/p>\n","protected":false},"excerpt":{"rendered":"Jorge Javier V\u00e1zquez y Lydia Lozano se reencontraron este viernes en Telecinco dos a\u00f1os y medio despu\u00e9s del&hellip;\n","protected":false},"author":2,"featured_media":273989,"comment_status":"","ping_status":"","sticky":false,"template":"","format":"standard","meta":{"footnotes":""},"categories":[171],"tags":[988,987,146,147,25,24,2249,14101,30591,22196,689,20070,25286,23,692,214],"class_list":{"0":"post-273988","1":"post","2":"type-post","3":"status-publish","4":"format-standard","5":"has-post-thumbnail","7":"category-tv","8":"tag-anos","9":"tag-despues","10":"tag-entertainment","11":"tag-entretenimiento","12":"tag-es","13":"tag-espana","14":"tag-jorge-javier","15":"tag-lozano","16":"tag-lydia","17":"tag-meme","18":"tag-no","19":"tag-reencuentro","20":"tag-salvame","21":"tag-spain","22":"tag-telecinco","23":"tag-tv"},"share_on_mastodon":{"url":"https:\/\/pubeurope.com\/@es\/115672020962876653","error":""},"_links":{"self":[{"href":"https:\/\/www.europesays.com\/es\/wp-json\/wp\/v2\/posts\/273988","targetHints":{"allow":["GET"]}}],"collection":[{"href":"https:\/\/www.europesays.com\/es\/wp-json\/wp\/v2\/posts"}],"about":[{"href":"https:\/\/www.europesays.com\/es\/wp-json\/wp\/v2\/types\/post"}],"author":[{"embeddable":true,"href":"https:\/\/www.europesays.com\/es\/wp-json\/wp\/v2\/users\/2"}],"replies":[{"embeddable":true,"href":"https:\/\/www.europesays.com\/es\/wp-json\/wp\/v2\/comments?post=273988"}],"version-history":[{"count":0,"href":"https:\/\/www.europesays.com\/es\/wp-json\/wp\/v2\/posts\/273988\/revisions"}],"wp:featuredmedia":[{"embeddable":true,"href":"https:\/\/www.europesays.com\/es\/wp-json\/wp\/v2\/media\/273989"}],"wp:attachment":[{"href":"https:\/\/www.europesays.com\/es\/wp-json\/wp\/v2\/media?parent=273988"}],"wp:term":[{"taxonomy":"category","embeddable":true,"href":"https:\/\/www.europesays.com\/es\/wp-json\/wp\/v2\/categories?post=273988"},{"taxonomy":"post_tag","embeddable":true,"href":"https:\/\/www.europesays.com\/es\/wp-json\/wp\/v2\/tags?post=273988"}],"curies":[{"name":"wp","href":"https:\/\/api.w.org\/{rel}","templated":true}]}}