{"id":274000,"date":"2025-12-06T10:02:07","date_gmt":"2025-12-06T10:02:07","guid":{"rendered":"https:\/\/www.europesays.com\/es\/274000\/"},"modified":"2025-12-06T10:02:07","modified_gmt":"2025-12-06T10:02:07","slug":"estados-unidos-invadio-panama-en-1989-puede-ocurrir-lo-mismo-en-venezuela-internacional","status":"publish","type":"post","link":"https:\/\/www.europesays.com\/es\/274000\/","title":{"rendered":"Estados Unidos invadi\u00f3 Panam\u00e1 en 1989: \u00bfPuede ocurrir lo mismo en Venezuela? | Internacional"},"content":{"rendered":"<p class=\"loc\">Madrid<\/p>\n<p>Hace 36 a\u00f1os, Panam\u00e1 estaba gobernado por el dictador Manuel Noriega que consolid\u00f3 su r\u00e9gimen en 1989, tras unas elecciones fraudulentas. Nicol\u00e1s Maduro, <a href=\"https:\/\/cadenaser.com\/nacional\/2025\/12\/02\/leon-xiv-pide-a-estados-unidos-que-no-intente-derrocar-militarmente-a-maduro-cadena-ser\/\" target=\"_blank\" rel=\"nofollow noopener\" title=\"https:\/\/cadenaser.com\/nacional\/2025\/12\/02\/leon-xiv-pide-a-estados-unidos-que-no-intente-derrocar-militarmente-a-maduro-cadena-ser\/\">en Venezuela<\/a>, nunca ha mostrado las actas de los comicios de 2024 que asegura que gan\u00f3. Adem\u00e1s, Noriega fue acusado por Estados Unidos de colaborar con el narcotr\u00e1fico, al igual que Maduro. El presidente venezolano es considerado por el Gobierno de Donald Trump como l\u00edder del Cartel de los Soles.<\/p>\n<p>M\u00e1s informaci\u00f3n<\/p>\n<p>En 1989 la situaci\u00f3n de Panam\u00e1 se resolvi\u00f3, cuando el presidente republicano George Bush decidi\u00f3 invadir el pa\u00eds. \u00abHe ordenado a las fuerzas militares de Estados Unidos que fueran a Panam\u00e1. Ning\u00fan presidente tomar\u00eda esa acci\u00f3n a la ligera\u00bb, dijo Bush en un v\u00eddeo que explicaba a los estadounidenses esta decisi\u00f3n.<\/p>\n<p>Noriega fue capturado y se instaur\u00f3 una democracia en Panam\u00e1. Ahora, en Venezuela Donald Trump ha desplegado en el Caribe el 15% de su poder\u00edo naval con amenazas de entrar por tierra al pa\u00eds.<\/p>\n<p>Sin embargo, sigue siendo una inc\u00f3gnita qu\u00e9 pasar\u00e1 en Venezuela. Hay similitudes con el caso de Panam\u00e1, pero los expertos ven poco probable la invasi\u00f3n porque Venezuela tiene lazos con pa\u00edses como Rusia o China, lo que provocar\u00eda un empeoramiento de las relaciones internacionales. Carlos Malamud, investigador del Instituto El Cano, a\u00f1ade que, adem\u00e1s, la sociedad estadounidense actual \u00abestar\u00eda en contra y el Congreso de Estados Unidos tampoco apoyar\u00eda una medida de este tipo\u00bb.<\/p>\n<p>La tensi\u00f3n sigue en aumento a pesar de la conversaci\u00f3n que mantuvieron Trump y Maduro en noviembre que, seg\u00fan el presidente venezolano fue \u00aben un tono \u00abde respeto\u00bb. De momento, Estados Unidos seguir\u00e1 atacando extrajudicialmente a supuestas narcolanchas en el Caribe y Pac\u00edfico. Unos ataques que han dejado m\u00e1s de 80 muertos.<\/p>\n","protected":false},"excerpt":{"rendered":"Madrid Hace 36 a\u00f1os, Panam\u00e1 estaba gobernado por el dictador Manuel Noriega que consolid\u00f3 su r\u00e9gimen en 1989,&hellip;\n","protected":false},"author":2,"featured_media":252562,"comment_status":"","ping_status":"","sticky":false,"template":"","format":"standard","meta":{"footnotes":""},"categories":[42],"tags":[63847,17,18,352,63848,63849,13,14,11,61,62,63,64,19,20,63850,63851,9,1194,10,15,16,63852,63853,12,21,22,63854,65,66,67],"class_list":{"0":"post-274000","1":"post","2":"type-post","3":"status-publish","4":"format-standard","5":"has-post-thumbnail","7":"category-internacional","8":"tag-amador-international-cruise-terminal","9":"tag-breaking-news","10":"tag-breakingnews","11":"tag-donald-trump","12":"tag-drug-cartels","13":"tag-el-tren-de-aragua","14":"tag-featured-news","15":"tag-featurednews","16":"tag-headlines","17":"tag-internacional","18":"tag-international","19":"tag-international-news","20":"tag-internationalnews","21":"tag-latest-news","22":"tag-latestnews","23":"tag-los-soles","24":"tag-missile-destroyer","25":"tag-news","26":"tag-nicolas-maduro","27":"tag-noticias","28":"tag-noticias-destacadas","29":"tag-noticiasdestacadas","30":"tag-panama-city","31":"tag-regional-tension","32":"tag-titulares","33":"tag-ultimas-noticias","34":"tag-ultimasnoticias","35":"tag-uss-sampson","36":"tag-world","37":"tag-world-news","38":"tag-worldnews"},"share_on_mastodon":{"url":"","error":"Validation failed: Text character limit of 500 exceeded"},"_links":{"self":[{"href":"https:\/\/www.europesays.com\/es\/wp-json\/wp\/v2\/posts\/274000","targetHints":{"allow":["GET"]}}],"collection":[{"href":"https:\/\/www.europesays.com\/es\/wp-json\/wp\/v2\/posts"}],"about":[{"href":"https:\/\/www.europesays.com\/es\/wp-json\/wp\/v2\/types\/post"}],"author":[{"embeddable":true,"href":"https:\/\/www.europesays.com\/es\/wp-json\/wp\/v2\/users\/2"}],"replies":[{"embeddable":true,"href":"https:\/\/www.europesays.com\/es\/wp-json\/wp\/v2\/comments?post=274000"}],"version-history":[{"count":0,"href":"https:\/\/www.europesays.com\/es\/wp-json\/wp\/v2\/posts\/274000\/revisions"}],"wp:featuredmedia":[{"embeddable":true,"href":"https:\/\/www.europesays.com\/es\/wp-json\/wp\/v2\/media\/252562"}],"wp:attachment":[{"href":"https:\/\/www.europesays.com\/es\/wp-json\/wp\/v2\/media?parent=274000"}],"wp:term":[{"taxonomy":"category","embeddable":true,"href":"https:\/\/www.europesays.com\/es\/wp-json\/wp\/v2\/categories?post=274000"},{"taxonomy":"post_tag","embeddable":true,"href":"https:\/\/www.europesays.com\/es\/wp-json\/wp\/v2\/tags?post=274000"}],"curies":[{"name":"wp","href":"https:\/\/api.w.org\/{rel}","templated":true}]}}