{"id":274001,"date":"2025-12-06T10:03:08","date_gmt":"2025-12-06T10:03:08","guid":{"rendered":"https:\/\/www.europesays.com\/es\/274001\/"},"modified":"2025-12-06T10:03:08","modified_gmt":"2025-12-06T10:03:08","slug":"los-berrinches-del-rey-emerito-su-opinion-sobre-el-11-m-y-las-criticas-a-las-leyes-de-memoria-y-al-juez-del-caso-noos-espana","status":"publish","type":"post","link":"https:\/\/www.europesays.com\/es\/274001\/","title":{"rendered":"Los \u201cberrinches\u201d del rey em\u00e9rito: su opini\u00f3n sobre el 11-M y las cr\u00edticas a las leyes de memoria y al juez del \u2018caso N\u00f3os\u2019 | Espa\u00f1a"},"content":{"rendered":"<p class=\"\"><a href=\"https:\/\/elpais.com\/espana\/2025-11-05\/el-libro-de-juan-carlos-i-en-diez-titulares-de-la-muerte-de-su-hermano-a-su-relacion-con-la-reina-sofia.html\" target=\"_self\" rel=\"nofollow noopener\" title=\"https:\/\/elpais.com\/espana\/2025-11-05\/el-libro-de-juan-carlos-i-en-diez-titulares-de-la-muerte-de-su-hermano-a-su-relacion-con-la-reina-sofia.html\">Reconciliaci\u00f3n<\/a> est\u00e1 repleto de reproches. Las <a href=\"https:\/\/elpais.com\/espana\/2025-11-04\/las-memorias-del-rey-emerito-juan-carlos-a-su-hijo-cuando-le-retiro-la-asignacion-no-olvides-que-heredas-un-sistema-que-yo-he-construido.html\" target=\"_self\" rel=\"nofollow noopener\" title=\"https:\/\/elpais.com\/espana\/2025-11-04\/las-memorias-del-rey-emerito-juan-carlos-a-su-hijo-cuando-le-retiro-la-asignacion-no-olvides-que-heredas-un-sistema-que-yo-he-construido.html\">memorias de Juan Carlos I, <\/a>que salieron a la venta en Espa\u00f1a esta semana, contienen m\u00faltiples cr\u00edticas, no solo a su hijo, sino al Gobierno actual y a dirigentes pol\u00edticos de distintas \u00e9pocas, incluyendo presidentes que lo fueron bajo su reinado, lo que choca, incluso despu\u00e9s de la abdicaci\u00f3n, con las funciones de representaci\u00f3n, arbitraje y moderaci\u00f3n que la Constituci\u00f3n atribuye a la Corona. \u201cUn rey no debe tener una ideolog\u00eda pol\u00edtica\u201d, admite el propio Juan Carlos de Borb\u00f3n en el libro, donde ha vertido, sin embargo, numerosas opiniones estrictamente pol\u00edticas e incluso sobre asuntos judiciales que le afectaban a \u00e9l y a su familia. No es la \u00fanica contradicci\u00f3n a lo largo de 507 p\u00e1ginas que comienzan recordando, precisamente, una recomendaci\u00f3n deso\u00edda: \u201cMi padre siempre me aconsej\u00f3 que no escribiera mis memorias\u201d. El resultado es un largo ejercicio de autorreivindicaci\u00f3n salpicado por algunas an\u00e9cdotas que pretenden recordar el car\u00e1cter campechano que aliment\u00f3 durante a\u00f1os el llamado<a href=\"https:\/\/elpais.com\/espana\/2025-11-22\/luces-y-sombras-de-juan-carlos-i-el-rey-repudiado-en-su-propio-aniversario.html\" target=\"_self\" rel=\"nofollow noopener\" title=\"https:\/\/elpais.com\/espana\/2025-11-22\/luces-y-sombras-de-juan-carlos-i-el-rey-repudiado-en-su-propio-aniversario.html\"> juancarlismo,<\/a> como que en Abu Dabi tiene un loro (\u201cque luce los colores de la bandera de Espa\u00f1a en la cresta\u201d); que compart\u00eda con Clint Eastwood el mismo tono de llamada de m\u00f3vil (la banda sonora de El bueno, el feo y el malo) o que en una ocasi\u00f3n tuvo que tragar \u201ccomo una aspirina\u201d los \u201cojos de merluza\u201d que <a href=\"https:\/\/elpais.com\/noticias\/hassan-ii-de-marruecos\/\" target=\"_self\" rel=\"nofollow noopener\" title=\"https:\/\/elpais.com\/noticias\/hassan-ii-de-marruecos\/\">Hassan II<\/a> le ofreci\u00f3 como un manjar. <\/p>\n<p>Los \u201cberrinches\u201d con el Gobierno<\/p>\n<p class=\"\">\u201cNunca di rodeos con ning\u00fan presidente del Gobierno, e incluso a veces he sido muy directo y he mantenido con ellos intercambios acalorados. Reconozco que he tenido berrinches ante lo que consideraba errores peligrosos para nuestro pa\u00eds\u201d, escribe el rey em\u00e9rito. El exjefe del Estado acusa al Gobierno de \u201calegrarse\u201d de los \u201cataques\u201d que recibe. \u201cEn lugar de proteger al Estado, de trabajar protegiendo sus instituciones por la prosperidad y el desarrollo del pa\u00eds\u201d, a\u00f1ade, \u201cellos lo debilitan\u201d. Pese a que en la carta que hizo p\u00fablica al abandonar Espa\u00f1a en 2020 afirmaba que el traslado obedec\u00eda a su deseo de <a href=\"https:\/\/elpais.com\/espana\/2020-08-03\/el-juan-carlos-i-comunica-a-su-hijo-su-decision-de-trasladarse-fuera-de-espana.html\" target=\"_self\" rel=\"nofollow noopener\" title=\"https:\/\/elpais.com\/espana\/2020-08-03\/el-juan-carlos-i-comunica-a-su-hijo-su-decision-de-trasladarse-fuera-de-espana.html\">no seguir da\u00f1ando la imagen de la Monarqu\u00eda<\/a> con \u201cla repercusi\u00f3n p\u00fablica\u201d de \u201cciertos acontecimientos\u201d de su \u201cvida privada\u201d, en sus memorias aborda su residencia en Abu Dabi como una imposici\u00f3n del Ejecutivo con el benepl\u00e1cito del actual Monarca. Tambi\u00e9n atribuye a presiones de La Moncloa la decisi\u00f3n de su hijo de retirarle, tras los esc\u00e1ndalos, la <a href=\"https:\/\/elpais.com\/espana\/2020-03-15\/el-rey-renuncia-a-la-herencia-de-su-padre-y-le-retira-su-asignacion.html\" target=\"_self\" rel=\"nofollow noopener\" title=\"https:\/\/elpais.com\/espana\/2020-03-15\/el-rey-renuncia-a-la-herencia-de-su-padre-y-le-retira-su-asignacion.html\">asignaci\u00f3n de dinero p\u00fablico que recib\u00eda:<\/a> \u201cSupongo que tambi\u00e9n \u00e9l se enfrentaba a presiones del Gobierno\u201d. \u201cEn esa caza al hombre he demostrado ser una presa f\u00e1cil\u201d, se lamenta el em\u00e9rito, quien llega a decir: \u201cEl Gobierno convirti\u00f3 estas investigaciones judiciales [contra \u00e9l] en una caza de brujas, en un juicio moral que afectaba a todo mi reinado y a mi acci\u00f3n pol\u00edtica\u201d. \u201c\u00bfCambiar\u00e1n las cosas con un Gobierno diferente? \u00bfSe me facilitar\u00eda el acceso a La Zarzuela?\u201c, se pregunta.<\/p>\n<p class=\"\">Tambi\u00e9n critica don Juan Carlos las normas de transparencia y los c\u00f3digos \u00e9ticos relacionados con los regalos a cargos e instituciones p\u00fablicas. Tras presentar la <a href=\"https:\/\/elpais.com\/espana\/2020-07-04\/corinna-larsen-declaro-que-juan-carlos-i-le-dio-65-millones-por-gratitud-y-no-para-esconder-el-dinero.html\" target=\"_self\" rel=\"nofollow noopener\" title=\"https:\/\/elpais.com\/espana\/2020-07-04\/corinna-larsen-declaro-que-juan-carlos-i-le-dio-65-millones-por-gratitud-y-no-para-esconder-el-dinero.html\">donaci\u00f3n de 100 millones de d\u00f3lares<\/a> (65 millones de euros) que le hizo el rey Abdal\u00e1 de Arabia Saud\u00ed como \u201cun acto de prodigalidad de una monarqu\u00eda a otra\u201d y compararlo con \u201cel beduino que en medio del desierto recibe a un forastero y comparte su pan con el visitante\u201d, el em\u00e9rito lamenta que Patrimonio Nacional se opusiera en 2011 a que \u00e9l y su hijo aceptaran<a href=\"https:\/\/elpais.com\/elpais\/2012\/06\/15\/gente\/1339758616_028735.html\" target=\"_self\" rel=\"nofollow noopener\" title=\"https:\/\/elpais.com\/elpais\/2012\/06\/15\/gente\/1339758616_028735.html\"> los dos ferraris <\/a>que les regal\u00f3 el jeque Mohamed bin Zayed, de Emiratos \u00c1rabes, y decidiera ponerlos a la venta: \u201cEl pr\u00edncipe heredero emirat\u00ed vivi\u00f3 esa operaci\u00f3n como una afrenta\u201d. Juan Carlos I admite: \u201c100 millones de d\u00f3lares es una suma considerable. Es un regalo que no pod\u00eda rechazar. Un grave error\u201d, pero luego a\u00f1ade: \u201cHoy en d\u00eda se nos exige total transparencia y que nuestras cuentas sean auditadas. Hace 30 a\u00f1os, eso no importaba a nadie. Hoy tenemos que justificarlo todo. Este no es el mundo en el que yo crec\u00ed\u201d. Con todo, el em\u00e9rito deja entrever que no le agrada que el presidente del Gobierno use la <a href=\"https:\/\/elpais.com\/gente\/2020-08-06\/pedro-sanchez-veranea-en-la-mareta-una-casa-con-historia-para-la-familia-real.html\" target=\"_self\" rel=\"nofollow noopener\" title=\"https:\/\/elpais.com\/gente\/2020-08-06\/pedro-sanchez-veranea-en-la-mareta-una-casa-con-historia-para-la-familia-real.html\">residencia de La Mareta<\/a>, en Lanzarote, que el rey Hussein de Jordania le regal\u00f3 en 1989: \u201cTuve que cederla a Patrimonio Nacional. Hacienda me ped\u00eda una cantidad de dinero para conservar la propiedad de la que yo no dispon\u00eda. Quienes pasan hoy all\u00ed las vacaciones son los presidentes del Gobierno, algunos de los cuales no dejan de criticarme y de debilitar a la Corona\u201d. <\/p>\n<p>Las leyes de memoria, Franco y la Guerra Civil<\/p>\n<p class=\"\">El libro contiene constantes loas y piropos a Franco, al que se refiere como \u201cgeneral\u201d, nunca como dictador, y que es el personaje m\u00e1s citado de los que aparecen en el \u00edndice onom\u00e1stico (87 menciones): \u201cprudente\u201d, \u201castuto\u201d: \u201caustero\u201d; \u201clo respetaba enormemente, apreciaba su inteligencia y su sentido pol\u00edtico\u201d; \u201cel pa\u00eds se beneficiaba [habla de 1976] de las aportaciones importantes del franquismo\u201d; \u201cTuve la suerte de que Franco, gracias a las reformas econ\u00f3micas emprendidas en los a\u00f1os sesenta, me dejara una nutrida clase media (&#8230;) Quiz\u00e1 incluso podr\u00edamos considerar que nuestro proceso de Transici\u00f3n comenz\u00f3, subrepticiamente, con la llegada de los tecn\u00f3cratas al poder a partir de 1962 [en 1974 fue<a href=\"https:\/\/elpais.com\/cultura\/2015\/01\/19\/actualidad\/1421701039_110660.html\" target=\"_self\" rel=\"nofollow noopener\" title=\"https:\/\/elpais.com\/cultura\/2015\/01\/19\/actualidad\/1421701039_110660.html\"> ejecutado con una herramienta medieval,<\/a> el garrote vil, Salvador Puig Antich, y en septiembre de 1975, <a href=\"https:\/\/elpais.com\/espana\/2025-08-11\/el-gobierno-declara-nula-la-condena-a-muerte-a-humberto-baena-uno-de-los-ultimos-fusilados-que-inspiro-la-cancion-al-alba.html\" target=\"_self\" rel=\"nofollow noopener\" title=\"https:\/\/elpais.com\/espana\/2025-08-11\/el-gobierno-declara-nula-la-condena-a-muerte-a-humberto-baena-uno-de-los-ultimos-fusilados-que-inspiro-la-cancion-al-alba.html\">otros cinco condenados a muerte<\/a>]\u201d. <\/p>\n<p class=\"\">Don Juan Carlos plantea una postura equidistante entre los sublevados y los fieles al gobierno leg\u00edtimo durante la Guerra Civil y critica las leyes de memoria aprobadas por distintos Parlamentos democr\u00e1ticos desde 2007 para reparar a las v\u00edctimas que, <a href=\"https:\/\/elpais.com\/diario\/2009\/03\/01\/domingo\/1235883156_850215.html\" target=\"_self\" rel=\"nofollow noopener\" title=\"https:\/\/elpais.com\/diario\/2009\/03\/01\/domingo\/1235883156_850215.html\">al contrario que las del bando vencedor,<\/a> nunca hab\u00edan sido reparadas y buscar a los que a\u00fan yacen en fosas y cunetas. \u201cHoy se recuerdan m\u00e1s las muertes de un bando que las del otro. Los vencidos exigen reparaci\u00f3n \u2014olvidando a veces que tambi\u00e9n hubo un encarnizamiento dentro de su propio bando\u2014, pero los vencedores tampoco quedaron a salvo. Desde luego no podemos ignorar la dura represi\u00f3n a los vencidos despu\u00e9s de la guerra. Nadie sale indemne de un combate armado. (&#8230;) Compruebo con pesar, y a mi costa, que ese pasado sigue persigui\u00e9ndonos, como lo demuestra el actual ambiente pol\u00edtico extremadamente polarizado, los recurrentes y perniciosos ataques a la Corona y las \u2018leyes de memoria\u2019 que se suceden, reavivando viejas heridas y el esp\u00edritu de venganza\u201d. <\/p>\n<p>El 11-M<\/p>\n<p class=\"\">El rey em\u00e9rito asegura en sus memorias que el resultado electoral de las elecciones de 2004 habr\u00eda sido otro de no haber sido por los <a href=\"https:\/\/elpais.com\/eps\/2024-03-03\/el-gran-bulo-asi-se-fabrico-la-teoria-de-la-conspiracion-tras-los-atentados-del-11-m.html\" target=\"_self\" rel=\"nofollow noopener\" title=\"https:\/\/elpais.com\/eps\/2024-03-03\/el-gran-bulo-asi-se-fabrico-la-teoria-de-la-conspiracion-tras-los-atentados-del-11-m.html\">atentados del 11-M,<\/a> pero no porque el Gobierno del PP decidiese mentir sobre la autor\u00eda. \u201cEst\u00e1bamos en plena campa\u00f1a electoral y Mariano Rajoy se presentaba como sucesor de Jos\u00e9 Mar\u00eda Aznar, que contaba con un excelente historial econ\u00f3mico. (&#8230;) En un momento en que el terror embargaba a todos, Aznar consider\u00f3 a ETA responsable de esas atrocidades, antes de que las reivindicara Al Qaeda [es falso, el PP mantuvo hasta el final que la hip\u00f3tesis principal era el terrorismo etarra <a href=\"https:\/\/elpais.com\/especiales\/2014\/aniversario-11-m\/cronologia\/atocha.html\" target=\"_self\" rel=\"nofollow noopener\" title=\"https:\/\/elpais.com\/especiales\/2014\/aniversario-11-m\/cronologia\/atocha.html\">cuando ya todos los indicios se\u00f1alaban al yihadismo<\/a>]. La izquierda acus\u00f3 a la derecha de utilizar la tragedia con fines electorales. (&#8230;) Las elecciones dieron por resultado algo impensable la semana anterior: la derrota del PP y la victoria del PSOE, con el voto a favor durante la investidura de los ecologistas, la extrema izquierda y los nacionalistas catalanes. Sin aquel atentado, el resultado habr\u00eda sido muy distinto\u201d. <\/p>\n<p>\u201cPido disculpas por Zapatero\u201d<\/p>\n<p class=\"\">Don Juan Carlos tambi\u00e9n se refiere en sus memorias a la decisi\u00f3n del presidente socialista Jos\u00e9 Luis Rodr\u00edguez Zapatero de retirar, tal y como hab\u00eda prometido en campa\u00f1a electoral, <a href=\"https:\/\/elpais.com\/diario\/2004\/05\/22\/espana\/1085176802_850215.html\" target=\"_self\" rel=\"nofollow noopener\" title=\"https:\/\/elpais.com\/diario\/2004\/05\/22\/espana\/1085176802_850215.html\">las tropas espa\u00f1olas de Irak.<\/a> \u201cLas relaciones entre Washington y Madrid estaban en su peor momento, algo a lo que no ayud\u00f3 que Zapatero, el a\u00f1o anterior, cuando era jefe de la oposici\u00f3n, no se levantara al paso de la bandera estadounidense durante el desfile militar del 12 de octubre. Me pareci\u00f3 una forma desproporcionada de mostrar p\u00fablicamente su antiamericanismo (&#8230;) Aprovech\u00e9 un viaje a Seattle para llamar a George W. Bush y decirle que quer\u00eda hablar con \u00e9l en privado (&#8230;) Advert\u00ed antes a Zapatero, poni\u00e9ndole ante un hecho consumado. El presidente Bush me dio la bienvenida con un \u2018Espero que te guste el pavo, porque es Acci\u00f3n de Gracias\u2019 (&#8230;) Para eliminar cualquier ambig\u00fcedad, me apresur\u00e9 a puntualizar: \u2018Pido disculpas por la actitud de Zapatero\u201d. <\/p>\n<p>`Caso N\u00f3os\u2019: \u201cEl juez buscaba notoriedad\u201d<\/p>\n<p class=\"\">El rey se refiere como \u201cacoso legal\u201d a las investigaciones contra \u00e9l, archivadas, en la mayor parte de los casos, por su inviolabilidad como jefe del Estado, pero tambi\u00e9n alude al caso N\u00f3os, que termin\u00f3 enviando a su entonces yerno, I\u00f1aki Urdangarin, a prisi\u00f3n, y sentando a una de sus hijas, <a href=\"https:\/\/elpais.com\/politica\/2014\/02\/08\/actualidad\/1391888027_955614.html#?rel=listaapoyo\" target=\"_self\" rel=\"nofollow noopener\" title=\"https:\/\/elpais.com\/politica\/2014\/02\/08\/actualidad\/1391888027_955614.html#?rel=listaapoyo\">Cristina de Borb\u00f3n, en el banquillo<\/a>. \u201cYo estaba encantado de que I\u00f1aki hubiera emprendido con \u00e9xito una nueva carrera. (&#8230;) Por ingenuidad, y seguramente por irreflexi\u00f3n, I\u00f1aki confiaba en \u00e9l [Diego Torres, su socio] y firmaba sin pesta\u00f1ear todos los papeles (&#8230;) En 2013, la infanta [Cristina] fue tambi\u00e9n imputada por el juez de Palma de Mallorca, que buscaba deliberadamente notoriedad y se empe\u00f1\u00f3 en convertir el caso en ejemplarizante (&#8230;) I\u00f1aki no recibi\u00f3 ning\u00fan trato especial. Incluso sospecho que, por ser yerno del Rey, tuvo que pagar por su error un precio m\u00e1s alto que otros\u201d. Fue <a href=\"https:\/\/elpais.com\/politica\/2017\/02\/17\/actualidad\/1487318715_211475.html\" target=\"_self\" rel=\"nofollow noopener\" title=\"https:\/\/elpais.com\/politica\/2017\/02\/17\/actualidad\/1487318715_211475.html\">condenado a seis a\u00f1os de c\u00e1rcel<\/a> por prevaricaci\u00f3n, malversaci\u00f3n, fraude, tr\u00e1fico de influencia y dos delitos fiscales. <\/p>\n","protected":false},"excerpt":{"rendered":"Reconciliaci\u00f3n est\u00e1 repleto de reproches. Las memorias de Juan Carlos I, que salieron a la venta en Espa\u00f1a&hellip;\n","protected":false},"author":2,"featured_media":274002,"comment_status":"","ping_status":"","sticky":false,"template":"","format":"standard","meta":{"footnotes":""},"categories":[8],"tags":[17,18,6042,25,24,13,14,11,23487,19,20,225,16683,6041,9,10,15,16,23,12,21,22],"class_list":{"0":"post-274001","1":"post","2":"type-post","3":"status-publish","4":"format-standard","5":"has-post-thumbnail","7":"category-espana","8":"tag-breaking-news","9":"tag-breakingnews","10":"tag-casa-real","11":"tag-es","12":"tag-espana","13":"tag-featured-news","14":"tag-featurednews","15":"tag-headlines","16":"tag-juan-carlos-i","17":"tag-latest-news","18":"tag-latestnews","19":"tag-libros","20":"tag-memorias","21":"tag-monarquia","22":"tag-news","23":"tag-noticias","24":"tag-noticias-destacadas","25":"tag-noticiasdestacadas","26":"tag-spain","27":"tag-titulares","28":"tag-ultimas-noticias","29":"tag-ultimasnoticias"},"share_on_mastodon":{"url":"https:\/\/pubeurope.com\/@es\/115672056236832272","error":""},"_links":{"self":[{"href":"https:\/\/www.europesays.com\/es\/wp-json\/wp\/v2\/posts\/274001","targetHints":{"allow":["GET"]}}],"collection":[{"href":"https:\/\/www.europesays.com\/es\/wp-json\/wp\/v2\/posts"}],"about":[{"href":"https:\/\/www.europesays.com\/es\/wp-json\/wp\/v2\/types\/post"}],"author":[{"embeddable":true,"href":"https:\/\/www.europesays.com\/es\/wp-json\/wp\/v2\/users\/2"}],"replies":[{"embeddable":true,"href":"https:\/\/www.europesays.com\/es\/wp-json\/wp\/v2\/comments?post=274001"}],"version-history":[{"count":0,"href":"https:\/\/www.europesays.com\/es\/wp-json\/wp\/v2\/posts\/274001\/revisions"}],"wp:featuredmedia":[{"embeddable":true,"href":"https:\/\/www.europesays.com\/es\/wp-json\/wp\/v2\/media\/274002"}],"wp:attachment":[{"href":"https:\/\/www.europesays.com\/es\/wp-json\/wp\/v2\/media?parent=274001"}],"wp:term":[{"taxonomy":"category","embeddable":true,"href":"https:\/\/www.europesays.com\/es\/wp-json\/wp\/v2\/categories?post=274001"},{"taxonomy":"post_tag","embeddable":true,"href":"https:\/\/www.europesays.com\/es\/wp-json\/wp\/v2\/tags?post=274001"}],"curies":[{"name":"wp","href":"https:\/\/api.w.org\/{rel}","templated":true}]}}