{"id":274006,"date":"2025-12-06T10:10:15","date_gmt":"2025-12-06T10:10:15","guid":{"rendered":"https:\/\/www.europesays.com\/es\/274006\/"},"modified":"2025-12-06T10:10:15","modified_gmt":"2025-12-06T10:10:15","slug":"los-dinosaurios-la-grupeta-ciclista-formada-por-jubilados","status":"publish","type":"post","link":"https:\/\/www.europesays.com\/es\/274006\/","title":{"rendered":"Los &#8216;dinosaurios&#8217;, la grupeta ciclista formada por jubilados"},"content":{"rendered":"<p>Valladolid es tierra de ciclismo. De ciclistas, de cicloturistas y de amantes de las dos ruedas. Y si no que se lo digan a Iv\u00e1n Romeo, Juan Carlos Dom\u00ednguez, Javier Ares o L\u00f3pez Cerr\u00f3n; o a grupetas y escuadras como los &#8216;Estropeados&#8217;, el Parquesol, el Sofokom, los Leosil, La Amistad, el Castilla o los de la UVa, por nombrar a algunos. La mayor\u00eda sigue junt\u00e1ndose hoy en d\u00eda, incluso con los mismos colores, para compartir kil\u00f3metros a los lomos de sus m\u00e1quinas, surcando las carreteras de la provincia haga un calor asfixiante, llueva o el fr\u00edo congele hasta a los patos del Pisuerga.<\/p>\n<p>Pero hay una grupeta especial. La forman, por citar a algunos, Rafa o Juan Carlos, de 62 a\u00f1os; Javier, de 63; Luis, de 64; \u00c1ngel, de 79; o Manolo, que el 19 de diciembre cumplir\u00e1 los 85. La raz\u00f3n parece casi obvia por la edad, son todos jubilados. Y tienen un nombre especial y particular, los &#8216;Dinosaurios&#8217;.<\/p>\n<p>\u00abTodo comenz\u00f3 sobre 2010, cuando nos junt\u00e1bamos gente como Nieves, Nerea, Fernanda o Juan para salir a rodar juntos e ir a marchas. La mayor\u00eda de nosotros nos iniciamos en el Castilla, un club de cicloturismo de los 80\u00bb, recuerda Jos\u00e9 Luis Madruga, uno de los &#8216;fundadores&#8217; de los Dinosaurios: \u00abSal\u00edamos juntos un mont\u00f3n y dimos el siguiente paso, \u00bfpor qu\u00e9 no hacer ropa? As\u00ed, escogimos un nombre con la idea de recuperar aquello que se hab\u00eda extinguido y dise\u00f1amos 4 logos, eligiendo uno\u00bb. Intentaron, incluso, registrar el nombre pero ya estaba por otro club de otra modalidad deportiva.<\/p>\n<p><img decoding=\"async\" loading=\"lazy\" src=\"https:\/\/www.europesays.com\/es\/wp-content\/uploads\/2025\/12\/286C21A4-3F94-413E-BC39565A52617C02.JPG\" alt=\"Imagen de la grupeta \u2018Dinosaurios\u2019 en Quintanilla de Trigueros. \" border=\"0\"\/>Imagen de la grupeta \u2018Dinosaurios\u2019 en Quintanilla de Trigueros.  &#8211; Foto: Jonathan TajesMuchos trabajaban y las quedadas eran los fines de semana. Hab\u00eda gente joven, hombres y mujeres: \u00abSe fue apuntando gente y fue creciendo\u00bb. Hasta que en 2016, con la jubilaci\u00f3n de Madruga, empezaron salir tambi\u00e9n entre semana, con una di\u00e1spora poco a poco de los m\u00e1s j\u00f3venes: \u00abAl final nos hemos quedado a los jubilados, gente que puede hacer y deshacer al tener m\u00e1s tiempo libre\u00bb.<\/p>\n<p>Los martes y los jueves hacen un recorrido muy similar; mientras que los fines de semana recuperan el esp\u00edritu primigenio de los Dinosaurios, con m\u00e1s gente de diferentes edades, uni\u00e9ndose con otros grupetas de la provincia, en muchos casos saliendo de Villanubla.<\/p>\n<p>\u00abEl esp\u00edritu es disfrutar de la bicicleta y de la compa\u00f1\u00eda, ya que somos gente que nos conocemos desde hace tiempo, adem\u00e1s de acoger a nuevos. Es un aliciente para todos en el d\u00eda a d\u00eda\u00bb, resumen sobre qu\u00e9 les aporta. Porque adem\u00e1s de salir con sus bicis, hacen comidas anuales, excursiones&#8230; \u00abLo pasamos bien, hacemos deporte, empatizamos y ahorramos dinero a la Seguridad Social\u00bb, sentencian.<\/p>\n<p><img decoding=\"async\" loading=\"lazy\" src=\"https:\/\/www.europesays.com\/es\/wp-content\/uploads\/2025\/12\/C3168311-220D-4129-A1E4E2701386271F.JPG\" alt=\"Imagen de la parada de la grupeta en Quintanilla de Trigueros. \" border=\"0\"\/>Imagen de la parada de la grupeta en Quintanilla de Trigueros.  &#8211; Foto: Jonathan TajesLos martes y los jueves hacen lo que llaman ellos un recorrido habitual: la salida de la capital es desde el Camino del Cabildo, para coger la v\u00eda de servicio de La Overuela direcci\u00f3n Cigales, recoger a otros en el Motel Emporio, y pasar por Cubillas, Trigueros, Quintanilla de Trigueros (direcci\u00f3n Ampudia, subida y bajada); y vuelta. En total, unos 80 kil\u00f3metros desde la capital; y 60 desde Cigales. \u00abVamos deprisa\u00bb, avisan.<\/p>\n<p>De ello da fe Manuel Herrero, que a mediados diciembre cumplir\u00e1 los 85 a\u00f1os. \u00abVoy &#8216;jodido&#8217; porque a veces les da por correr; pero bueno intento seguirlos\u00bb, asegura en la &#8216;parada&#8217; que hacen todos los d\u00edas en el bar Vilvaldi, en Quintanilla de Trigueros, donde toman el caf\u00e9 y alg\u00fan reconstituyente, normalmente pl\u00e1tanos. Manolo, segoviano de nacimiento, lleva 74 o 75 a\u00f1os montando en bici; corriendo en juveniles, aficionados y como independiente.<\/p>\n<p>Junto a \u00e9l salen el propio Jos\u00e9 Luis Madruga (69 a\u00f1os), Casimiro Vel\u00e1zquez (64), Agust\u00edn Garc\u00eda (69), Lucas Gonz\u00e1lez (74), Alejandro Gonz\u00e1lez (71), Javier Sanz (63), L\u00e1zaro Sancho (74), Mart\u00edn Casta\u00f1eda (74), V\u00edctor Postigo (74), Rafa Alonso (62), Roberto Fern\u00e1ndez (76), F\u00e9lix S\u00e1nchez (74), Luis Carranza (64), Francisco Ortega (77), Mirinda (79), Antonio Valencia (65), Juan Garc\u00eda (72), Enrique Gonz\u00e1lez (70), Julio Herrero (67), Pascual (69), \u00c1ngel Romo (79), Cipriano Garc\u00eda (75), Daniel Ruiz (71), Juan Carlos Araguz (62) y Jos\u00e9 Luis Pisonero (68).<\/p>\n<p><img decoding=\"async\" loading=\"lazy\" src=\"https:\/\/www.europesays.com\/es\/wp-content\/uploads\/2025\/12\/279184C2-F3A1-4A31-9122AAA83246C954.JPG\" alt=\"Imagen de la parada de la grupeta en Quintanilla de Trigueros. \" border=\"0\"\/>Imagen de la parada de la grupeta en Quintanilla de Trigueros.  &#8211; Foto: Jonathan TajesUno de los que fue profesional fue Edelmiro Est\u00e9vez Mirinda, que en enero llegar\u00e1 a los 80 a\u00f1os. Corri\u00f3 en La Casera y el Monteverde a finales de la d\u00e9cada de los 60 del pasado siglo. \u00abMont\u00e9 un bar, estuve 31 a\u00f1os sin tocar la bici y al jubilarme volv\u00ed\u00bb, se\u00f1ala. Tambi\u00e9n apostilla: \u00abDe vez en cuando se va fuerte\u00bb.<\/p>\n<p>Son una treintena, a veces hasta 40. Y est\u00e1n abiertos a otros y otras. El d\u00eda de la foto se uni\u00f3 Marta, que lleg\u00f3 a correr en un equipo femenino en Laguna, junto a Rosa Bravo.<\/p>\n<p>La carretera entre Trigueros y Quintanilla los martes y los jueves es de los Dinosaurios.<\/p>\n<blockquote>\n<p>\u00abSon exigentes pero buenos chicos\u00bb<\/p>\n<\/blockquote>\n<p>La grupeta de los &#8216;Dinosaurios&#8217; hace parada y posta todos los d\u00edas que salen en el bar Vivaldi, en Quintanilla de Trigueros. Sobre las once y media de la ma\u00f1ana, el establecimiento, que lleva m\u00e1s de 30 a\u00f1os abierto, acoge a estos ciclistas \u00e1vidos de la cafe\u00edna suficiente para seguir la marcha, ya de vuelta a Valladolid.<\/p>\n<p>Junto a ellos, algunos lugare\u00f1os acuden a ver las m\u00e1quinas de estos jubilados, amantes de las dos ruedas. Caf\u00e9s y algunos t\u00e9 es lo habitual. La mayor\u00eda, acompa\u00f1ados de algo de fruta.<\/p>\n<p>\u00abDe golpe y porrazo se nos llena el bar. Son exigentes, pero buenos chicos\u00bb, bromean desde el local.<\/p>\n","protected":false},"excerpt":{"rendered":"Valladolid es tierra de ciclismo. De ciclistas, de cicloturistas y de amantes de las dos ruedas. Y si&hellip;\n","protected":false},"author":2,"featured_media":274007,"comment_status":"","ping_status":"","sticky":false,"template":"","format":"standard","meta":{"footnotes":""},"categories":[273],"tags":[17616,313,67010,312,168,15677,25,24,7461,8881,4582,11755,23,167,8294,235,1607,59782,31357],"class_list":{"0":"post-274006","1":"post","2":"type-post","3":"status-publish","4":"format-standard","5":"has-post-thumbnail","7":"category-ciclismo","8":"tag-ampudia","9":"tag-ciclismo","10":"tag-cigales","11":"tag-cycling","12":"tag-deportes","13":"tag-dinosaurios","14":"tag-es","15":"tag-espana","16":"tag-ivan-romeo","17":"tag-jubilacion","18":"tag-pascual","19":"tag-seguridad-social","20":"tag-spain","21":"tag-sports","22":"tag-universidad-de-valladolid","23":"tag-valencia","24":"tag-valladolid","25":"tag-villanubla","26":"tag-vuelta-a-valladolid"},"share_on_mastodon":{"url":"https:\/\/pubeurope.com\/@es\/115672084506264201","error":""},"_links":{"self":[{"href":"https:\/\/www.europesays.com\/es\/wp-json\/wp\/v2\/posts\/274006","targetHints":{"allow":["GET"]}}],"collection":[{"href":"https:\/\/www.europesays.com\/es\/wp-json\/wp\/v2\/posts"}],"about":[{"href":"https:\/\/www.europesays.com\/es\/wp-json\/wp\/v2\/types\/post"}],"author":[{"embeddable":true,"href":"https:\/\/www.europesays.com\/es\/wp-json\/wp\/v2\/users\/2"}],"replies":[{"embeddable":true,"href":"https:\/\/www.europesays.com\/es\/wp-json\/wp\/v2\/comments?post=274006"}],"version-history":[{"count":0,"href":"https:\/\/www.europesays.com\/es\/wp-json\/wp\/v2\/posts\/274006\/revisions"}],"wp:featuredmedia":[{"embeddable":true,"href":"https:\/\/www.europesays.com\/es\/wp-json\/wp\/v2\/media\/274007"}],"wp:attachment":[{"href":"https:\/\/www.europesays.com\/es\/wp-json\/wp\/v2\/media?parent=274006"}],"wp:term":[{"taxonomy":"category","embeddable":true,"href":"https:\/\/www.europesays.com\/es\/wp-json\/wp\/v2\/categories?post=274006"},{"taxonomy":"post_tag","embeddable":true,"href":"https:\/\/www.europesays.com\/es\/wp-json\/wp\/v2\/tags?post=274006"}],"curies":[{"name":"wp","href":"https:\/\/api.w.org\/{rel}","templated":true}]}}