{"id":274014,"date":"2025-12-06T10:15:15","date_gmt":"2025-12-06T10:15:15","guid":{"rendered":"https:\/\/www.europesays.com\/es\/274014\/"},"modified":"2025-12-06T10:15:15","modified_gmt":"2025-12-06T10:15:15","slug":"200-fotografos-etica-ambiental-y-los-barruecos-como-escenario","status":"publish","type":"post","link":"https:\/\/www.europesays.com\/es\/274014\/","title":{"rendered":"200 fot\u00f3grafos, \u00e9tica ambiental y Los Barruecos como escenario"},"content":{"rendered":"<p class=\"ft-text\">La Asociaci\u00f3n Espa\u00f1ola de Fot\u00f3grafos de la Naturaleza (AEFONA) ha inaugurado en<a class=\"ft-link ft-link--decoration\" href=\"https:\/\/www.elperiodicoextremadura.com\/caceres-local\/2025\/12\/05\/malpartida-caceres-estalla-navidad-50-124445293.html\" target=\"_blank\" rel=\"nofollow noopener\"> Malpartida de C\u00e1ceres<\/a> su XXXIII congreso anual, una cita que entre el 6 y el 8 de diciembre reunir\u00e1 a unos 200 fot\u00f3grafos llegados de toda Espa\u00f1a para compartir talleres, presentaciones, exposiciones y salidas pr\u00e1cticas en uno de los escenarios naturales m\u00e1s emblem\u00e1ticos del pa\u00eds: el Monumento Natural de Los Barruecos.<\/p>\n<p class=\"ft-text\">La Casa de Cultura se ha convertido desde hoy en el epicentro del encuentro, acogiendo sesiones t\u00e9cnicas impartidas por algunos de los nombres m\u00e1s destacados de la fotograf\u00eda de naturaleza. Estands de empresas especializadas, muestras fotogr\u00e1ficas en sala y exposiciones repartidas por espacios p\u00fablicos completan un programa dise\u00f1ado para profundizar en las tendencias y retos actuales de esta disciplina.<\/p>\n<p>Salidas<\/p>\n<p class=\"ft-text\">Adem\u00e1s, las salidas fotogr\u00e1ficas programadas permitir\u00e1n a los asistentes trabajar sobre el terreno, en un enclave donde la presencia de aves, la geolog\u00eda singular y la interacci\u00f3n entre paisaje y luz han situado a Los Barruecos entre los destinos predilectos de fot\u00f3grafos de todo el mundo.<\/p>\n<p class=\"ft-text\">AEFONA, que agrupa a profesionales y aficionados comprometidos con la conservaci\u00f3n del entorno, ha destacado la importancia de su cat\u00e1logo \u00e9tico, una gu\u00eda de referencia internacional que promueve un ejercicio fotogr\u00e1fico respetuoso con fauna, flora y paisaje. Este c\u00f3digo se ha convertido en requisito en concursos tan consolidados como el Certamen de la Semana de la Cig\u00fce\u00f1a, que Malpartida de C\u00e1ceres celebra desde hace 35 a\u00f1os.<\/p>\n<p><img decoding=\"async\" src=\"https:\/\/www.europesays.com\/es\/wp-content\/uploads\/2025\/12\/8c975908-74ce-4970-992f-406e074080a0_alta-libre-aspect-ratio_default_0.jpg\" width=\"1200\" height=\"675\" alt=\"Cartel de la actividad.\" class=\"ft-helper-img-rd\" loading=\"lazy\"\/><\/p>\n<p class=\"ft-helper-fontColor-quaternary ft-helper-fontSize-body-S ft-helper-spacer-t-xxs\">Cartel de la actividad.  \/ El Peri\u00f3dico Extremadura<\/p>\n<p class=\"ft-text\">El congreso, que cada a\u00f1o recala en una sede diferente tras haber pasado por ciudades como Santiago de Compostela, Cartagena o las Tablas de Daimiel, ha encontrado en Malpartida un aliado natural. El alcalde, Alfredo Aguilera, ha subrayado la sinton\u00eda entre los valores de la asociaci\u00f3n y la \u201cpol\u00edtica de disfrute responsable del entorno\u201d que impulsa el municipio. Ha animado a los participantes a descubrir los recursos naturales, hist\u00f3ricos y gastron\u00f3micos de la localidad, y ha agradecido a la organizaci\u00f3n la elecci\u00f3n del municipio, destacando el retorno econ\u00f3mico y cultural que supone acoger a centenares de visitantes.<\/p>\n<p class=\"ft-text\">El programa completo del XXXIII Congreso AEFONA y las inscripciones gratuitas pueden consultarse en la web oficial de la asociaci\u00f3n.<\/p>\n<p>Un para\u00edso<\/p>\n<p class=\"ft-text\">El entorno, declarado Monumento Natural en 1996, ha experimentado un notable impulso en los \u00faltimos a\u00f1os gracias al aumento de visitantes, a su difusi\u00f3n en eventos culturales \u2014como su aparici\u00f3n en producciones audiovisuales internacionales\u2014 y al desarrollo de rutas y equipamientos que han mejorado la experiencia del visitante. La localidad de Malpartida de C\u00e1ceres ha apostado por consolidar este espacio como motor econ\u00f3mico, patrimonial y tur\u00edstico, siempre bajo criterios de conservaci\u00f3n y uso responsable.<\/p>\n<p><img decoding=\"async\" src=\"https:\/\/www.europesays.com\/es\/wp-content\/uploads\/2025\/12\/8b166d62-b850-4fe4-a9e7-b13fddf8a8c6_alta-libre-aspect-ratio_default_0.jpg\" width=\"1200\" height=\"799\" alt=\"imagen panor\u00e1mica de Los Barruecos de Malpartida de C\u00e1ceres.\" class=\"ft-helper-img-rd\" loading=\"lazy\"\/><\/p>\n<p class=\"ft-helper-fontColor-quaternary ft-helper-fontSize-body-S ft-helper-spacer-t-xxs\">imagen panor\u00e1mica de Los Barruecos de Malpartida de C\u00e1ceres.  \/ Cedida a El Peri\u00f3dico<\/p>\n<p class=\"ft-text\">Los expertos en conservaci\u00f3n han explicado que Los Barruecos representan uno de los mejores ejemplos de paisaje gran\u00edtico ib\u00e9rico, donde se combinan abrigos naturales, charcas estacionales, llanuras de pasto y relieves suaves que han favorecido la presencia de aves, reptiles y peque\u00f1os mam\u00edferos. Esta riqueza ecol\u00f3gica ha convertido el enclave en un laboratorio natural para talleres, estudios cient\u00edficos y salidas educativas.<\/p>\n<p class=\"ft-text\">Desde el Ayuntamiento de Malpartida de C\u00e1ceres se ha insistido en la importancia de mantener un equilibrio entre la afluencia tur\u00edstica y la protecci\u00f3n ambiental. Por ello, se han reforzado los mensajes sobre respeto a la fauna, control del ruido, uso de senderos se\u00f1alizados y prohibici\u00f3n de pr\u00e1cticas que puedan alterar el comportamiento de las especies.<\/p>\n<p class=\"ft-text\">Los Barruecos han demostrado una vez m\u00e1s que no son solo un paisaje para mirar, sino un espacio para comprender c\u00f3mo la naturaleza moldea territorios e identidades. Su magnetismo ha vuelto a atraer a fot\u00f3grafos, visitantes y amantes del medio ambiente, confirmando que este enclave extreme\u00f1o sigue siendo uno de los grandes tesoros naturales de Espa\u00f1a.<\/p>\n","protected":false},"excerpt":{"rendered":"La Asociaci\u00f3n Espa\u00f1ola de Fot\u00f3grafos de la Naturaleza (AEFONA) ha inaugurado en Malpartida de C\u00e1ceres su XXXIII congreso&hellip;\n","protected":false},"author":2,"featured_media":274015,"comment_status":"","ping_status":"","sticky":false,"template":"","format":"standard","meta":{"footnotes":""},"categories":[173],"tags":[6815,229,233,231,230,3975,209,232,234,146,147,25,24,10328,6354,67012,67011,4984,23],"class_list":{"0":"post-274014","1":"post","2":"type-post","3":"status-publish","4":"format-standard","5":"has-post-thumbnail","7":"category-arte-y-diseno","8":"tag-6815","9":"tag-arte","10":"tag-arte-y-diseno","11":"tag-arts","12":"tag-arts-and-design","13":"tag-caceres","14":"tag-cultura","15":"tag-design","16":"tag-diseno","17":"tag-entertainment","18":"tag-entretenimiento","19":"tag-es","20":"tag-espana","21":"tag-fotografos","22":"tag-malpartida","23":"tag-malpartida-de-caceres","24":"tag-periodico-extremadura","25":"tag-reune","26":"tag-spain"},"share_on_mastodon":{"url":"https:\/\/pubeurope.com\/@es\/115672103422786002","error":""},"_links":{"self":[{"href":"https:\/\/www.europesays.com\/es\/wp-json\/wp\/v2\/posts\/274014","targetHints":{"allow":["GET"]}}],"collection":[{"href":"https:\/\/www.europesays.com\/es\/wp-json\/wp\/v2\/posts"}],"about":[{"href":"https:\/\/www.europesays.com\/es\/wp-json\/wp\/v2\/types\/post"}],"author":[{"embeddable":true,"href":"https:\/\/www.europesays.com\/es\/wp-json\/wp\/v2\/users\/2"}],"replies":[{"embeddable":true,"href":"https:\/\/www.europesays.com\/es\/wp-json\/wp\/v2\/comments?post=274014"}],"version-history":[{"count":0,"href":"https:\/\/www.europesays.com\/es\/wp-json\/wp\/v2\/posts\/274014\/revisions"}],"wp:featuredmedia":[{"embeddable":true,"href":"https:\/\/www.europesays.com\/es\/wp-json\/wp\/v2\/media\/274015"}],"wp:attachment":[{"href":"https:\/\/www.europesays.com\/es\/wp-json\/wp\/v2\/media?parent=274014"}],"wp:term":[{"taxonomy":"category","embeddable":true,"href":"https:\/\/www.europesays.com\/es\/wp-json\/wp\/v2\/categories?post=274014"},{"taxonomy":"post_tag","embeddable":true,"href":"https:\/\/www.europesays.com\/es\/wp-json\/wp\/v2\/tags?post=274014"}],"curies":[{"name":"wp","href":"https:\/\/api.w.org\/{rel}","templated":true}]}}