{"id":274024,"date":"2025-12-06T10:22:15","date_gmt":"2025-12-06T10:22:15","guid":{"rendered":"https:\/\/www.europesays.com\/es\/274024\/"},"modified":"2025-12-06T10:22:15","modified_gmt":"2025-12-06T10:22:15","slug":"la-reflexion-de-al-pacino-tras-ver-frankenstein-de-guillermo-del-toro-es-posible-el-perdon","status":"publish","type":"post","link":"https:\/\/www.europesays.com\/es\/274024\/","title":{"rendered":"La reflexi\u00f3n de Al Pacino tras ver \u2018Frankenstein\u2019 de Guillermo del Toro: \u201c\u00bfEs posible el perd\u00f3n?\u00bb"},"content":{"rendered":"<p><img alt=\"Jacob Elordi interpreta a la\" class=\"global-image\" decoding=\"async\" fetchpriority=\"high\" height=\"1080\" loading=\"eager\" src=\"https:\/\/www.europesays.com\/es\/wp-content\/uploads\/2025\/12\/AXALD2TO6NDL5JZOWE32Z4W4OA.jpg\" width=\"1920\"\/>Jacob Elordi interpreta a la Criatura en esta versi\u00f3n del cl\u00e1sico dirigida por del Toro.(Netflix\/AP)<\/p>\n<p class=\"paragraph\">El legendario Al Pacino le ha dado el visto bueno a <a rel=\"noopener noreferrer nofollow\" href=\"https:\/\/www.infobae.com\/historias\/2025\/10\/17\/el-origen-real-de-frankenstein-la-historia-detras-del-mito-que-cambio-la-ciencia-ficcion\/\" target=\"_blank\" title=\"https:\/\/www.infobae.com\/historias\/2025\/10\/17\/el-origen-real-de-frankenstein-la-historia-detras-del-mito-que-cambio-la-ciencia-ficcion\/\"><b>Frankenstein<\/b><\/a>, la nueva adaptaci\u00f3n de Guillermo del Toro estrenada en Netflix el pasado 7 de noviembre. <\/p>\n<p class=\"paragraph\">El actor de 85 a\u00f1os asisti\u00f3 esta semana a una proyecci\u00f3n especial del filme, en un evento \u00edntimo cuyas fotograf\u00edas fueron difundidas por <b>Netflix <\/b>en redes sociales. <\/p>\n<p class=\"paragraph\">La plataforma comparti\u00f3 la reflexi\u00f3n de Al Pacino sobre el esp\u00edritu de la obra:<b> \u201cPlantea estas preguntas atemporales: \u00bfQu\u00e9 significa ser visto? \u00bfSer amado? \u00bfEs posible el perd\u00f3n?\u201d.<\/b><\/p>\n<p class=\"paragraph\">Sus palabras destacan la perspectiva humana con la que el director mexicano explora la novela de Mary Shelley. <\/p>\n<p><img alt=\"Pacino destac\u00f3 que la pel\u00edcula\" class=\"global-image\" decoding=\"async\" fetchpriority=\"low\" height=\"415\" loading=\"lazy\" src=\"https:\/\/www.europesays.com\/es\/wp-content\/uploads\/2025\/12\/S3JSU7IIFJHXJAZGXGHC4ZZNZ4.jpg\" width=\"878\"\/>Pacino destac\u00f3 que la pel\u00edcula plantea preguntas \u201catemporales\u201d sobre la humanidad (Netflix\/Instagram)<\/p>\n<p class=\"paragraph\">Como indica la sinopsis oficial, Del Toro narra la historia de Victor Frankenstein, un brillante pero egoc\u00e9ntrico cient\u00edfico interpretado por Oscar Isaac, cuya obsesi\u00f3n por desafiar los l\u00edmites de la vida lo lleva a crear a una criatura (encarnada por <b>Jacob Elordi<\/b>) que termina convirti\u00e9ndose en su espejo m\u00e1s tr\u00e1gico.<\/p>\n<p class=\"paragraph\">En esta versi\u00f3n, Del Toro se apega al esp\u00edritu emocional del libro, pero lo encamina hacia un relato sobre los v\u00ednculos, el abandono y la b\u00fasqueda imposible de redenci\u00f3n. <\/p>\n<p class=\"paragraph\">Las primeras rese\u00f1as subrayan que el filme encuentra \u201cla humanidad en uno de los monstruos m\u00e1s ic\u00f3nicos del cine\u201d y que Elordi ofrece una interpretaci\u00f3n que \u201cenciende las partes m\u00e1s conmovedoras y desgarradoras del relato\u201d, seg\u00fan el consenso cr\u00edtico de Rotten Tomatoes. En la plataforma, <b>Frankenstein <\/b>ostenta un<b> 85% de aprobaci\u00f3n<\/b> en relaci\u00f3n a 345 rese\u00f1as. <\/p>\n<p class=\"paragraph\">Las audiencias han respondido a\u00fan mejor: con un 94% de aprobaci\u00f3n, los espectadores describen la pel\u00edcula como un \u201cPrometeo moderno gloriosamente g\u00f3tico y profundamente emotivo\u201d.<\/p>\n<p><img alt=\"Francis Ford Coppola se declar\u00f3\" class=\"global-image\" decoding=\"async\" fetchpriority=\"low\" height=\"1080\" loading=\"lazy\" src=\"https:\/\/www.europesays.com\/es\/wp-content\/uploads\/2025\/12\/6QN4CJ6RBJCS3EMTQMCSI2UVWQ.jpg\" width=\"1920\"\/>Francis Ford Coppola se declar\u00f3 fan de la pel\u00edcula y celebr\u00f3 su \u201cbelleza\u201d y \u201coriginalidad\u201d en redes sociales (Netflix)<\/p>\n<p class=\"paragraph\">Detr\u00e1s de la est\u00e9tica g\u00f3tica y el desarrollo visual impecable (con la fuerza creativa del director de fotograf\u00eda <b>Dan Laustsen),<\/b> la pel\u00edcula articula un conjunto de temas que han sido destacados por cr\u00edticos y analistas.<\/p>\n<p class=\"paragraph\">Entre ellos, el<b> v\u00ednculo paternal<\/b> ocupa el centro narrativo: el abandono de Victor por parte de su padre encuentra eco en la relaci\u00f3n rota que \u00e9l mismo establece con su hijo, y m\u00e1s tarde con la Criatura. La pel\u00edcula tambi\u00e9n explora el <b>trauma generacional<\/b>, la idea de que \u201clos monstruos se hacen, no nacen\u201d, y c\u00f3mo el impacto del rechazo y la falta de amor.<\/p>\n<p class=\"paragraph\">La narrativa culmina en un c\u00edrculo tr\u00e1gico que gira en torno al perd\u00f3n y la posibilidad \u2014o imposibilidad\u2014 de detener el ciclo a partir de la aceptaci\u00f3n. <\/p>\n<p><img alt=\"Frankenstein combina la est\u00e9tica g\u00f3tica\" class=\"global-image\" decoding=\"async\" fetchpriority=\"low\" height=\"1080\" loading=\"lazy\" src=\"https:\/\/www.europesays.com\/es\/wp-content\/uploads\/2025\/12\/QIUEZSVEKNAJXANZTLJWWQQPWQ.jpg\" width=\"1920\"\/>Frankenstein combina la est\u00e9tica g\u00f3tica de Del Toro con un enfoque emocional sobre la relaci\u00f3n padre-hijo (Netflix \u00a9 2025)<\/p>\n<p class=\"paragraph\">Otro \u00edcono de Hollywood que se ha pronunciado sobre Frankenstein es <b>Francis Ford Coppola. <\/b><\/p>\n<p class=\"paragraph\">El director de El padrino dedic\u00f3 un extenso mensaje p\u00fablico a elogiar la pel\u00edcula, y la calific\u00f3 com<b>o \u201cuna composici\u00f3n elegante y \u00fanica sobre el amor y la belleza contada de una forma profundamente personal y original\u201d. <\/b><\/p>\n<p class=\"paragraph\">Coppola tambi\u00e9n llam\u00f3 a Del Toro un \u201cgenio cinematogr\u00e1fico\u201d y sostuvo que somos afortunados de tenerlo \u201cpara guiar, iluminar y enriquecer nuestras vidas como nadie m\u00e1s puede\u201d. <\/p>\n<p class=\"paragraph\">Asimismo, celebr\u00f3 las actuaciones de Oscar Isaac, Jacob Elordi, Christoph Waltz y Mia Goth, ya que sus momentos en c\u00e1mara \u201cfluyen como una fuente incontrolable de alegr\u00eda apasionada\u201d.<\/p>\n<p><img alt=\"Del Toro subray\u00f3 que la\" class=\"global-image\" decoding=\"async\" fetchpriority=\"low\" height=\"1920\" loading=\"lazy\" src=\"https:\/\/www.europesays.com\/es\/wp-content\/uploads\/2025\/12\/DSEC56RVK5DWZGBHF4OTWZHJVI.jpg\" width=\"1280\"\/>Del Toro subray\u00f3 que la pel\u00edcula fue un triunfo colectivo de dise\u00f1adores, constructores, maquilladores y cinemat\u00f3grafos ( FOTO: GRACIELA L\u00d3PEZ\/CUARTOSCURO.COM)<\/p>\n<p class=\"paragraph\">Los aplausos al trabajo de Guillermo del Toro se materializaron en un premio Vanguard Tribute en los <b>Gotham Awards <\/b>de esta semana. <\/p>\n<p class=\"paragraph\">En su discurso, record\u00f3 que ley\u00f3 la novela de Shelley a los 11 a\u00f1os. <\/p>\n<p class=\"paragraph\">\u201cEntend\u00ed que no pertenec\u00eda al mundo tal como mis padres esperaban; mi lugar estaba en esa tierra habitada por monstruos y marginados. Ellos han sido mi familia desde entonces\u201d. <\/p>\n<p class=\"paragraph\">El director aprovech\u00f3 la oportunidad para reiterar su posici\u00f3n sobre el uso de inteligencia artificial en el cine, y exclam\u00f3<b> <\/b><b>\u201cF*ck AI!\u201d<\/b>, en defensa de un arte hecho por manos humanas.<\/p>\n<p class=\"paragraph\">En su mensaje, destac\u00f3 el trabajo de dise\u00f1adores, maquilladores, constructores, fot\u00f3grafos y editores, y enfatiz\u00f3 en que el filme fue \u201cvoluntariamente hecho por humanos, para humanos\u201d. <\/p>\n","protected":false},"excerpt":{"rendered":"Jacob Elordi interpreta a la Criatura en esta versi\u00f3n del cl\u00e1sico dirigida por del Toro.(Netflix\/AP) El legendario Al&hellip;\n","protected":false},"author":2,"featured_media":274025,"comment_status":"","ping_status":"","sticky":false,"template":"","format":"standard","meta":{"footnotes":""},"categories":[91],"tags":[177,146,147,25,24,8750,4003,23],"class_list":{"0":"post-274024","1":"post","2":"type-post","3":"status-publish","4":"format-standard","5":"has-post-thumbnail","7":"category-entretenimiento","8":"tag-cine","9":"tag-entertainment","10":"tag-entretenimiento","11":"tag-es","12":"tag-espana","13":"tag-frankenstein","14":"tag-guillermo-del-toro","15":"tag-spain"},"share_on_mastodon":{"url":"https:\/\/pubeurope.com\/@es\/115672131368689673","error":""},"_links":{"self":[{"href":"https:\/\/www.europesays.com\/es\/wp-json\/wp\/v2\/posts\/274024","targetHints":{"allow":["GET"]}}],"collection":[{"href":"https:\/\/www.europesays.com\/es\/wp-json\/wp\/v2\/posts"}],"about":[{"href":"https:\/\/www.europesays.com\/es\/wp-json\/wp\/v2\/types\/post"}],"author":[{"embeddable":true,"href":"https:\/\/www.europesays.com\/es\/wp-json\/wp\/v2\/users\/2"}],"replies":[{"embeddable":true,"href":"https:\/\/www.europesays.com\/es\/wp-json\/wp\/v2\/comments?post=274024"}],"version-history":[{"count":0,"href":"https:\/\/www.europesays.com\/es\/wp-json\/wp\/v2\/posts\/274024\/revisions"}],"wp:featuredmedia":[{"embeddable":true,"href":"https:\/\/www.europesays.com\/es\/wp-json\/wp\/v2\/media\/274025"}],"wp:attachment":[{"href":"https:\/\/www.europesays.com\/es\/wp-json\/wp\/v2\/media?parent=274024"}],"wp:term":[{"taxonomy":"category","embeddable":true,"href":"https:\/\/www.europesays.com\/es\/wp-json\/wp\/v2\/categories?post=274024"},{"taxonomy":"post_tag","embeddable":true,"href":"https:\/\/www.europesays.com\/es\/wp-json\/wp\/v2\/tags?post=274024"}],"curies":[{"name":"wp","href":"https:\/\/api.w.org\/{rel}","templated":true}]}}