{"id":274042,"date":"2025-12-06T10:37:09","date_gmt":"2025-12-06T10:37:09","guid":{"rendered":"https:\/\/www.europesays.com\/es\/274042\/"},"modified":"2025-12-06T10:37:09","modified_gmt":"2025-12-06T10:37:09","slug":"brigitte-bardot-a-sus-91-anos-un-refugio-en-la-costa-azul-una-relacion-complicada-con-su-unico-hijo-y-tres-bisnietos-noruegos-a-los-que-ve-una-vez-a-ano","status":"publish","type":"post","link":"https:\/\/www.europesays.com\/es\/274042\/","title":{"rendered":"Brigitte Bardot a sus 91 a\u00f1os: un refugio en la Costa Azul, una relaci\u00f3n complicada con su \u00fanico hijo y tres bisnietos noruegos a los que ve una vez a a\u00f1o"},"content":{"rendered":"<p>\u201cEl instinto maternal se aprende, con el tiempo y una vida tranquila. <strong>Yo tuve una vida muy complicada.<\/strong> Y ese desgarro me ha perseguido toda la vida. Durante su infancia, mis relaciones con Nicolas, mi hijo, fueron lamentables. Para \u00e9l y para m\u00ed\u201d, reconoc\u00eda <a href=\"https:\/\/www.revistavanityfair.es\/articulos\/regreso-al-hotel-belvedere-el-refugio-griego-favorito-de-slim-aarons-brigitte-bardot-o-gigi-hadid\" rel=\"nofollow noopener\" target=\"_blank\">la actriz francesa<\/a>. Su hijo se crio con la familia Charrier tras la separaci\u00f3n de sus padres en 1962. \u201c<strong>\u00c9l vive en Noruega, con su familia. Viene a verme una vez por a\u00f1o<\/strong>. Creo que ha terminado comprendiendo a esta madre rara que he sido\u201d, dec\u00eda Bardot con cierta tristeza. De Nicolas-Jacques apenas se sabe que se cas\u00f3 con la modelo <strong>Anne-Line Bjerkan<\/strong> en 1984 y que su madre no estuvo en la lista de invitados a la boda. La pareja abandon\u00f3 Francia para vivir en Noruega. De su uni\u00f3n nacieron dos hijas, Theo (34) y Anna (39), nietos de la actriz y que la han hecho bisabuela.<\/p>\n<p>En 2018, <a href=\"https:\/\/www.revistavanityfair.es\/galerias\/fotografias-antiguas-verano-estilo-brigitte-bardot-jane-birkin-diana-gales-carolina-monaco\" rel=\"nofollow noopener\" target=\"_blank\">Bardot<\/a> explicaba en Var Matin: \u201cLo quiero de una manera especial. Y \u00e9l tambi\u00e9n me quiere. Es un poco como yo. F\u00edsicamente, ha heredado mucho de su padre\u201d. En 2024 contaba en\u00a0 Paris Match: \u201c<strong>Soy bisabuela de tres ni\u00f1os noruegos<\/strong> que no hablan franc\u00e9s y a los que veo rara vez\u201d. El pasado 4 de septiembre fallec\u00eda a los 88 a\u00f1os Jacques Charrier en la ciudad de Saint-Briac-sur-Mer (Ille-et-Vilaine).<\/p>\n<p><img decoding=\"async\" alt=\"La actriz y cantante francesa se ha casado en cuatro ocasiones.\" loading=\"lazy\" class=\"ResponsiveImageContainer-eNxvmU cfBbTk responsive-image__image\"   src=\"https:\/\/www.europesays.com\/es\/wp-content\/uploads\/2025\/12\/GettyImages-543927850.jpg\"\/><\/p>\n<p>La actriz y cantante francesa se ha casado en cuatro ocasiones.<\/p>\n<p>Sergio Gaudenti\/Getty Images<\/p>\n<p>Su \u00faltima boda, en 1992<\/p>\n<p>Tras su segundo divorcio, la actriz contrajo matrimonio en julio de 1966 por tercera vez <a href=\"https:\/\/www.revistavanityfair.es\/sociedad\/articulos\/boda-brigitte-bardot-gunter-sachs\/44645\" rel=\"nofollow noopener\" target=\"_blank\">con el playboy millonario de origen alem\u00e1n <strong>Gunter Sachs<\/strong><\/a>. Se separaron en 1969 y poco antes, Brigitte Bardot hab\u00eda comenzado una relaci\u00f3n con <strong>Patrick Guilles<\/strong>, con quien coprotagoniz\u00f3 El oso y la mu\u00f1eca. Rompieron en 1971 y durante los siguientes a\u00f1os, la actriz mantuvo varias relaciones sentimentales con el profesor de esqu\u00ed <strong>Christian Kalt,<\/strong> con el empresario <strong>Luigi Rizzi<\/strong> o con el cantante <a href=\"https:\/\/www.revistavanityfair.es\/articulos\/jane-birkin-serge-gainsbourg-relacion-historia\" rel=\"nofollow noopener\" target=\"_blank\"><strong>Serge Gainsbourg<\/strong><\/a>.<\/p>\n<p>Tambi\u00e9n se dijo que hab\u00eda mantenido un romance con el actor <a href=\"https:\/\/www.revistavanityfair.es\/la-revista\/articulos\/asi-fue-como-warren-beatty-se-convirtio-en-la-estrella-mas-rutilante-de-su-generacion\/23637\" rel=\"nofollow noopener\" target=\"_blank\"><strong>Warren Beatty<\/strong><\/a> o con el escritor <strong>John Gilmore<\/strong>. De 1975 a 1979 sali\u00f3 con el escultor <strong>Miroslav Brozek<\/strong> y tras esa ruptura tuvo una larga relaci\u00f3n con el productor de televisi\u00f3n franc\u00e9s <strong>Allain Bougrain-duBourg<\/strong>. La cuarta boda de la protagonista de Helena de Troya llegaba en agosto de 1992. La actriz se cas\u00f3 con <strong>Bernard d&#8217;Ormale<\/strong>, ex asesor de <a href=\"https:\/\/www.revistavanityfair.es\/poder\/articulos\/jean-marie-le-pen-memorias\/29674\" rel=\"nofollow noopener\" target=\"_blank\"><strong>Jean-Marie Le Pen<\/strong><\/a>, ex l\u00edder del partido Frente Nacional.<\/p>\n","protected":false},"excerpt":{"rendered":"\u201cEl instinto maternal se aprende, con el tiempo y una vida tranquila. Yo tuve una vida muy complicada.&hellip;\n","protected":false},"author":2,"featured_media":274043,"comment_status":"","ping_status":"","sticky":false,"template":"","format":"standard","meta":{"footnotes":""},"categories":[174],"tags":[255,146,147,25,24,256,317,23],"class_list":{"0":"post-274042","1":"post","2":"type-post","3":"status-publish","4":"format-standard","5":"has-post-thumbnail","7":"category-famosos","8":"tag-celebrities","9":"tag-entertainment","10":"tag-entretenimiento","11":"tag-es","12":"tag-espana","13":"tag-famosos","14":"tag-francia","15":"tag-spain"},"share_on_mastodon":{"url":"https:\/\/pubeurope.com\/@es\/115672190111647708","error":""},"_links":{"self":[{"href":"https:\/\/www.europesays.com\/es\/wp-json\/wp\/v2\/posts\/274042","targetHints":{"allow":["GET"]}}],"collection":[{"href":"https:\/\/www.europesays.com\/es\/wp-json\/wp\/v2\/posts"}],"about":[{"href":"https:\/\/www.europesays.com\/es\/wp-json\/wp\/v2\/types\/post"}],"author":[{"embeddable":true,"href":"https:\/\/www.europesays.com\/es\/wp-json\/wp\/v2\/users\/2"}],"replies":[{"embeddable":true,"href":"https:\/\/www.europesays.com\/es\/wp-json\/wp\/v2\/comments?post=274042"}],"version-history":[{"count":0,"href":"https:\/\/www.europesays.com\/es\/wp-json\/wp\/v2\/posts\/274042\/revisions"}],"wp:featuredmedia":[{"embeddable":true,"href":"https:\/\/www.europesays.com\/es\/wp-json\/wp\/v2\/media\/274043"}],"wp:attachment":[{"href":"https:\/\/www.europesays.com\/es\/wp-json\/wp\/v2\/media?parent=274042"}],"wp:term":[{"taxonomy":"category","embeddable":true,"href":"https:\/\/www.europesays.com\/es\/wp-json\/wp\/v2\/categories?post=274042"},{"taxonomy":"post_tag","embeddable":true,"href":"https:\/\/www.europesays.com\/es\/wp-json\/wp\/v2\/tags?post=274042"}],"curies":[{"name":"wp","href":"https:\/\/api.w.org\/{rel}","templated":true}]}}