{"id":274051,"date":"2025-12-06T10:45:14","date_gmt":"2025-12-06T10:45:14","guid":{"rendered":"https:\/\/www.europesays.com\/es\/274051\/"},"modified":"2025-12-06T10:45:14","modified_gmt":"2025-12-06T10:45:14","slug":"el-salon-del-manga-de-barcelona-se-llena-de-mangakas-otakus-y-katanas-noticias-de-cataluna","status":"publish","type":"post","link":"https:\/\/www.europesays.com\/es\/274051\/","title":{"rendered":"El Sal\u00f3n del Manga de Barcelona se llena de mangakas, otakus y katanas | Noticias de Catalu\u00f1a"},"content":{"rendered":"<p class=\"\">En el <a href=\"https:\/\/elpais.com\/espana\/catalunya\/2024-12-02\/manga-barcelona-celebra-su-30-aniversario-con-las-entradas-agotadas-para-el-fin-de-semana.html\" target=\"_self\" rel=\"nofollow noopener\" title=\"https:\/\/elpais.com\/espana\/catalunya\/2024-12-02\/manga-barcelona-celebra-su-30-aniversario-con-las-entradas-agotadas-para-el-fin-de-semana.html\">sal\u00f3n del Manga<\/a>, que ha arrancado en Barcelona el viernes su 31\u00aa edici\u00f3n (Fira Gran V\u00eda, hasta el d\u00eda 8), mucha gente lleva katana, el sable japon\u00e9s. Algunos llevan hasta tres, como el cosplayer (fan del manga y el anime que se disfraza de alguno de sus personajes favoritos) que va de Roronoa Zoro, pirata de la gran Flota de Sombreros de Paja, con un abrigo largo verde y badana negra al brazo. Tambi\u00e9n cargan sendas katanas el joven que luce el pelo plateado de punta y el ojo tapado del ninja Kakashi Hatake de la serie Naruto o la chica que va de Erza Scarlet de Fairy Tail, con brillante armadura pectoral. Est\u00e1 tambi\u00e9n por el sal\u00f3n, infiltrada, La novia, la prota de Kill Bill, que ser\u00e1 por katanas. <\/p>\n<p>M\u00e1s informaci\u00f3n<\/p>\n<p class=\"\">Pero curiosamente nadie exhibe la espada de manera hostil o amenazadora, todos la llevan como un accesorio m\u00e1s, incluso con actitud risue\u00f1a. El sal\u00f3n es el \u00faltimo lugar que elegir\u00eda <a href=\"https:\/\/elpais.com\/cultura\/2025-11-22\/angelica-liddell-imagina-su-muerte-a-traves-de-mishima.html\" target=\"_self\" rel=\"nofollow noopener\" title=\"https:\/\/elpais.com\/cultura\/2025-11-22\/angelica-liddell-imagina-su-muerte-a-traves-de-mishima.html\">Mishima para hacerse el harakiri<\/a> porque esto es una gran fiesta de buen rollo, aunque haya mangas muy oscuros (hablaremos de ellos) y te cruces personajes impresionantes, algunos tan extravagantes que parece que te hayas pasado con el sake. <\/p>\n<p><img decoding=\"auto\" class=\"_re lazyload a_m-h\" height=\"276\"  width=\"414\"  src=\"https:\/\/www.europesays.com\/es\/wp-content\/uploads\/2025\/12\/2XK2IPGYCBHHTKHHZWL3CLNGK4.jpg\" loading=\"lazy\"\/>Ambiente durante el sal\u00f3n del Manga de Barcelona, este viernes. Carles Ribas<\/p>\n<p class=\"\">Un visitante iba de una especie de cucaracha gigante que result\u00f3 ser (preguntando se va a Tokio) el ciborg saltamontes motorista de Kamen rider Takeshi Hongo; otro bastante raro porque se paseaba con una serpiente enroscada era Obanai Iguro, con katana a juego. Y una joven con un bumer\u00e1n gigante no pod\u00eda ser m\u00e1s que \u2014y as\u00ed lo confirm\u00f3 ella misma\u2014 Sango, de InuYasha, enfundada en un mono negro con faja roja y partes de armadura rosadas. Pero el personaje que para este profano se llevaba la palma el viernes era la escultural y ajustad\u00edsima chica \u00e1ngel Angeswoman de Digimon adventure que se dejaba retratar con los embelesados visitantes a la sombra de sus espectaculares ocho alas de plumas blanqu\u00edsimas. <\/p>\n<p class=\"\">Recorrer el sal\u00f3n si no eres un inveterado <a href=\"https:\/\/elpais.com\/mexico\/2024-08-12\/poemas-para-un-otaku-o-como-enamorarse-de-alguien-que-no-existe.html\" target=\"_self\" rel=\"nofollow noopener\" title=\"https:\/\/elpais.com\/mexico\/2024-08-12\/poemas-para-un-otaku-o-como-enamorarse-de-alguien-que-no-existe.html\">otaku<\/a>, un fan del manga y el anime, te hace sorprenderte mucho con la gente que te encuentras y tambi\u00e9n con la exuberante y pintoresca variedad del material que se expone y las actividades que se ofrecen. En la feria, adem\u00e1s de una oferta inabarcable de tebeos, puedes escuchar a una chica ataviada como para una primera comuni\u00f3n en Osaka cantando en japon\u00e9s en un escenario, o participar en infinidad de talleres de dibujo (para todas las edades), o adquirir unas orejitas peludas (y pon\u00e9rtelas: no le va a importar a nadie), un kimono, o una colonia inspirada en Zelda. Puedes asistir a un coloquio con un gran mangaka (autor de manga) o que te firme \u00e1lbumes tu favorito, y hasta puedes apuntarte a clases de japon\u00e9s r\u00e1pido o alquilar un piso en Tokio por un a\u00f1o (no ser\u00e1 m\u00e1s caro que aqu\u00ed). Incluso te da la posibilidad el Sal\u00f3n de visitar la casa de Hello Kitty, que est\u00e1 de aniversario, o colarte en la habitaci\u00f3n de Onachan, la simp\u00e1tica mascota de la feria. Tambi\u00e9n puedes jugar al futbito (bajo el patronazgo de Oliver y Benji), al voleibol (\u00bf?) y al pin pon. La <a href=\"https:\/\/elpais.com\/gastronomia\/2025-01-05\/el-manga-gastronomico-que-habla-de-deipnofobia-lesbianismo-amor-y-tradiciones-japonesas.html\" target=\"_self\" rel=\"nofollow noopener\" title=\"https:\/\/elpais.com\/gastronomia\/2025-01-05\/el-manga-gastronomico-que-habla-de-deipnofobia-lesbianismo-amor-y-tradiciones-japonesas.html\">oferta gastron\u00f3mica <\/a>es eminentemente japonesa y oriental y para pillar un caf\u00e9 y una madalena has de buscar mucho. <\/p>\n<p><img decoding=\"auto\" class=\"_re lazyload a_m-h\" height=\"276\"  width=\"414\"  src=\"https:\/\/www.europesays.com\/es\/wp-content\/uploads\/2025\/12\/KA5ZUTBFURHEJBCJK5N5PC7NFA.jpg\" loading=\"lazy\"\/>Vista general del Sal\u00f3n del Manga de Barcelona, este viernes.Carles Ribas<\/p>\n<p class=\"\">Esta edici\u00f3n, la presencia de grandes autores es notable. Est\u00e1n, por ejemplo Gou Tanabe, c\u00e9lebre por su magistral plasmaci\u00f3n de las historias de <a href=\"https:\/\/elpais.com\/cultura\/2024-09-21\/dias-felices-e-impios-en-el-club-de-lectura-lovecraft.html\" target=\"_self\" rel=\"nofollow noopener\" title=\"https:\/\/elpais.com\/cultura\/2024-09-21\/dias-felices-e-impios-en-el-club-de-lectura-lovecraft.html\">H. P. Lovecraft<\/a> (publicadas por Planeta Comic, que le ha montado una caseta de firmas de la que brotan los tent\u00e1culos de Cthulhu y es lo m\u00e1s para selfies), trabajo al que se le dedica una exposici\u00f3n; el sensei (maestro) Kazuki Nakashima, creador de <a href=\"https:\/\/elpais.com\/cultura\/2024-08-26\/el-anime-el-cine-y-la-literatura-rompen-los-estereotipos-de-japon.html\" target=\"_self\" rel=\"nofollow noopener\" title=\"https:\/\/elpais.com\/cultura\/2024-08-26\/el-anime-el-cine-y-la-literatura-rompen-los-estereotipos-de-japon.html\">animes <\/a>ic\u00f3nicos como Gurren Lagann, Kill la Kill y Promare, y destacado dramaturgo (se pueden ver muestras de su trabajo para escena), o el director de anime Shinishiro Watanabe, que el viernes ha protagonizado una animada charla con numeroso p\u00fablico en la que ha hablado de su filme Lazarus y la colaboraci\u00f3n en \u00e9l de Chad Stahelaski, el director de John Wick, \u201ca nice guy\u201d. Watanabe ha expresado su pasi\u00f3n por hacer escenas de acci\u00f3n, transcurran en la \u00e9poca que transcurran, ha defendido la animaci\u00f3n manual tradicional y ha animado a escuchar la m\u00fasica de la banda japonesa Yellow Magic Orchestra, su favorita (\u201cescuchadla ya!\u201d). <\/p>\n<p class=\"\">Muy especial es la presencia este sal\u00f3n de otra estrella, Tsutomu Takahashi, el autor de series (publicadas por Norma) como Neun, sobre la creaci\u00f3n secreta durante el III Reich de ni\u00f1os con el ADN de Hitler; Detonation Island, basada en sus propias experiencias en los 80 como miembro de una banda de bosozoku, j\u00f3venes descerebrados con motos de gran cilindrada; Black Box, ambientada en el mundo del boxeo, o las m\u00e1s recientes Rosie, sobre un taller de reparaci\u00f3n de guitarras el\u00e9ctricas, y Jumbo Max, en la que un tipo se involucra en el mundo de los f\u00e1rmacos contra la disfunci\u00f3n er\u00e9ctil. <\/p>\n<p><img decoding=\"auto\" class=\"_re lazyload a_m-h\" height=\"276\"  width=\"414\"  src=\"https:\/\/www.europesays.com\/es\/wp-content\/uploads\/2025\/12\/2Z6LXARSQNHVNIFU2BHNQB5EQ4.jpg\" loading=\"lazy\"\/>Un visitante del sal\u00f3n del Manga de Barcelona, este viernes.Carles Ribas<\/p>\n<p class=\"\">En un encuentro con periodistas y fans, Takahashi, un hombre muy afable con camisa de le\u00f1ador, ha explicado la influencia que tuvo en \u00e9l el manga deportivo, ha se\u00f1alado que dibujar est\u00e1 al alcance de todos, y ha reflexionado que la diferencia entre el cine y el <a href=\"https:\/\/elpais.com\/espana\/catalunya\/2024-12-05\/el-dibujante-naoki-urasawa-da-el-pistoletazo-de-salida-al-manga-barcelona.html\" target=\"_self\" rel=\"nofollow noopener\" title=\"https:\/\/elpais.com\/espana\/catalunya\/2024-12-05\/el-dibujante-naoki-urasawa-da-el-pistoletazo-de-salida-al-manga-barcelona.html\">manga <\/a>es que el primero se vuelca m\u00e1s en el qu\u00e9 y el segundo en el c\u00f3mo. Ha considerado que en el fondo todas sus historias se parecen, \u201ccomo platos distintos con los mismos ingredientes\u201d, y en todas ellas rigen la tensi\u00f3n y la presi\u00f3n. Ha matizado que quiz\u00e1 Jumbo Max sea algo m\u00e1s distinta al estar protagonizada por un antih\u00e9roe, mayor, calvo y poco favorecido. Ha profundizado en los or\u00edgenes de Detonati\u00f3n island, en la que, sostiene, el 80 % es real y fruto de la experiencia propia. \u201cFue la \u00e9poca m\u00e1s tonta de mi vida\u201d, ha apuntado de ese tiempo con la banda de moteros malotes, ni\u00f1atos rebeldes que trucaban las motos y molestaban a la gente haciendo el gilipollas (seg\u00fan ha vertido del japon\u00e9s el traductor). \u201cNos sent\u00edamos invencibles\u201d, ha dicho Takahashi, para recordar despu\u00e9s la muerte tr\u00e1gica de dos amigos, episodio que sale en la serie y cuya revelaci\u00f3n le ha servido a Takahashi de catarsis. <\/p>\n<p><img decoding=\"auto\" class=\"_re lazyload a_m-h\" height=\"276\"  width=\"414\"  src=\"https:\/\/www.europesays.com\/es\/wp-content\/uploads\/2025\/12\/UJ4STTT52ZMS3CN2D3RBTT6ZRE.jpg\" loading=\"lazy\"\/>Tsuomo Takahashi, el viernes en el Sal\u00f3n del MangaMarta P\u00e9rez (EFE)<\/p>\n<p class=\"\">T\u00e9cnicamente, ha explicado que su m\u00e9todo es la tinta diluida, que est\u00e1 regido por el azar y otorga una calidad imprevisible al dibujo, \u201ccomo tocar en directo\u201d, y ha a\u00f1adido: \u201cMe gusta un punto de imperfecci\u00f3n\u201d. Ha hablado del ritmo enloquecido de <a href=\"https:\/\/elpais.com\/cultura\/2025-07-11\/el-manga-del-fin-del-mundo-una-profecia-de-papel-sacude-japon-y-reduce-su-turismo.html\" target=\"_self\" rel=\"nofollow noopener\" title=\"https:\/\/elpais.com\/cultura\/2025-07-11\/el-manga-del-fin-del-mundo-una-profecia-de-papel-sacude-japon-y-reduce-su-turismo.html\">publicaci\u00f3n de manga<\/a> en Jap\u00f3n que obliga a \u201csacar el material de la mesa de dibujo y ponerlo en dos semanas en el kiosko\u201d, una velocidad que, ha recalcado, hace imposible la perfecci\u00f3n. \u201cEste sistema comporta que los autores sean capaces de resistir una gran presi\u00f3n mental\u201d. <\/p>\n<p class=\"\">Le ha sorprendido que se pueda considerar su obra como oscura, dice que \u00e9l lo que trata es de poner mucha energ\u00eda, aunque ha recalcado que desde luego no dibuja manga para ni\u00f1os. \u201cReflejo en todo caso lo oscura que es la gente\u201d, ha a\u00f1adido, para apuntar que \u201cla sociedad japonesa es como la represento\u201d. Al pregunt\u00e1rsele sobre c\u00f3mo se le ocurri\u00f3 la ide de Jumbo Max y el f\u00e1rmaco para la disfunci\u00f3n, ha respondido jocosamente: \u201cChicos, cuando llegu\u00e9is a los cincuenta lo sabr\u00e9is; el pescado se acaba\u201d. <\/p>\n<p class=\"\">Preguntado por este diario acerca de su inter\u00e9s por la est\u00e9tica nazi en Neun, una trama en la que resuena Los ni\u00f1os del Brasil (la novela de Ira Levin y la pel\u00edcula de Franklin Schaffner, nacido por cierto en Jap\u00f3n hijo de misioneros estadounidenses) ha matizado que en todo caso por la iconograf\u00eda, y ha marcado distancias con todo ese material: \u201cTodos sabemos lo que era\u201d. Del hecho de abordar esa historia y \u00e9poca ha dicho que \u201ctienen la ventaja de que hay mucha documentaci\u00f3n y de que est\u00e1n libres de derechos de autor\u201d. Ha afirmado no conocer <a href=\"https:\/\/elpais.com\/diario\/2006\/12\/16\/cultura\/1166223608_850215.html\" target=\"_self\" rel=\"nofollow noopener\" title=\"https:\/\/elpais.com\/diario\/2006\/12\/16\/cultura\/1166223608_850215.html\">Portero de noche<\/a>, de <a href=\"https:\/\/elpais.com\/cultura\/2019\/10\/25\/actualidad\/1572026351_868219.html\" target=\"_self\" rel=\"nofollow noopener\" title=\"https:\/\/elpais.com\/cultura\/2019\/10\/25\/actualidad\/1572026351_868219.html\">Liliana Cavani<\/a>, aunque s\u00ed tener como referencia visual los documentales de Leni Riefenstahl. \u201cEs muy interesante poder reflexionar sobre el fascismo, pero siempre hay que ir con cuidado\u201d, ha concluido. En Neun, Himmler lanza en 1940 una purga de los 12 ni\u00f1os descendientes de Hitler que han crecido en el marco de un programa gen\u00e9tico para asegurarle descendencia. Neun es uno de los ni\u00f1os que, protegidos por sus respectivos guardianes, los wands \u2014incluida una chica con katana, sobreviven a la liquidaci\u00f3n orquestada por las SS, que a partir de entonces los persiguen bajo el mando de un siniestro oficial m\u00e9dico, el doctor U., <\/p>\n","protected":false},"excerpt":{"rendered":"En el sal\u00f3n del Manga, que ha arrancado en Barcelona el viernes su 31\u00aa edici\u00f3n (Fira Gran V\u00eda,&hellip;\n","protected":false},"author":2,"featured_media":274052,"comment_status":"","ping_status":"","sticky":false,"template":"","format":"standard","meta":{"footnotes":""},"categories":[91],"tags":[210,1980,8588,24996,146,147,25,24,6606,67019,3564,225,27671,67018,23],"class_list":{"0":"post-274051","1":"post","2":"type-post","3":"status-publish","4":"format-standard","5":"has-post-thumbnail","7":"category-entretenimiento","8":"tag-barcelona","9":"tag-cataluna","10":"tag-comic","11":"tag-dibujantes","12":"tag-entertainment","13":"tag-entretenimiento","14":"tag-es","15":"tag-espana","16":"tag-ferias","17":"tag-fira-barcelona","18":"tag-japon","19":"tag-libros","20":"tag-manga","21":"tag-salon-del-manga","22":"tag-spain"},"share_on_mastodon":{"url":"https:\/\/pubeurope.com\/@es\/115672221671036527","error":""},"_links":{"self":[{"href":"https:\/\/www.europesays.com\/es\/wp-json\/wp\/v2\/posts\/274051","targetHints":{"allow":["GET"]}}],"collection":[{"href":"https:\/\/www.europesays.com\/es\/wp-json\/wp\/v2\/posts"}],"about":[{"href":"https:\/\/www.europesays.com\/es\/wp-json\/wp\/v2\/types\/post"}],"author":[{"embeddable":true,"href":"https:\/\/www.europesays.com\/es\/wp-json\/wp\/v2\/users\/2"}],"replies":[{"embeddable":true,"href":"https:\/\/www.europesays.com\/es\/wp-json\/wp\/v2\/comments?post=274051"}],"version-history":[{"count":0,"href":"https:\/\/www.europesays.com\/es\/wp-json\/wp\/v2\/posts\/274051\/revisions"}],"wp:featuredmedia":[{"embeddable":true,"href":"https:\/\/www.europesays.com\/es\/wp-json\/wp\/v2\/media\/274052"}],"wp:attachment":[{"href":"https:\/\/www.europesays.com\/es\/wp-json\/wp\/v2\/media?parent=274051"}],"wp:term":[{"taxonomy":"category","embeddable":true,"href":"https:\/\/www.europesays.com\/es\/wp-json\/wp\/v2\/categories?post=274051"},{"taxonomy":"post_tag","embeddable":true,"href":"https:\/\/www.europesays.com\/es\/wp-json\/wp\/v2\/tags?post=274051"}],"curies":[{"name":"wp","href":"https:\/\/api.w.org\/{rel}","templated":true}]}}