{"id":274054,"date":"2025-12-06T10:47:06","date_gmt":"2025-12-06T10:47:06","guid":{"rendered":"https:\/\/www.europesays.com\/es\/274054\/"},"modified":"2025-12-06T10:47:06","modified_gmt":"2025-12-06T10:47:06","slug":"eduardo-blanco-ceo-de-santana-motors-en-2027-lanzaremos-nuestros-primeros-modelos-con-estetica-100-santana-el-economista","status":"publish","type":"post","link":"https:\/\/www.europesays.com\/es\/274054\/","title":{"rendered":"Eduardo Blanco (CEO de Santana Motors): &quot;En 2027 lanzaremos nuestros primeros modelos con est\u00e9tica 100% Santana&quot; &#8211; El Economista"},"content":{"rendered":"<ol>\n<li><a href=\"https:\/\/news.google.com\/rss\/articles\/CBMi_gFBVV95cUxNQkI3NFhUdTAydjQ2TDRjRjc5a3BiQVZtYS1hZlFQd2NYSGF4WndVSm9hRGQyT09FVjJQSzYxWUhMQVdSMW5KY3IwNU9KbmlOS1h0eVhINFF1YjNxYlVsVXotSEtNNW9zV2F6SUVwQkVnWjZmcnV1elRvQVp2NUNtOUtENzdUMnFBRXRrX1FjY3F2R1AtRDNxb081U1ByNWRSNllDVFVaNGdFUmVKemhUQmJjamFvbktkenhob0Y0NkhMLTBXUjlQaXVBbTRTeVhZSWl1SVNIa3A2R1djRDhTRFFHNGhmaEFFZU5BWGNUbTI3d09EaTl3MUdsSnhDUdIB6AFBVV95cUxNTVMtWkFSYTlpMl9UWElVVjMxMmk0Uk1mS0xOVi1LT3M5UlhmdVMyWWg5dzNDY0swQkd2UFpZYmpyUmFvLTFPWnNOM1N1OU9xTXJrREI0cHJiQ081NmFfWWxJcVJiQ192OFpPMURiWTUyMktyQTdkTW9OVnZhXzVCOUlzR0tkVEs5MEZleDdZQ05PenFMOTNnX0ZBeE0ybjI0QlJjdVpWWUZnQXdyRzhJZW5wWHZIZjJrS0ZMMW5lWFhvaFFFc3p4Q0FEWEVmcmM1YnZfVkRvZDd5Smlqcjhpb1hxa2tmTkRh?oc=5\" target=\"_blank\" rel=\"nofollow noopener\">Eduardo Blanco (CEO de Santana Motors): \u00abEn 2027 lanzaremos nuestros primeros modelos con est\u00e9tica 100% Santana\u00bb<\/a>&nbsp;&nbsp;El Economista<\/li>\n<li><a href=\"https:\/\/news.google.com\/rss\/articles\/CBMi2AFBVV95cUxNZEM5RHJYZlk0T0U3eXhzR1laWmM3Yzg4TGFuRnRTN1VPRklHTTQzcVdrOXB4MmEtNGczaFE5dkdmNkNybERMOUhES0lUOG80OHlSYkFtd0N4dy01a0ZWWGlzSGpIY2FQSUtDb0tyZHlxbjltUHoxLVl5TTR4UlpFUnRld2RtNzA2OWJyX0cteDRyVU55QUQwS194UUsxbklISF9abHFPMTFkcHhEaUxfZ24wQ3k2ekJjUDBqSFpOZUtKSUFmRDNiM0pSd1FPOFFlUS04bHQycXU?oc=5\" target=\"_blank\" rel=\"nofollow noopener\">La reacci\u00f3n de la vicepresidenta primera del Gobierno, Mar\u00eda Jes\u00fas Montero, al ver el nuevo veh\u00edculo de Santana: \u00abPrecioso, y la capacidad&#8230;\u00bb<\/a>&nbsp;&nbsp;Car and Driver<\/li>\n<li><a href=\"https:\/\/news.google.com\/rss\/articles\/CBMi3AFBVV95cUxNcEhRMG9xQ2ZpZHZVUHdveHhrWTdncGNwR0tMV04tUlN0d1hfQUZ0TmJ3RzY4U29tMllic1Vvcm9yenJMMThDalFaUlJ0c1dCNzZySHhpTXEwVk5tVkRkM25RY1Jvc3hoZXdhVWVaMmI5a1RXQ1dudWprYWpzVzhXSGc1YTdYblZUSk85NmpRam83Z2MySGxfT2FOb2JrVzczdE1GdEJ2NUtLQ0ZhOEw3TjBXbEhIMGpTbGdYejRWbDI3c3NjS3lhdkhveV9oQ2p0T3dVOWdqWTJMbDRO0gHiAUFVX3lxTE1HTy1yWW5yQ1htZXFhRzhoYUNQUVVoZm05OWQ3MzIxcEtRYW8zc2MwMnpHVnktZGZNVTRJNVhiaTUwNVl6T0N6ZWZhWEFjOTdQZWswSVZITTR0OTdoZjA1YWdPZmt2LVRmTXcyQU1Ed19uaXNfWC1ZbDZ3UDAzTlhqZ2c5Q2ZERmxVb2VweFRaRm1tcDN5VnZUYUFVLUM2UGFoZWpYZmtxaFBVZ2ZaOFZINnZtTjIxMjRtaGlrUWZoakotaTZIVWxoZXNrU2xvSWFiamYwam1YWFhkcWtmUk5ESXc?oc=5\" target=\"_blank\" rel=\"nofollow noopener\">Linares vuelve a producir coches gracias a la apuesta china en Santana Motor<\/a>&nbsp;&nbsp;El Confidencial<\/li>\n<li><a href=\"https:\/\/news.google.com\/rss\/articles\/CBMilgFBVV95cUxPYXM5Rl9lUjdFaExqc1ZGTW8tQjljSmZsbEVNZFZWYmFDRFo4VGxyUUNsZXNsQU5yUGlNbTktZXZ2NGJ6YVN5Ym41aFdxYndrNWV2SjVEWW5JNmpIOTB0UzlNeU5Fa2hjaUY3ZzFOdEZrTlhDVmJEOEhEbThyeDdwRDJXaUZaNV9CS1VONnhnaGNxZnBDQ2c?oc=5\" target=\"_blank\" rel=\"nofollow noopener\">Cr\u00f3nica de Andaluc\u00eda &#8211; 05\/12\/25<\/a>&nbsp;&nbsp;RTVE.es<\/li>\n<li><a href=\"https:\/\/news.google.com\/rss\/articles\/CBMiiAFBVV95cUxOR083SkduTXowQUdqSnlMTnpsbmtHMUZiaGZtYmFITmtZRnNyNHVBdWNseXVzQUl4Y0FYUlhQMGNKVGtHd3RIVVFfaUVtU1FWOURmWTdMQTBxak5SLUUtUldTczRURGRxdzVZc2RQSkhpa2FhWVRqdF9LVU9wWGUwX0pkSWVGeTRu0gGIAUFVX3lxTE9UV0NRUjdoaFpIczhFN1FXUEk2aWhFR09BTW56TXJfTmhXVnpWM1pIVjN1Z2ZTWkhEV2lsTVNTWjRyRS1rbkdEUXF1X2x1UEVaRlhkWGYxdzItQkdteE05Q080QzdMLXpHYVk2VjFmMmFINXhFSVVUUUU2Ti1ncXJMRWhsQkhDcEY?oc=5\" target=\"_blank\" rel=\"nofollow noopener\">Santana Motors firma un acuerdo con el gigante chino BAIC para fabricar coches en Linares<\/a>&nbsp;&nbsp;Expansi\u00f3n<\/li>\n<\/ol>\n","protected":false},"excerpt":{"rendered":"Eduardo Blanco (CEO de Santana Motors): \u00abEn 2027 lanzaremos nuestros primeros modelos con est\u00e9tica 100% Santana\u00bb&nbsp;&nbsp;El Economista La&hellip;\n","protected":false},"author":2,"featured_media":248356,"comment_status":"","ping_status":"","sticky":false,"template":"","format":"standard","meta":{"footnotes":""},"categories":[80],"tags":[82,95,94,25,24,23],"class_list":{"0":"post-274054","1":"post","2":"type-post","3":"status-publish","4":"format-standard","5":"has-post-thumbnail","7":"category-economia","8":"tag-business","9":"tag-economia","10":"tag-economy","11":"tag-es","12":"tag-espana","13":"tag-spain"},"share_on_mastodon":{"url":"https:\/\/pubeurope.com\/@es\/115672229241916617","error":""},"_links":{"self":[{"href":"https:\/\/www.europesays.com\/es\/wp-json\/wp\/v2\/posts\/274054","targetHints":{"allow":["GET"]}}],"collection":[{"href":"https:\/\/www.europesays.com\/es\/wp-json\/wp\/v2\/posts"}],"about":[{"href":"https:\/\/www.europesays.com\/es\/wp-json\/wp\/v2\/types\/post"}],"author":[{"embeddable":true,"href":"https:\/\/www.europesays.com\/es\/wp-json\/wp\/v2\/users\/2"}],"replies":[{"embeddable":true,"href":"https:\/\/www.europesays.com\/es\/wp-json\/wp\/v2\/comments?post=274054"}],"version-history":[{"count":0,"href":"https:\/\/www.europesays.com\/es\/wp-json\/wp\/v2\/posts\/274054\/revisions"}],"wp:featuredmedia":[{"embeddable":true,"href":"https:\/\/www.europesays.com\/es\/wp-json\/wp\/v2\/media\/248356"}],"wp:attachment":[{"href":"https:\/\/www.europesays.com\/es\/wp-json\/wp\/v2\/media?parent=274054"}],"wp:term":[{"taxonomy":"category","embeddable":true,"href":"https:\/\/www.europesays.com\/es\/wp-json\/wp\/v2\/categories?post=274054"},{"taxonomy":"post_tag","embeddable":true,"href":"https:\/\/www.europesays.com\/es\/wp-json\/wp\/v2\/tags?post=274054"}],"curies":[{"name":"wp","href":"https:\/\/api.w.org\/{rel}","templated":true}]}}