{"id":274057,"date":"2025-12-06T10:49:08","date_gmt":"2025-12-06T10:49:08","guid":{"rendered":"https:\/\/www.europesays.com\/es\/274057\/"},"modified":"2025-12-06T10:49:08","modified_gmt":"2025-12-06T10:49:08","slug":"la-replica-de-un-policia-a-una-manifestante","status":"publish","type":"post","link":"https:\/\/www.europesays.com\/es\/274057\/","title":{"rendered":"la r\u00e9plica de un polic\u00eda a una manifestante"},"content":{"rendered":"<p style=\"\">La <strong>Plataforma<\/strong> per la <strong>Llengua<\/strong> ha difundido un caso de \u00ab<a href=\"https:\/\/www.abc.es\/espana\/comunidad-valenciana\/obligacion-hablarles-castellano-pais-valenciano-lengua-propia-20251205074930-nt.html\" target=\"_blank\" data-voc-vtm-id=\"in-text-traffic\" title=\"discriminaci\u00f3n ling\u00fc\u00edstica\" data-mrf-link=\"www.abc.es\" rel=\"nofollow noopener\">discriminaci\u00f3n ling\u00fc\u00edstica<\/a>\u00bb -dentro del <strong>informe<\/strong> anual presentado conjuntamente con Escola Valenciana y otras entidades- que ha afectado a una participante en una de las <strong>manifestaciones<\/strong> por la gesti\u00f3n de la  &#8230; <strong>dana<\/strong>.<\/p>\n<p class=\"voc-p\" style=\"\">\u00abTengo una amiga que se encontr\u00f3 cara a cara con un <strong>polic\u00eda nacional<\/strong> que la <strong>increp\u00f3<\/strong> porque se dirigi\u00f3 a \u00e9l en nuestra lengua\u00bb, ha relatado la persona que ha transmitido esta queja a la autodenominada &#8216;ONG del catal\u00e1n&#8217;.<\/p>\n<p class=\"voc-p\" style=\"\">\u00abAleg\u00f3 que no era valenciano, sino de Cuenca, y por eso hablaba <strong>castellano<\/strong>. Aunque dec\u00eda entender el valenciano, no quer\u00eda que le hablar\u00e1n as\u00ed porque est\u00e1bamos en <strong>Espa\u00f1a<\/strong>\u00bb, ha resumido, acerca de la situaci\u00f3n tensa por el idioma de comunicaci\u00f3n entre ambos.<\/p>\n<p class=\"voc-p\" style=\"\">A continuaci\u00f3n, tras \u00abun tira y afloja\u00bb, el agente le pidi\u00f3 el carn\u00e9 de identidad a la manifestante, tom\u00f3 sus datos y \u00abtodo eso despu\u00e9s de haberla <strong>intimidado<\/strong>\u00bb, ha denunciado este mediador que recomend\u00f3 a su amiga ponerse con contacto con la Plataforma per la Llengua para \u00abdenunciar el hecho\u00bb, porque considera que \u00abno hay que dejar el caso sin respuesta\u00bb.<\/p>\n<p>\nLe colgaron tres veces al tel\u00e9fono por el idioma\n<\/p>\n<p class=\"voc-p\" style=\"\">En este informe sobre \u00abvulneraciones de derechos ling\u00fc\u00edsticos\u00bb se incluyen otros conflictos con agentes de la autoridad, por ejemplo, el de alguien a quien \u00ab<strong>colgaron<\/strong> la llamada de <strong>tel\u00e9fono<\/strong> tres veces\u00bb y no le hablaron por insistir en comunicarse en valenciano.<\/p>\n<p class=\"voc-p\" style=\"\">\u00abLlam\u00e9 a la <strong>Polic\u00eda Local<\/strong> de Valencia por altercados en la calle y se negaron a atenderme en nuestra lengua\u00bb, ha asegurado al narrar lo ocurrido. \u00abLlegaron a decirme que ellos ten\u00edan derecho a hablar castellano aunque yo les hubiera llamado hablando en valenciano\u00bb, ha a\u00f1adido.<\/p>\n<p class=\"voc-p\" style=\"\">Es m\u00e1s, revela que \u00abuno de ellos, hablando en castellano, incluso dijo que eso que hablaba era valenciano\u00bb.<\/p>\n","protected":false},"excerpt":{"rendered":"La Plataforma per la Llengua ha difundido un caso de \u00abdiscriminaci\u00f3n ling\u00fc\u00edstica\u00bb -dentro del informe anual presentado conjuntamente&hellip;\n","protected":false},"author":2,"featured_media":274058,"comment_status":"","ping_status":"","sticky":false,"template":"","format":"standard","meta":{"footnotes":""},"categories":[8],"tags":[17,18,669,33604,25,24,13,14,10435,11,19,20,35509,9,10,15,16,586,13920,23,12,21,22,706],"class_list":{"0":"post-274057","1":"post","2":"type-post","3":"status-publish","4":"format-standard","5":"has-post-thumbnail","7":"category-espana","8":"tag-breaking-news","9":"tag-breakingnews","10":"tag-castellano","11":"tag-entiendo","12":"tag-es","13":"tag-espana","14":"tag-featured-news","15":"tag-featurednews","16":"tag-hablame","17":"tag-headlines","18":"tag-latest-news","19":"tag-latestnews","20":"tag-manifestante","21":"tag-news","22":"tag-noticias","23":"tag-noticias-destacadas","24":"tag-noticiasdestacadas","25":"tag-policia","26":"tag-replica","27":"tag-spain","28":"tag-titulares","29":"tag-ultimas-noticias","30":"tag-ultimasnoticias","31":"tag-valenciano"},"share_on_mastodon":{"url":"https:\/\/pubeurope.com\/@es\/115672237005604402","error":""},"_links":{"self":[{"href":"https:\/\/www.europesays.com\/es\/wp-json\/wp\/v2\/posts\/274057","targetHints":{"allow":["GET"]}}],"collection":[{"href":"https:\/\/www.europesays.com\/es\/wp-json\/wp\/v2\/posts"}],"about":[{"href":"https:\/\/www.europesays.com\/es\/wp-json\/wp\/v2\/types\/post"}],"author":[{"embeddable":true,"href":"https:\/\/www.europesays.com\/es\/wp-json\/wp\/v2\/users\/2"}],"replies":[{"embeddable":true,"href":"https:\/\/www.europesays.com\/es\/wp-json\/wp\/v2\/comments?post=274057"}],"version-history":[{"count":0,"href":"https:\/\/www.europesays.com\/es\/wp-json\/wp\/v2\/posts\/274057\/revisions"}],"wp:featuredmedia":[{"embeddable":true,"href":"https:\/\/www.europesays.com\/es\/wp-json\/wp\/v2\/media\/274058"}],"wp:attachment":[{"href":"https:\/\/www.europesays.com\/es\/wp-json\/wp\/v2\/media?parent=274057"}],"wp:term":[{"taxonomy":"category","embeddable":true,"href":"https:\/\/www.europesays.com\/es\/wp-json\/wp\/v2\/categories?post=274057"},{"taxonomy":"post_tag","embeddable":true,"href":"https:\/\/www.europesays.com\/es\/wp-json\/wp\/v2\/tags?post=274057"}],"curies":[{"name":"wp","href":"https:\/\/api.w.org\/{rel}","templated":true}]}}