{"id":274059,"date":"2025-12-06T10:50:09","date_gmt":"2025-12-06T10:50:09","guid":{"rendered":"https:\/\/www.europesays.com\/es\/274059\/"},"modified":"2025-12-06T10:50:09","modified_gmt":"2025-12-06T10:50:09","slug":"la-juventud-de-santa-cruz-disfruta-del-tardeo-navideno-de-distrito-joven","status":"publish","type":"post","link":"https:\/\/www.europesays.com\/es\/274059\/","title":{"rendered":"La juventud de Santa Cruz disfruta del Tardeo Navide\u00f1o de Distrito Joven"},"content":{"rendered":"<p>La iniciativa reuni\u00f3 a j\u00f3venes de todos los distritos en una tarde de m\u00fasica, juegos y talleres navide\u00f1os en la Explanada Puerto-Ciudad.<\/p>\n<p>El programa municipal Distrito Joven celebr\u00f3 una nueva edici\u00f3n del Tardeo Juvenil Navide\u00f1o, un encuentro desarrollado en la zona Explanada Puerto\u2013Ciudad que reuni\u00f3 a j\u00f3venes de todos los distritos de Santa Cruz en una tarde de convivencia, creatividad y participaci\u00f3n. La actividad incluy\u00f3 un taller musical de villancicos interpretados con panderetas, claves y otros instrumentos, una sesi\u00f3n compartida de juegos de mesa, adem\u00e1s de un taller de maquillaje festivo pensado para ofrecer ideas y t\u00e9cnicas de cara a las celebraciones navide\u00f1as.<\/p>\n<p>El ambiente creativo se complet\u00f3 con un taller de manualidades en el que las y los participantes elaboraron adornos para el \u00e1rbol de Navidad utilizando fieltro y otros materiales decorativos, as\u00ed como una actividad para personalizar talegas navide\u00f1as, que los j\u00f3venes pudieron llevarse como recuerdo. El encuentro, concebido como un espacio de convivencia entre adolescentes y j\u00f3venes del municipio, reforz\u00f3 la idea de celebrar la Navidad de forma participativa y comunitaria, favoreciendo el intercambio entre grupos y el trabajo conjunto.<\/p>\n<p>El alcalde de Santa Cruz, Jos\u00e9 Manuel Berm\u00fadez, record\u00f3 que \u201cla ciudad volvi\u00f3 a demostrar su capacidad para generar espacios de convivencia intergeneracional con el Tardeo +60 y, ahora, con el Tardeo Juvenil de Distrito Joven. Dos iniciativas muy distintas, pero unidas por un mismo objetivo: ofrecer alternativas de ocio saludable, cercanas y din\u00e1micas para todas las edades\u201d. Berm\u00fadez subray\u00f3 que \u201cSanta Cruz sigue avanzando en un modelo de ciudad que apuesta por la participaci\u00f3n, la cultura y el encuentro comunitario, donde ni\u00f1os, j\u00f3venes, familias y mayores encuentran propuestas pensadas para ellos en todos los distritos\u201d.<\/p>\n<p>Por su parte, la concejala de Juventud y Educaci\u00f3n, Char\u00edn Gonz\u00e1lez, destac\u00f3 \u201cla excelente acogida que tuvo el Tardeo Juvenil entre chicos y chicas de distintos barrios\u201d, y valor\u00f3 especialmente que \u201cse generara un ambiente participativo, creativo y seguro, donde los j\u00f3venes pudieron compartir m\u00fasica, juegos, talleres y el esp\u00edritu navide\u00f1o que caracteriza este mes\u201d. <\/p>\n<p>Char\u00edn Gonz\u00e1lez se\u00f1al\u00f3 que actividades como esta \u201cconfirman que cuando se programa pensando en los intereses reales de la juventud, la respuesta es inmediata y muy positiva\u201d. A\u00f1adi\u00f3, adem\u00e1s, que este tipo de encuentros \u201crefuerzan la cohesi\u00f3n entre los diferentes distritos y permiten que los j\u00f3venes utilicen el espacio p\u00fablico como lugar de convivencia y expresi\u00f3n\u201d.<\/p>\n<p><b>Una programaci\u00f3n amplia y diversa <\/b><\/p>\n<p>Durante el mes de diciembre, el Ayuntamiento de Santa Cruz ha puesto en marcha una programaci\u00f3n amplia y diversa dentro del marco de Distrito Joven, que combina actividades formativas, creativas, tecnol\u00f3gicas y de ocio saludable en distintos espacios municipales. A lo largo del mes se desarrollan cursos peri\u00f3dicos, sesiones de refuerzo de habilidades, din\u00e1micas participativas y actividades especiales vinculadas al ambiente navide\u00f1o, ofreciendo alternativas accesibles para j\u00f3venes de todos los barrios.<\/p>\n<p>La agenda incluye propuestas de formaci\u00f3n digital, actividades de expresi\u00f3n art\u00edstica y esc\u00e9nica, talleres de creatividad y manualidades, sesiones de ocio alternativo, encuentros juveniles y iniciativas al aire libre, reforzando el objetivo municipal de generar espacios seguros, educativos y atractivos para la juventud. Con una oferta distribuida semanalmente, diciembre se consolida como un mes clave para la participaci\u00f3n juvenil, promoviendo el aprendizaje pr\u00e1ctico, el trabajo en equipo y la convivencia.<\/p>\n","protected":false},"excerpt":{"rendered":"La iniciativa reuni\u00f3 a j\u00f3venes de todos los distritos en una tarde de m\u00fasica, juegos y talleres navide\u00f1os&hellip;\n","protected":false},"author":2,"featured_media":274060,"comment_status":"","ping_status":"","sticky":false,"template":"","format":"standard","meta":{"footnotes":""},"categories":[5],"tags":[17,18,25,24,13,14,11,19,20,9,10,15,16,23,12,21,22],"class_list":{"0":"post-274059","1":"post","2":"type-post","3":"status-publish","4":"format-standard","5":"has-post-thumbnail","7":"category-titulares","8":"tag-breaking-news","9":"tag-breakingnews","10":"tag-es","11":"tag-espana","12":"tag-featured-news","13":"tag-featurednews","14":"tag-headlines","15":"tag-latest-news","16":"tag-latestnews","17":"tag-news","18":"tag-noticias","19":"tag-noticias-destacadas","20":"tag-noticiasdestacadas","21":"tag-spain","22":"tag-titulares","23":"tag-ultimas-noticias","24":"tag-ultimasnoticias"},"share_on_mastodon":{"url":"https:\/\/pubeurope.com\/@es\/115672240814524964","error":""},"_links":{"self":[{"href":"https:\/\/www.europesays.com\/es\/wp-json\/wp\/v2\/posts\/274059","targetHints":{"allow":["GET"]}}],"collection":[{"href":"https:\/\/www.europesays.com\/es\/wp-json\/wp\/v2\/posts"}],"about":[{"href":"https:\/\/www.europesays.com\/es\/wp-json\/wp\/v2\/types\/post"}],"author":[{"embeddable":true,"href":"https:\/\/www.europesays.com\/es\/wp-json\/wp\/v2\/users\/2"}],"replies":[{"embeddable":true,"href":"https:\/\/www.europesays.com\/es\/wp-json\/wp\/v2\/comments?post=274059"}],"version-history":[{"count":0,"href":"https:\/\/www.europesays.com\/es\/wp-json\/wp\/v2\/posts\/274059\/revisions"}],"wp:featuredmedia":[{"embeddable":true,"href":"https:\/\/www.europesays.com\/es\/wp-json\/wp\/v2\/media\/274060"}],"wp:attachment":[{"href":"https:\/\/www.europesays.com\/es\/wp-json\/wp\/v2\/media?parent=274059"}],"wp:term":[{"taxonomy":"category","embeddable":true,"href":"https:\/\/www.europesays.com\/es\/wp-json\/wp\/v2\/categories?post=274059"},{"taxonomy":"post_tag","embeddable":true,"href":"https:\/\/www.europesays.com\/es\/wp-json\/wp\/v2\/tags?post=274059"}],"curies":[{"name":"wp","href":"https:\/\/api.w.org\/{rel}","templated":true}]}}