{"id":274065,"date":"2025-12-06T10:59:14","date_gmt":"2025-12-06T10:59:14","guid":{"rendered":"https:\/\/www.europesays.com\/es\/274065\/"},"modified":"2025-12-06T10:59:14","modified_gmt":"2025-12-06T10:59:14","slug":"arturo-ruiz-priorizamos-mucho-el-bienestar-psicologico-de-las-jugadoras","status":"publish","type":"post","link":"https:\/\/www.europesays.com\/es\/274065\/","title":{"rendered":"Arturo Ruiz: \u201cPriorizamos mucho el bienestar psicol\u00f3gico de las jugadoras\u201d"},"content":{"rendered":"<p class=\"\">En algo m\u00e1s de a\u00f1o y medio, <b>Arturo Ruiz (Madrid, 1997) ha pasado de entrenar al Atl\u00e9tico C en 2\u00aa RFEF,<\/b> categor\u00eda de bronce, a ser considerado uno de los mejores entrenadores de la Liga F Moeve. <b>Logr\u00f3 el objetivo europeo <\/b>del primer equipo rojiblanco en su estreno en la m\u00e1xima categor\u00eda, <b>hizo del Granada la revelaci\u00f3n de la temporada pasada<\/b> y ahora<b> ha devuelto los aires de grandeza a una Real Sociedad<\/b> que <a href=\"https:\/\/as.com\/futbol\/femenino\/edna-humaniza-al-barcelona-f202511-n\/\" target=\"_self\" rel=\"nofollow noopener\" title=\"https:\/\/as.com\/futbol\/femenino\/edna-humaniza-al-barcelona-f202511-n\/\">ya se impuso al Barcelona este curso<\/a>. \u201cMe han pasado muchas cosas muy r\u00e1pido\u201d, afirma en su visita a AS<a href=\"https:\/\/as.com\/resultados\/futbol\/primera_femenina\/2025_2026\/directo\/regular_a_13_68644dbad5c3481\/\" target=\"_self\" rel=\"nofollow noopener\" title=\"https:\/\/as.com\/resultados\/futbol\/primera_femenina\/2025_2026\/directo\/regular_a_13_68644dbad5c3481\/\"> antes de visitar al Real Madrid con las txuri-urdin<\/a>, a las que tiene en la segunda plaza&#8230;<\/p>\n<p class=\"\"><b>\u2014Llega del par\u00f3n de diciembre con la Real Sociedad segunda, \u00bflo esperaba?<\/b><\/p>\n<p class=\"\">\u2014Bueno, estamos muy felices. En los inicios de nuevos proyectos, con entrenador, jugadoras y parte del staff, crearse expectativas a corto plazo no es lo bueno y creo que nuestros objetivos fueron los correctos: formar un equipo s\u00f3lido y reconocible desde el inicio y afortunadamente los resultados est\u00e1n acompa\u00f1ando al trabajo hecho por el equipo y el staff en estos primeros meses. Somos conscientes de la dificultad de los partidos que vienen, pero estamos satisfechos con lo que vemos. <\/p>\n<p class=\"\"><b>\u2014Habla de objetivos a corto plazo, en los del medio-largo, \u00bfest\u00e1 la clasificaci\u00f3n para Champions?<\/b><\/p>\n<p class=\"\">\u2014Desde el inicio, antes de la llegada, sonaba entre las expectativas, pero creo que lo que mejor hemos hecho ha sido ajustar ese tema y centrarnos en el corto plazo. Ojal\u00e1 en unos meses, a final de temporada, podamos luchar por ello y terminar en una posici\u00f3n elevada. <\/p>\n<p class=\"\"><b>\u2014\u00bfY la Copa? Es una competici\u00f3n muy especial para la Real, que la gan\u00f3 en 2019, y para usted, que lleg\u00f3 a unas hist\u00f3ricas semifinales para el Granada&#8230;<\/b><\/p>\n<p class=\"\">\u2014S\u00ed, las jugadoras me han dicho que es una competici\u00f3n muy especial. Es cierto que nos queda jugar contra Real Madrid y Deportivo antes de volvernos a enfrentar all\u00ed, en A Coru\u00f1a, al Deportivo en octavos de final. Sin duda, va a ser muy especial, yo tambi\u00e9n tengo muchas ganas de empezar esta competici\u00f3n con el equipo porque me han dicho que es muy importante para el club. <\/p>\n<p class=\"\"><b>\u2014\u00bfC\u00f3mo la vivi\u00f3 con el Granada?<\/b><\/p>\n<p class=\"\">\u2014Se esperaba menos de lo que conseguimos y logramos algo que nunca hab\u00eda sucedido que fue llegar a esas semifinales, que las disfrutamos mucho, contra el Atl\u00e9tico de Madrid. Fueron especiales y en las jugadoras fue muy importante la energ\u00eda con la que afrontaban esos partidos, nunca lo olvidar\u00e9. Fue una de las experiencias bonitas de la temporada pasada en el Granada. <\/p>\n<p class=\"\"><b>\u2014\u00bfC\u00f3mo se fragua su fichaje por la Real Sociedad?<\/b><\/p>\n<p class=\"\">\u2014Ya casi al final de temporada saben que Jos\u00e9 (S\u00e1nchez Vera) no va a continuar y soy la primera persona con la que contactan. Hicimos una serie de entrevistas telem\u00e1ticas y una presencial y antes de que terminase decid\u00ed firmar con la Real Sociedad. A los compa\u00f1eros que ven\u00edan conmigo tambi\u00e9n les ilusionaba y todo se cerr\u00f3 pronto, lo tuvimos claro. <\/p>\n<blockquote class=\"a_q\">\n<p>\u201cPriorizamos mucho el bienestar psicol\u00f3gico de las jugadoras\u201d<\/p>\n<p>Arturo Ruiz, entrenador de la Real Sociedad<\/p><\/blockquote>\n<p class=\"\"><b>\u2014\u00bfQu\u00e9 parte del <\/b><b>staff <\/b><b>ha venido con usted?<\/b><\/p>\n<p class=\"\">\u2014Les propuse venir al segundo entrenador y al analista, y es lo que acord\u00e9 con el club para esta primera temporada. Tambi\u00e9n quiero destacar la profesionalidad del resto del staff, que somos muchos y muchas y que estaban ya en el club, y tambi\u00e9n ha habido fichajes este verano para el staff. Hemos hecho un equipo dentro del equipo, muy s\u00f3lido, comprometido, con una conversaci\u00f3n y un d\u00eda a d\u00eda muy sano. Y dir\u00eda que uno de mis pilares a la hora de trabajar es ese, construir un equipo en el que todo el mundo sea muy protagonista dentro de su parcela y que todas las partes est\u00e9n sincronizadas, y priorizamos mucho el bienestar psicol\u00f3gico de las jugadoras y el bienestar en el d\u00eda a d\u00eda de las jugadoras. A partir de ah\u00ed viene todo lo dem\u00e1s, esa es la base y es lo que hemos construido esta pretemporada. Luego ya nos ponemos con todo lo t\u00e1ctico, los principios f\u00edsicos y el bienestar de la jugadora con servicios m\u00e9dicos. Uniendo todas esas piezas hacemos un gran d\u00eda a d\u00eda en el equipo y creo que es algo que tambi\u00e9n he conseguido las temporadas anteriores, as\u00ed es como entiendo yo el alto rendimiento. <\/p>\n<p class=\"\"><b>\u2014El club ven\u00eda reforzando la apuesta por el \u00e1rea de femenino, \u00bfeso tambi\u00e9n le ayud\u00f3 a decidirse?<\/b><\/p>\n<p class=\"\">\u2014S\u00ed, lo que m\u00e1s me convenci\u00f3 fue esa mirada a medio-largo plazo. No solo se enfocaban en esta temporada y adem\u00e1s los valores del club van acordes a lo que yo pienso y me siento c\u00f3modo. Pienso que estamos construyendo para el futuro, est\u00e9 yo el tiempo que est\u00e9, y desde las instalaciones y en los c\u00f3mos del d\u00eda a d\u00eda y la estructura del club se ve.<\/p>\n<p class=\"\"><b>\u2014Hablaba del bienestar psicol\u00f3gico de las jugadoras, \u00bfcu\u00e1nto peso cree que tiene este factor en el alto rendimiento?<\/b><\/p>\n<p class=\"\">\u2014Responder\u00eda que m\u00e1s de un 25%. Siempre se habla de los cuatro pilares: t\u00e9cnico, t\u00e1ctico, f\u00edsico y psicol\u00f3gico. Pero creo que para m\u00ed tiene m\u00e1s valor porque las jugadoras y los jugadores, independientemente del g\u00e9nero, vienen con menos formaci\u00f3n o tienen menos incluido el entrenamiento mental y creo que la inclusi\u00f3n de la psicolog\u00eda deportiva desde el staff y el trabajo externo de las jugadoras es vital. Ahora cada vez est\u00e1 m\u00e1s incluido, afortunadamente, pero creo que si no funciona esa pata ninguno de los otros tres factores se desarrolla en plenitud. Sin embargo, si f\u00edsicamente no est\u00e1s del todo bien, que en alto rendimiento suele pasar, puedes seguir rindiendo a un gran nivel. Igual que si vienes con limitaciones t\u00e1cticas puedes aprender y tambi\u00e9n variar en tu nivel t\u00e9cnico. El factor psicol\u00f3gico es trascendental. <\/p>\n<p class=\"\"><b>\u2014\u00bfQu\u00e9 tal en Donostia?<\/b><\/p>\n<p class=\"\">\u2014Muy bien, estamos muy felices. Tenemos muy bien montado nuestro d\u00eda a d\u00eda a nivel de cercan\u00eda para compatibilizar todas nuestras actividades y tanto el ocio como la vida profesional la estamos disfrutando mucho. Nos ha hecho muy buen tiempo hasta ahora, ahora vienen los meses dif\u00edciles, pero disfrut\u00e1ndola mucho. <\/p>\n<p class=\"\"><b>\u2014\u00bfY en Anoeta?<\/b><\/p>\n<p class=\"\">\u2014Muy especial. Lo agradecemos mucho, tratamos de hacer nuestro mejor partido. Hab\u00edamos ido unos d\u00edas antes para visualizar lo que iba a ser el partido, lo visualizamos y preparamos el partido lo mejor posible. El resultado no fue el que nos habr\u00eda gustado ni tampoco los c\u00f3mos, pero lo importante fue el aprendizaje para futuros d\u00edas en los que juguemos en estadios grandes y, sobre todo, en Anoeta, que ojal\u00e1 se repita mucho. Lo haremos mucho mejor en las siguientes veces. <\/p>\n<p><img decoding=\"async\" src=\"https:\/\/www.europesays.com\/es\/wp-content\/uploads\/2025\/12\/HAQAKOOXX5MGJCIQJQZGULBNZA.jpg\" alt=\"Arturo Ruiz: \u201cPriorizamos mucho el bienestar psicol\u00f3gico de las jugadoras\u201d\" height=\"5264\" width=\"7463\"   loading=\"lazy\"\/>28\/11\/25<br \/>\nENTREVISTA<br \/>\nARTURO RUIZ VISITA REDACCION DIARIO AS DIARIOASJUAN AGUADO<\/p>\n<p class=\"\"><b>\u2014\u00bfC\u00f3mo ve el poco crecimiento de la asistencia a partidos de la Liga F?<\/b><\/p>\n<p class=\"\">\u2014El otro d\u00eda vi un dato de unas 1.200 personas de media por partido. No s\u00e9 si se tiene en cuenta ah\u00ed cuando se abren estadios, que entonces quiz\u00e1 est\u00e9 tergiversada. Creo que es una cuesti\u00f3n de RFEF y sobre todo Liga F y clubes el ver c\u00f3mo podemos llevar m\u00e1s gente a los campos porque desde nuestro punto de vista solo podemos ofrecer el mejor juego y el mayor nivel medio de todos los equipos y que est\u00e9n lo mejor preparados posibles, lo que nos remite a las jugadoras y a la parte m\u00e1s t\u00e9cnica para que el producto sea lo m\u00e1s atractivo posible a nivel de juego. Todo lo que est\u00e9 por encima de esto se nos escapa un poco de las menos, pero s\u00ed que es cierto que en otros pa\u00edses se ve que s\u00ed se evoluciona en esa asistencia, en las instalaciones, recursos&#8230; Y claro que queremos avanzar a un ritmo m\u00e1s elevado. A nivel de club, estoy encantado, somos una de las aficiones que mas influyen en el juego a nivel positivo para nosotras y a nivel de presencia para los rivales. Lo he vivido como entrenador rival dos veces, en Zubieta con Granada y Atl\u00e9tico, y ahora estoy encantado de tener detr\u00e1s a todas las personas que tenemos en el Estadio Zubieta en nuestros partidos como locales.<\/p>\n<blockquote class=\"a_q\">\n<p>\u201cAnte el Barcelona tanto los factores que depend\u00edan de nosotras como los que no se dieron a nuestro favor\u201d<\/p>\n<p>Arturo Ruiz, entrenador de la Real Sociedad<\/p><\/blockquote>\n<p class=\"\"><b>\u2014As\u00ed dieron la primera sorpresa de la temporada ganando al Barcelona&#8230;<\/b><\/p>\n<p class=\"\">\u2014Zubieta estaba pr\u00e1cticamente lleno y fue una semana en la que el equipo ten\u00eda toda la tranquilidad y la convicci\u00f3n de cualquier otro partido. No cambiamos nada, m\u00e1s all\u00e1 de lo que te exige el rival a nivel de plan de partido, y creo que mantener esa rutina, esa tranquilidad y afrontarlo desde la confianza es lo que hizo que ese d\u00eda desarroll\u00e1ramos un muy bien partido y tanto los factores que depend\u00edan de nosotras como los que no se dieron a nuestro favor y se consigui\u00f3 ese resultado positivo. <\/p>\n<p class=\"\"><b>\u2014En los \u00faltimos a\u00f1os la Real ven\u00eda siendo goleada, \u00bflas jugadoras confiaban en ganar en la previa?<\/b><\/p>\n<p class=\"\">\u2014Sin duda, un rotundo s\u00ed. Durante toda la semana lo preparamos lo mejor posible y est\u00e1bamos convencidas de que pod\u00edamos hacer un gran partido y esa era la clave para poder puntuar y as\u00ed fue. <\/p>\n<p class=\"\"><b>\u2014\u00bfC\u00f3mo han preparado durante el par\u00f3n la visita al Real Madrid?<\/b><\/p>\n<p class=\"\">\u2014En la primera semana nos centramos en nosotras y desde el lunes tenemos sesiones de entrenamiento m\u00e1s que suficientes para preparar un enfrentamiento ante un rival al que sabemos qu\u00e9 queremos proponer. Los dos equipos estamos en la parte alta de la clasificaci\u00f3n y creo que veremos un grand\u00edsimo partido en Valdebebas. <\/p>\n<p class=\"\"><b>\u2014El Real Madrid tiene m\u00e1s internacionales y se suele debatir entre la carga de minutos del par\u00f3n de selecciones frente a lo que afecta a las jugadoras no competir dos semanas, \u00bfqu\u00e9 piensa?<\/b><\/p>\n<p class=\"\">\u2014Pienso que influye. Las jugadoras que van a Selecci\u00f3n, salvo en nuestro caso, con Edna que es su primera vez, est\u00e1n muy acostumbradas a esa rutina, van tanto en categor\u00edas inferiores como en absolutas desde hace tiempo y lo controlan bien. Hay que tener en cuenta los minutos disputados en el \u00faltimo partido, sobre todo, y a partir de ah\u00ed ajustar muy bien las cargas para que el s\u00e1bado lleguen en las mejores condiciones. No es dif\u00edcil, s\u00ed influye por perderse las primeras sesiones de entrenamiento, pero luego con v\u00eddeo y reuniones a nivel individual se ajusta y se llega muy bien al partido. <\/p>\n<blockquote class=\"a_q\">\n<p>\u201cLa evoluci\u00f3n t\u00e1ctica es muy clara en el Madrid, tambi\u00e9n a nivel psicol\u00f3gico y competitivo han dado un paso adelante\u201d<\/p>\n<p>Arturo Ruiz, entrenador de la Real Sociedad<\/p><\/blockquote>\n<p class=\"\"><b>\u2014\u00bfC\u00f3mo ve al equipo blanco con Pau Quesada?<\/b><\/p>\n<p class=\"\">\u2014Creo que es muy influyente, yo lo veo en los equipos que estrenan entrenador esta temporada o si es la segunda o tercera campa\u00f1a al frente. Tanto en mi equipo como en el Real Madrid u otros se ve. Creo que la evoluci\u00f3n t\u00e1ctica, a nivel de intenciones es muy clara en el Madrid, tambi\u00e9n a nivel psicol\u00f3gico y competitivo han dado un paso adelante muy importante y por encima de todo a nivel individual, la calidad de todas las jugadoras y esa variabilidad que pueden tener con el banquillo que tienen cada d\u00eda hacen que el Real Madrid sea un equipo mucho mejor ahora que al inicio de temporada. Est\u00e1n en un gran momento, tambi\u00e9n ahora se van a jugar el pasar a la siguiente fase de Champions en los dos partidos que les quedan, uno de ellos pocos d\u00edas despu\u00e9s de jugar contra nosotras, y pienso que seguir\u00e1n evolucionando y har\u00e1n muy buena temporada. <\/p>\n<p class=\"\"><b>\u2014\u00bfQu\u00e9 le parece el nivel de Linda?<\/b><\/p>\n<p class=\"\">\u2014Tenemos muy claro cu\u00e1les son sus jugadoras m\u00e1s destacadas o cu\u00e1les est\u00e1n en su mejor momento, que eso es muy inteligente en alto rendimiento. Llevamos estas dos semanas analizando al rival para cerrar el plan y tanto Lakrar, como Linda o Weir est\u00e1n en un gran momento. Concretamente con Linda tenemos muy claro el plan de partido y quiz\u00e1s te lo cuente a final de temporada cuando ya hayamos jugado contra ellas&#8230; Veremos si sale bien o no, pero tenemos claro lo que queremos hacer contra ella y juegue lo que juegue, espero que se nos d\u00e9 muy bien el plano defensivo. <\/p>\n<p class=\"\"><b>\u2014Como ex del Atl\u00e9tico, \u00bfes especial visitar el Di St\u00e9fano?<\/b><\/p>\n<p class=\"\">\u2014A m\u00ed me motivan exactamente igual todos los partidos, pero es verdad que jugar partidos como el del s\u00e1bado tiene una pizca de especial.<\/p>\n<p><img decoding=\"async\" src=\"https:\/\/www.europesays.com\/es\/wp-content\/uploads\/2025\/12\/MSEZCNUT64YHICOGBRPOJPYNZI.jpg\" alt=\"Arturo Ruiz: \u201cPriorizamos mucho el bienestar psicol\u00f3gico de las jugadoras\u201d\" height=\"2939\" width=\"4409\"   loading=\"lazy\"\/>11\/05\/24&#13;<br \/>\nREAL MADRID &#8211; ATLETICO DE MADRID&#13;<br \/>\nTORIL&#13;<br \/>\nARTURO RUIZEDUARDO CANDEL REVIEJO<\/p>\n<p class=\"\"><b>\u2014Es la segunda temporada que entrena a <\/b><a href=\"https:\/\/as.com\/futbol\/femenino\/edna-es-la-guinda-que-falta-al-pastel-f202511-n\/\" target=\"_self\" rel=\"nofollow noopener\" title=\"https:\/\/as.com\/futbol\/femenino\/edna-es-la-guinda-que-falta-al-pastel-f202511-n\/\"><b>Edna Imade<\/b><\/a><b>,\u00bfc\u00f3mo la definir\u00eda y qu\u00e9 puede aportar a la Selecci\u00f3n?<\/b><\/p>\n<p class=\"\">\u2014Puede aportar un nuevo registro y variabilidad. Creo que puede dar un registro diferente porque no es la jugadora t\u00edpica o de perfil de la Selecci\u00f3n espa\u00f1ola, simplemente por sus caracter\u00edsticas, le vendr\u00e1 bien para ampliar el abanico y hacer una Selecci\u00f3n m\u00e1s vers\u00e1til. Llevo m\u00e1s de un a\u00f1o entren\u00e1ndola, en dos contextos diferentes, y lo que m\u00e1s destaco de ella es su predisposici\u00f3n a mejorar, su humildad, siempre viene con much\u00edsimas ganas de trabajar, su alto grado de profesionalidad, que lo ha terminado de aprender, y sus virtudes se ven muy claramente. Sus aspectos a mejorar los hablo yo con ella y los trabajo con ella junto al resto de staff e insisto sus ganas de ser mejor cada d\u00eda la hacen crecer as\u00ed de r\u00e1pido y disfrutar del juego y las cifras que ofrece. <\/p>\n<p class=\"\">\u2014<b>Edna ha pasado de Primera RFEF a la Selecci\u00f3n en apenas dos a\u00f1os. Es un caso muy peculiar&#8230;<\/b><\/p>\n<p class=\"\">\u2014S\u00ed, y desde su historia personal, que ya todos la conocemos, porque como comento con ella ya se ha hecho famosa en el \u00faltimo a\u00f1o. Le han pasado muchas cosas muy r\u00e1pido y esa capacidad de equilibrar a nivel mental todo lo que le ha sucedido en los \u00faltimos 16 meses es una gran virtud. Ella tiene unas razones muy profundas por las que jugar al f\u00fatbol y por qu\u00e9 se esfuerza tanto d\u00eda a d\u00eda y tiene una gran capacidad cuando juega y entrena de centrarse y asimilar todo lo que le viene de fuera. Es una crack en eso. <\/p>\n<p class=\"\"><b>\u2014Las j\u00f3venes de Zubieta tambi\u00e9n tienen relevancia para su Real Sociedad. <\/b><\/p>\n<p class=\"\">\u2014Enorme. Se ve en el porcentaje de jugadoras que se han formado en la Real Sociedad. Semanalmente contamos con nuestro filial, que nos est\u00e1 ayudando much\u00edsimo porque hemos tenido dos periodos en la temporada con muchas lesionadas. Este es un club con unidades, una estructura de desarrollo y una capacidad formativa muy elevada y eso ayuda a que cuando viene un entrenador de fuera, en este caso al primer equipo, se pueda evolucionar a un ritmo muy elevado. Es muy importante la cantera para nosotros y lo demostramos con fichas en primer equipo y los minutos que tienen. <\/p>\n<p class=\"\"><b>\u2014Una de las que est\u00e1n destacando es Aiara Agirrezabala, \u00bfqu\u00e9 futuro le augura?<\/b><\/p>\n<p class=\"\">\u2014Es un diamante en bruto, tiene que terminar su proceso de formaci\u00f3n, no podemos olvidar su edad (17 a\u00f1os) y se ve perfectamente que hay partidos y contextos que los lee mejor, otros menos bien y eso entra dentro de lo normal. Estamos encantados con tenerla, es una fuera de serie y a partir de ah\u00ed seguiremos trabajando para terminar con su formaci\u00f3n y seguir creciendo con el rendimiento con ella. <\/p>\n<p class=\"\"><b>\u2014\u00bfQu\u00e9 le est\u00e1 pareciendo el funcionamiento del FVS?<\/b><\/p>\n<p class=\"\">\u2014Para m\u00ed la clasificaci\u00f3n estar\u00eda muy distinta a c\u00f3mo est\u00e1 sin la introducci\u00f3n de esta herramienta, por lo que poco m\u00e1s que hablar, aporta justicia y con el paso del tiempo habr\u00e1 que emplearla a\u00fan mejor. Creo que ha sido muy importante que en las primeras jornadas todo lo revisaban las primeras \u00e1rbitras y eso demoraba un poco el tema del tiempo, yo que estoy al lado y veo la pantalla cuando revisan, todav\u00eda se tarda tiempo en poner los frames o las im\u00e1genes correctas para poder revisar. No es una cuesti\u00f3n de que tarden tiempo en interpretar, sino algo m\u00e1s t\u00e9cnico, que se debe dar antes con la imagen que ayuda a la \u00e1rbitra. Creo que el proceso es muy bueno, pero lento. Pienso que es muy bueno que los entrenadores tengamos que pedir, en comunicaci\u00f3n con nuestras jugadoras, porque da tambi\u00e9n responsabilidad a los equipos y creo que se est\u00e1 viendo, sobre todo, que hay muchos penaltis y otras acciones que no se se\u00f1alaban en el directo y s\u00ed se est\u00e1n se\u00f1alando, tambi\u00e9n los goles, rojas directas y dem\u00e1s. Creo que est\u00e1 ayudando al crecimiento de Liga F y me parece un paso adelante para el f\u00fatbol femenino.<\/p>\n<p class=\"\"><b>\u2014\u00bfEn base a qu\u00e9 factores toma la decisi\u00f3n de pedir la revisi\u00f3n o no teniendo solo dos oportunidades?<\/b><\/p>\n<p class=\"\">\u2014Hemos tenido en nuestros 12 partidos de todo. Tengo una gran relaci\u00f3n y comunicaci\u00f3n con mis jugadoras, hay veces que han sido ellas las que me lo han pedido, otras que lo he hecho yo, pero lo bueno es que tenemos una gran confianza y creo que las \u00e1rbitras est\u00e1n estando muy acertadas cuando hay una decisi\u00f3n pol\u00e9mica en preguntar de un modo fluido si queremos o no revisi\u00f3n para reanudara el juego. Por parte de todo el mundo se est\u00e1 llevando muy bien. Veo partidos en televisi\u00f3n y s\u00e9 que pasa mucho tiempo en las revisiones. Hay que continuar mejorando.<\/p>\n<p class=\"\"><b>\u2014Tambi\u00e9n habr\u00e1 quitado presi\u00f3n a las \u00e1rbitras&#8230;<\/b><\/p>\n<p class=\"\">\u2014S\u00ed, sobre todo tras la temporada anterior que se habl\u00f3 mucho de ellas. Creo que les ayuda, es algo muy positivo para ellas y arbitrar\u00e1n m\u00e1s equilibradas. <\/p>\n<p><img decoding=\"async\" src=\"https:\/\/www.europesays.com\/es\/wp-content\/uploads\/2025\/12\/H7E7H27DK5OGDBWPW7SUIHJ4WA.jpg\" alt=\"Arturo Ruiz: \u201cPriorizamos mucho el bienestar psicol\u00f3gico de las jugadoras\u201d\" height=\"5539\" width=\"7401\"   loading=\"lazy\"\/>28\/11\/25<br \/>\nENTREVISTA<br \/>\nARTURO RUIZ VISITA REDACCION DIARIO AS DIARIOASJUAN AGUADO<\/p>\n<p class=\"\"><b>\u2014\u00bfCu\u00e1ndo empieza su relaci\u00f3n con el f\u00fatbol y despu\u00e9s con los banquillos?<\/b><\/p>\n<p class=\"\">\u2014Con el f\u00fatbol a los cuatro a\u00f1os, cuando mi madre nos inscribe a muchos de mis amigos y a m\u00ed en un club de mi barrio para jugar. Yo dej\u00e9 de jugar ya hace no mucho y como entrenador decid\u00ed hace diez a\u00f1os, cuando ten\u00eda 18, que quer\u00eda intentar ser entrenador profesional. Estudi\u00e9 todas las titulaciones, mi formaci\u00f3n universitaria tambi\u00e9n estuvo dirigida a ello y cada a\u00f1o he estado en un contexto que considero mejor. Tambi\u00e9n desde la psicolog\u00eda deportiva como desde el entrenamiento como entrenador, llevo diez a\u00f1os ya y estoy muy contento de estar cumpliendo mi sue\u00f1o profesional. <\/p>\n<p class=\"\"><b>\u2014Echando la vista atr\u00e1s, \u00bfse pod\u00eda imaginar que lo de cumplir ese sue\u00f1o profesional fuera en la Liga femenina?<\/b><\/p>\n<p class=\"\">\u2014Dir\u00eda que no, no pensaba en eso. Tuve una primera experiencia, hace ya muchos a\u00f1os, en f\u00fatbol femenino, en Estados Unidos, en un verano entrenando en campus, con chicas y chicos, cambi\u00e1bamos en funci\u00f3n de la semana. Pero el f\u00fatbol femenino me llega a trav\u00e9s del Atl\u00e9tico de Madrid hace cinco temporadas y estuve all\u00ed cuatro campa\u00f1as, luego en el Granada y ahora esta en la Real. Dir\u00eda que no iba a ser en f\u00fatbol femenino, pero ha sido as\u00ed y estoy muy contento por ello. <\/p>\n<p class=\"\"><b>\u2014\u00bfC\u00f3mo fue esa experiencia en cantera con las jugadoras?<\/b><\/p>\n<p class=\"\">\u2014Muy bien, tanto formando parte del staff del segundo filial, luego paso a primer entrenador en el juvenil, luego primer entrenador del filial durante temporada y media apr\u00f3ximadamente, hasta que paso a primer equipo. Paso por distintos equipos, me sirvi\u00f3 para conocer a grandes profesionales, con muchos guardo muy buena relaci\u00f3n y el contacto y, sobre todo, la calidad de las jugadoras. Entrenar en la cantera del Atl\u00e9tico fue algo clave para cuando me lleg\u00f3 la oportunidad de entrenar en Primera llegar con unas sensaciones de ser muy competente y sentirme muy bien y de poder estar a la altura del f\u00fatbol profesional. La etapa en la cantera del Atl\u00e9tico fue muy importante. <\/p>\n<p class=\"\"><b>\u2014Ha dejado, de hecho, la sensaci\u00f3n en la afici\u00f3n del Atl\u00e9tico de que le dejaron escapar. No s\u00e9 si le llegan mensajes sobre ello&#8230;<\/b><\/p>\n<p class=\"\">\u2014S\u00ed, m\u00e1s all\u00e1 de los mensajes de redes sociales, tengo la suerte de que algunas personas me lo dicen. Yo sal\u00ed muy bien del Atleti y voy a tener siempre las puertas abiertas. A partir de ah\u00ed pues tengo mi foco en la Real Sociedad. S\u00e9 que tanto en Atl\u00e9tico como en Granada todo empez\u00f3 y acab\u00f3 muy bien. Son muy importantes para m\u00ed. <\/p>\n<blockquote class=\"a_q\">\n<p>\u201cEl f\u00fatbol que hemos planteado en los tres equipos que ha estado estuvo muy influenciado por mi formaci\u00f3n en la cantera del Atl\u00e9tico\u201d<\/p>\n<p>Arturo Ruiz, exentrenador del Atl\u00e9tico<\/p><\/blockquote>\n<p class=\"\"><b>\u2014\u00bfQu\u00e9 tipo de f\u00fatbol le gusta que practiquen sus equipos?<\/b><\/p>\n<p class=\"\">\u2014El f\u00fatbol que hemos planteado en los tres equipos que ha estado estuvo muy influenciado por mi formaci\u00f3n en la cantera del Atl\u00e9tico. Me gusta que mis equipos sean reconocibles, que en distintos momentos del juego traten de realizar lo mismo independientemente de c\u00f3mo vaya el marcador. Ah\u00ed ponemos mucho el foco, todos los partidos tratamos de hacer el plan de partido y los patrones con los que nos sentimos muy a gusto. <\/p>\n<p class=\"\"><b>\u2014\u00bfSe ha fijado o tiene alg\u00fan referente en los banquillos?<\/b><\/p>\n<p class=\"\">\u2014A nivel de entrenadores no te puedo decir un nombre. Ha habido muchos, tanto de equipos femeninos desde que estoy en este sector como de masculino en esos primeros a\u00f1os en los que decid\u00ed dedicarme a esto. Veo muchas ruedas de prensa, escucho mucho y, sobre todo, trato de conversar con entrenadores cuando me puedo encontrar con ellos en prepartidos, eventos de la RFEF, cursos formativos u otras situaciones y creo que eso es lo que m\u00e1s me aporta. Tener una idea muy general y no cerrarme solo en lo que yo considero que es mejor, sino ir modificando, soy joven y sigo en desarrollo, pero tambi\u00e9n me siento muy a gusto con el f\u00fatbol que desarrollo actualmente. <\/p>\n<p class=\"\"><b>\u2014\u00bfAlg\u00fan mensaje o charla de esos que le haya marcado?<\/b><\/p>\n<p class=\"\">\u2014Hay muchas, sobre todo con psic\u00f3logos deportivos, desde mi amigo Nacho, que es una persona muy importante para m\u00ed. Y a nivel de entrenadores, dir\u00eda que con Daviz Aznar (ahora en la Sub-19), que ha sido uno de mis referentes dentro del f\u00fatbol femenino y me gust\u00f3 mucho conversar con \u00e9l; y dentro del masculino me gust\u00f3 mucho hablar un poco con I\u00f1igo P\u00e9rez (Rayo Vallecano). Esos son dos encuentros recientes que me han gustado y aportado mucho. <\/p>\n<p class=\"\"><b>\u2014\u00bfQu\u00e9 sue\u00f1os y objetivos tiene?<\/b><\/p>\n<p class=\"\">\u2014Solo centrarme en mi corto-medio plazo. No tengo nada m\u00e1s en mente, terminar de asentarme en el f\u00fatbol profesional. Me han pasado muchas cosas muy r\u00e1pido, pero soy muy consciente de que estoy aterrizando, tengo que seguir form\u00e1ndome, complet\u00e1ndome como entrenador y ojal\u00e1 sigan d\u00e1ndose los resultados y yendo las cosas tan bien como hasta ahora. <\/p>\n<p class=\"\"><b>\u2014Hay un debate alrededor de que los entrenadores de equipos femeninos puedan buscar llegar a la \u00e9lite o dar el salto a los banquillos masculinos, \u00bfqu\u00e9 piensa?<\/b><\/p>\n<p class=\"\">\u2014Desde el punto de vista objetivo, hablando del f\u00fatbol femenino, a lo que se refiere con \u00e9lite creo que no es correcto, hablar\u00eda de alto rendimiento y de f\u00fatbol profesional, eso s\u00ed es la realidad, pero tambi\u00e9n es un tema de vocabulario. Queda mucho por mejorar para que todo sea absolutamente profesional y que nuestra liga sea, adem\u00e1s de sostenible econ\u00f3micamente, plenamente profesional. Nuestras jugadoras referentes en la Selecci\u00f3n, hace muy poco se lo le\u00ed a Aitana, se pronuncian en ese sentido y creo que esta es la realidad y que las personas que estamos dentro no debemos ocultar que hay que seguir avanzando y profesionalizando para hablar de un f\u00fatbol \u00e9lite. Y no, mi objetivo no es que no sea entrenar en el masculino, estoy abierto a cualquier \u00e1mbito, pero actualmente pienso que el desarrollo y lo que me aporta estar en el f\u00fatbol femenino es muy grande y yo tambi\u00e9n me siento muy feliz de aportar mi d\u00eda a d\u00eda y mis esfuerzos al actual f\u00fatbol femenino. Estoy muy contento y con ganas de seguir desarroll\u00e1ndome y desarrollando la categor\u00eda. <\/p>\n<p><b>Posibles onces de Real Madrid y Real Sociedad en la jornada 13 de la Liga F<\/b><\/p>\n<p class=\"\"><b>Real Madrid<\/b>: Misa; Shei G., Roc\u00edo, M\u00e9ndez, Holmgaard; Bennison, Angeldahl, Irune; Athenea, Redondo y Linda.<\/p>\n<p class=\"\"><b>Real Sociedad<\/b>: Arrula; Emma, Luc\u00eda R., Apari, Florentino, Moraza; Andreia, Paula F., Eizagirre; Luc\u00eda Pardo y Edna.<\/p>\n<p class=\"\"><b>\u00c1rbitra<\/b>: Planes Terol (Murcia).<\/p>\n<p class=\"\"><b>Estadio<\/b>: Di St\u00e9fano.<\/p>\n<p>Noticias relacionadas<a href=\"https:\/\/as.com\/futbol\/femenino\/quesada-con-dabritz-keukelaar-y-weir-veremos-su-evolucion-dia-a-dia-f202512-n\/\" class=\"s_m_w\" title=\"El entrenador del Real Madrid habl\u00f3 en la previa de su partido ante la Real Sociedad sobre las bajas con las que cuenta actualmente.\" data-tb-link=\"\" rel=\"nofollow noopener\" target=\"_blank\"><img decoding=\"async\" src=\"https:\/\/www.europesays.com\/es\/wp-content\/uploads\/2025\/12\/KVCMVX77IRNE5BOBPRASGK5RPY.jpg\" alt=\"Quesada: \u201cCon D\u00e4britz, Keukelaar y Weir veremos su evoluci\u00f3n d\u00eda a d\u00eda\u201d \" class=\"\" height=\"9\" width=\"16\"   loading=\"lazy\" data-tb-thumbnail=\"\"\/><\/a><a href=\"https:\/\/as.com\/futbol\/femenino\/renovacion-estelar-en-el-real-madrid-linda-hasta-2031-f202511-n\/\" class=\"s_m_w\" title=\"El club blanco comunica que ampl\u00eda el contrato de la futbolista colombiana, que acababa en 2026, por cinco a\u00f1os m\u00e1s.\" data-tb-link=\"\" rel=\"nofollow noopener\" target=\"_blank\"><img decoding=\"async\" src=\"https:\/\/www.europesays.com\/es\/wp-content\/uploads\/2025\/12\/4LJYXSLYBRAXLPXFRK4L7PJYK4.png\" alt=\"Linda, renovada hasta 2031: \u201cQuiero hacer historia en el Madrid\u201d\" class=\"\" height=\"9\" width=\"16\"   loading=\"lazy\" data-tb-thumbnail=\"\"\/><\/a><\/p>\n<p class=\"\"><b>Hora<\/b>: 19:00 (DAZN\/M+).<\/p>\n<p class=\"\"><b>\u00a1Tus opiniones importan!<\/b> Comenta en los art\u00edculos y suscr\u00edbete gratis a nuestra <a href=\"https:\/\/asfan.as.com\/newsletters\/\" target=\"_blank\" rel=\"nofollow noopener\" title=\"https:\/\/asfan.as.com\/newsletters\/\">newsletter<\/a> y a las alertas informativas en la <a href=\"https:\/\/as.com\/aplicacion-de-as-n\/\" target=\"_blank\" rel=\"nofollow noopener\" title=\"https:\/\/as.com\/aplicacion-de-as-n\/\">App<\/a> o el canal de <a href=\"https:\/\/www.whatsapp.com\/channel\/0029VaAasdA7j6g745nz9M10\" target=\"_blank\" rel=\"nofollow noopener\" title=\"https:\/\/www.whatsapp.com\/channel\/0029VaAasdA7j6g745nz9M10\">WhatsApp<\/a>. \u00bfBuscas licenciar contenido? Haz clic <a href=\"https:\/\/profesional.elpais.com\/soluciones-sindicacion?utm_medium=interno&amp;utm_source=crosslinking&amp;utm_campaign=sindicacion_as_pie_articulos\" target=\"_blank\" rel=\"nofollow noopener\" title=\"https:\/\/profesional.elpais.com\/soluciones-sindicacion?utm_medium=interno&amp;utm_source=crosslinking&amp;utm_campaign=sindicacion_as_pie_articulos\">aqu\u00ed<\/a><\/p>\n","protected":false},"excerpt":{"rendered":"En algo m\u00e1s de a\u00f1o y medio, Arturo Ruiz (Madrid, 1997) ha pasado de entrenar al Atl\u00e9tico C&hellip;\n","protected":false},"author":2,"featured_media":274066,"comment_status":"","ping_status":"","sticky":false,"template":"","format":"standard","meta":{"footnotes":""},"categories":[268],"tags":[168,25,24,280,282,281,23,167],"class_list":{"0":"post-274065","1":"post","2":"type-post","3":"status-publish","4":"format-standard","5":"has-post-thumbnail","7":"category-futbol","8":"tag-deportes","9":"tag-es","10":"tag-espana","11":"tag-football","12":"tag-futbol","13":"tag-soccer","14":"tag-spain","15":"tag-sports"},"share_on_mastodon":{"url":"https:\/\/pubeurope.com\/@es\/115672277043756680","error":""},"_links":{"self":[{"href":"https:\/\/www.europesays.com\/es\/wp-json\/wp\/v2\/posts\/274065","targetHints":{"allow":["GET"]}}],"collection":[{"href":"https:\/\/www.europesays.com\/es\/wp-json\/wp\/v2\/posts"}],"about":[{"href":"https:\/\/www.europesays.com\/es\/wp-json\/wp\/v2\/types\/post"}],"author":[{"embeddable":true,"href":"https:\/\/www.europesays.com\/es\/wp-json\/wp\/v2\/users\/2"}],"replies":[{"embeddable":true,"href":"https:\/\/www.europesays.com\/es\/wp-json\/wp\/v2\/comments?post=274065"}],"version-history":[{"count":0,"href":"https:\/\/www.europesays.com\/es\/wp-json\/wp\/v2\/posts\/274065\/revisions"}],"wp:featuredmedia":[{"embeddable":true,"href":"https:\/\/www.europesays.com\/es\/wp-json\/wp\/v2\/media\/274066"}],"wp:attachment":[{"href":"https:\/\/www.europesays.com\/es\/wp-json\/wp\/v2\/media?parent=274065"}],"wp:term":[{"taxonomy":"category","embeddable":true,"href":"https:\/\/www.europesays.com\/es\/wp-json\/wp\/v2\/categories?post=274065"},{"taxonomy":"post_tag","embeddable":true,"href":"https:\/\/www.europesays.com\/es\/wp-json\/wp\/v2\/tags?post=274065"}],"curies":[{"name":"wp","href":"https:\/\/api.w.org\/{rel}","templated":true}]}}