{"id":274071,"date":"2025-12-06T11:03:12","date_gmt":"2025-12-06T11:03:12","guid":{"rendered":"https:\/\/www.europesays.com\/es\/274071\/"},"modified":"2025-12-06T11:03:12","modified_gmt":"2025-12-06T11:03:12","slug":"anatomia-de-un-instante-la-serie-de-movistar-sobre-el-23-f-que-deberian-ver-todos-los-espanoles","status":"publish","type":"post","link":"https:\/\/www.europesays.com\/es\/274071\/","title":{"rendered":"\u2018Anatom\u00eda de un instante\u2019: la serie de Movistar+ sobre el 23-F que deber\u00edan ver todos los espa\u00f1oles"},"content":{"rendered":"<p>(4.5 estrellas)<\/p>\n<p class=\"\"><b>El lunes 23 de febrero de 1981, dos centenares de guardias civiles comandados por el teniente coronel Antonio Tejero irrumpieron en el Congreso,<\/b> donde se votaba la investidura de Leopoldo Calvo-Sotelo como presidente del gobierno, y mantuvieron secuestrados a los diputados, ministros y al propio presidente saliente, Adolfo Su\u00e1rez, durante 18 horas.<\/p>\n<p class=\"\">La serie de <a href=\"https:\/\/as.com\/meristation\/2022\/09\/30\/reportajes\/1664539297_898190.html\" target=\"_blank\" rel=\"noreferrer nofollow noopener\" title=\"https:\/\/as.com\/meristation\/2022\/09\/30\/reportajes\/1664539297_898190.html\">Alberto Rodr\u00edguez<\/a> pasa de refil\u00f3n por el hecho en s\u00ed y <b>se sirve de \u00e9l para contar c\u00f3mo fueron los \u00faltimos a\u00f1os del franquismo, la llegada de la democracia y su consolidaci\u00f3n tras el juicio a los golpistas.<\/b> Destaca la figura de los tres \u2018traidores\u2019, los \u00fanicos que no se escondieron cuando Tejero y varios guardias civiles abrieron fuego dentro del hemiciclo: Adolfo Su\u00e1rez, presidente del gobierno; Guti\u00e9rrez Mellado, general y vicepresidente; y Santiago Carrillo, l\u00edder del PCE. Los tres tuvieron que renunciar a buena parte de sus principios para salvar una democracia que a\u00fan pend\u00eda de un hilo, asediada por antiguos militares franquistas y los continuos atentados de ETA.<\/p>\n<p class=\"\"><b>La miniserie de Movistar+ consta de cuatro cap\u00edtulos:<\/b> los tres primeros est\u00e1n dedicados a Su\u00e1rez, Carrillo y Guti\u00e9rrez Mellado, respectivamente, mientras que el cuarto se centra en el golpe y el juicio, con inicio del proceso en febrero de 1982 contra Armada, Milans y Tejero. Alberto Rodr\u00edguez, pese al material ya tratado, logra montar un thriller pol\u00edtico tenso y absorbente.<\/p>\n<p class=\"\">\u2018Anatom\u00eda de un instante\u2019 funciona muy bien gracias a tres factores: la excelente adaptaci\u00f3n del libro de Cercas (publicado en 2009); <b>la maestr\u00eda de Rodr\u00edguez (\u2019La isla m\u00ednima\u2019, \u2018Modelo 77\u2032, \u2018El hombre de las mil caras\u2019) para narrar historias pegadas a la realidad<\/b> y, por \u00faltimo, por tener un reparto sobresaliente liderado por <a href=\"https:\/\/as.com\/meristation\/noticias\/dos-tumbas-una-original-vuelta-de-tuerca-al-genero-del-justiciero-n\/\" target=\"_blank\" rel=\"noreferrer nofollow noopener\" title=\"https:\/\/as.com\/meristation\/noticias\/dos-tumbas-una-original-vuelta-de-tuerca-al-genero-del-justiciero-n\/\"><b>\u00c1lvaro Morte<\/b><\/a><b> como Adolfo Su\u00e1rez, <\/b><a href=\"https:\/\/as.com\/meristation\/noticias\/mano-de-hierro-el-lado-mas-oscuro-del-puerto-de-barcelona-n\/\" target=\"_blank\" rel=\"noreferrer nofollow noopener\" title=\"https:\/\/as.com\/meristation\/noticias\/mano-de-hierro-el-lado-mas-oscuro-del-puerto-de-barcelona-n\/\"><b>Eduard Fern\u00e1ndez<\/b><\/a><b> como Santiago Carrillo y <\/b><a href=\"https:\/\/as.com\/meristation\/cine\/ya-puedes-ver-gratis-una-de-las-mejores-peliculas-espanolas-de-los-ultimos-anos-n\/\" target=\"_blank\" rel=\"noreferrer nofollow noopener\" title=\"https:\/\/as.com\/meristation\/cine\/ya-puedes-ver-gratis-una-de-las-mejores-peliculas-espanolas-de-los-ultimos-anos-n\/\"><b>Manolo Solo<\/b><\/a><b> como Manuel Guti\u00e9rrez Mellado. Soberbios los tres:<\/b> vemos al personaje, no al actor. Tambi\u00e9n destacan David Lorente como Tejero y Miki Esparb\u00e9 como Juan Carlos I. <\/p>\n<p class=\"\"><b>La serie deja entrever a Juan Carlos I como un monarca maquiav\u00e9lico <\/b>que usa a las personas a su alrededor para sus propios fines, y a un Su\u00e1rez que evoluciona de trepa arribista a pol\u00edtico con sentido de Estado, pero que termina superado por la situaci\u00f3n. <b>Deja m\u00e1s interrogantes que certezas sobre la participaci\u00f3n real del rey en el golpe. <\/b>Carrillo y, especialmente, Guti\u00e9rrez Mellado salen reforzados: este \u00faltimo fue crucial para contener a mandos franquistas que a\u00f1oraban una dictadura.<\/p>\n<p><img decoding=\"async\" src=\"https:\/\/www.europesays.com\/es\/wp-content\/uploads\/2025\/12\/WJALGVBSUVEA3OCEZ3ADLUDPUY.jpg\" alt=\"\u2018Anatom\u00eda de un instante\u2019: la serie de Movistar+ sobre el 23-F que deber\u00edan ver todos los espa\u00f1oles \" height=\"675\" width=\"1200\"   loading=\"lazy\"\/><b>\u00bfMerece la pena ver \u2018Anatom\u00eda de un instante\u2019?<\/b><\/p>\n<ul>\n<li>La serie funciona muy bien como thriller pol\u00edtico; Alberto Rodr\u00edguez consigue dar tensi\u00f3n a una historia conocida.<\/li>\n<li>Magn\u00edficas interpretaciones de Eduard Fern\u00e1ndez, \u00c1lvaro Morte y Manolo Solo.<\/li>\n<li>Por c\u00f3mo est\u00e1 rodada, se siente m\u00e1s como una pel\u00edcula larga que una serie.<\/li>\n<\/ul>\n<p><b>\u00bfQu\u00e9 m\u00e1s series hay para ver?<\/b>Noticias relacionadas<a href=\"https:\/\/as.com\/meristation\/noticias\/muerte-por-un-rayo-los-dos-olvidados-mas-famosos-de-la-historia-f202511-n\/\" class=\"s_m_w\" title=\"Interesante miniserie de Netflix sobre el 20\u00ba presidente de los Estados Unidos, James A. Garfield, y su asesino, Charles J. Guiteau.\" data-tb-link=\"\" rel=\"nofollow noopener\" target=\"_blank\"><img decoding=\"async\" src=\"https:\/\/www.europesays.com\/es\/wp-content\/uploads\/2025\/12\/GC2YIZIDEBHJXJUIWLMWUD7FMA.jpg\" alt=\"\u2018Muerte por un rayo\u2019, los dos olvidados m\u00e1s famosos de la Historia\" class=\"\" height=\"9\" width=\"16\"   loading=\"lazy\" data-tb-thumbnail=\"\"\/><\/a><a href=\"https:\/\/as.com\/meristation\/noticias\/el-ultimo-samurai-en-pie-una-mezcla-que-funciona-entre-shogun-y-el-juego-del-calamar-f202511-n\/\" class=\"s_m_w\" title=\"El nuevo \u00e9xito de Netflix es una producci\u00f3n japonesa en la que 298 guerreros se enfrentan a muerte por un premio millonario.\" data-tb-link=\"\" rel=\"nofollow noopener\" target=\"_blank\"><img decoding=\"async\" src=\"https:\/\/www.europesays.com\/es\/wp-content\/uploads\/2025\/12\/4RVYVQAJORDXJL47VZ4YT6AWNQ.jpg\" alt=\"\u2018El \u00faltimo samur\u00e1i en pie\u2019: una mezcla que funciona entre \u2018Shogun\u2019 y \u2018El juego del calamar\u2019\" class=\"\" height=\"9\" width=\"16\"   loading=\"lazy\" data-tb-thumbnail=\"\"\/><\/a><\/p>\n<p class=\"\">Suscr\u00edbete al <a href=\"https:\/\/www.youtube.com\/@meristation\" target=\"_self\" rel=\"nofollow noopener\" title=\"https:\/\/www.youtube.com\/@meristation\">canal de MeriStation en YouTube<\/a>, tu web de videojuegos y entretenimiento para conocer todas las noticias y novedades sobre el mundo del videojuego, cine, series, manga y anime. An\u00e1lisis, entrevistas, tr\u00e1ileres, gameplays, p\u00f3dcast y mucho m\u00e1s. Tambi\u00e9n te animamos a seguir <a href=\"https:\/\/www.tiktok.com\/@meristation\" rel=\"nofollow noopener\" title=\"https:\/\/www.tiktok.com\/@meristation\" target=\"_blank\">nuestra cuenta de TikTok<\/a>. <\/p>\n<p class=\"\">\u00a1S\u00edguenos en ambas y, si est\u00e1s interesado en licenciar este contenido, pincha <a href=\"https:\/\/profesional.elpais.com\/soluciones-sindicacion?utm_medium=interno&amp;utm_source=crosslinking&amp;utm_campaign=sindicacion_as_pie_articulos\" target=\"_blank\" rel=\"nofollow noopener\" title=\"https:\/\/profesional.elpais.com\/soluciones-sindicacion?utm_medium=interno&amp;utm_source=crosslinking&amp;utm_campaign=sindicacion_as_pie_articulos\">aqu\u00ed<\/a>!<\/p>\n<p><script async src=\"\/\/www.tiktok.com\/embed.js\"><\/script><\/p>\n","protected":false},"excerpt":{"rendered":"(4.5 estrellas) El lunes 23 de febrero de 1981, dos centenares de guardias civiles comandados por el teniente&hellip;\n","protected":false},"author":2,"featured_media":274072,"comment_status":"","ping_status":"","sticky":false,"template":"","format":"standard","meta":{"footnotes":""},"categories":[171],"tags":[146,147,25,24,23,214],"class_list":{"0":"post-274071","1":"post","2":"type-post","3":"status-publish","4":"format-standard","5":"has-post-thumbnail","7":"category-tv","8":"tag-entertainment","9":"tag-entretenimiento","10":"tag-es","11":"tag-espana","12":"tag-spain","13":"tag-tv"},"share_on_mastodon":{"url":"https:\/\/pubeurope.com\/@es\/115672292443990261","error":""},"_links":{"self":[{"href":"https:\/\/www.europesays.com\/es\/wp-json\/wp\/v2\/posts\/274071","targetHints":{"allow":["GET"]}}],"collection":[{"href":"https:\/\/www.europesays.com\/es\/wp-json\/wp\/v2\/posts"}],"about":[{"href":"https:\/\/www.europesays.com\/es\/wp-json\/wp\/v2\/types\/post"}],"author":[{"embeddable":true,"href":"https:\/\/www.europesays.com\/es\/wp-json\/wp\/v2\/users\/2"}],"replies":[{"embeddable":true,"href":"https:\/\/www.europesays.com\/es\/wp-json\/wp\/v2\/comments?post=274071"}],"version-history":[{"count":0,"href":"https:\/\/www.europesays.com\/es\/wp-json\/wp\/v2\/posts\/274071\/revisions"}],"wp:featuredmedia":[{"embeddable":true,"href":"https:\/\/www.europesays.com\/es\/wp-json\/wp\/v2\/media\/274072"}],"wp:attachment":[{"href":"https:\/\/www.europesays.com\/es\/wp-json\/wp\/v2\/media?parent=274071"}],"wp:term":[{"taxonomy":"category","embeddable":true,"href":"https:\/\/www.europesays.com\/es\/wp-json\/wp\/v2\/categories?post=274071"},{"taxonomy":"post_tag","embeddable":true,"href":"https:\/\/www.europesays.com\/es\/wp-json\/wp\/v2\/tags?post=274071"}],"curies":[{"name":"wp","href":"https:\/\/api.w.org\/{rel}","templated":true}]}}