{"id":274092,"date":"2025-12-06T11:23:08","date_gmt":"2025-12-06T11:23:08","guid":{"rendered":"https:\/\/www.europesays.com\/es\/274092\/"},"modified":"2025-12-06T11:23:08","modified_gmt":"2025-12-06T11:23:08","slug":"raul-garcia-he-ganado-en-tranquilidad-y-mi-vida-ya-no-depende-de-un-resultado-futbol-deportes","status":"publish","type":"post","link":"https:\/\/www.europesays.com\/es\/274092\/","title":{"rendered":"Ra\u00fal Garc\u00eda: \u201cHe ganado en tranquilidad y mi vida ya no depende de un resultado\u201d | F\u00fatbol | Deportes"},"content":{"rendered":"<p class=\"\">Despu\u00e9s de 20 a\u00f1os en Primera Divisi\u00f3n y m\u00e1s de 600 partidos, Ra\u00fal Garc\u00eda ha dejado atr\u00e1s la presi\u00f3n constante y la autocr\u00edtica feroz. El exjugador de Osasuna, Atl\u00e9tico de Madrid <a href=\"https:\/\/elpais.com\/deportes\/futbol\/2025-11-25\/el-athletic-no-pasa-del-empate-y-depende-de-un-milagro-para-clasificarse.html\" target=\"_self\" rel=\"nofollow noopener\" title=\"https:\/\/elpais.com\/deportes\/futbol\/2025-11-25\/el-athletic-no-pasa-del-empate-y-depende-de-un-milagro-para-clasificarse.html\">y Athletic <\/a>disfruta del tiempo, de la familia y de pasiones que antes quedaban relegadas, como los caballos, mientras analiza con honestidad su carrera. Hoy estar\u00e1 en San Mam\u00e9s y disfrutar\u00e1 como un aficionado m\u00e1s.<\/p>\n<p class=\"\"><b>Pregunta<\/b>: \u00bfC\u00f3mo es la nueva vida de Ra\u00fal Garc\u00eda?<\/p>\n<p class=\"\"><b>Respuesta<\/b>: Ha cambiado mucho, sobre todo a nivel de tranquilidad. Cuando est\u00e1s en activo al final llevas una mochila de responsabilidad y sabes que tambi\u00e9n todo lo que haces despu\u00e9s del partido depende un poco del resultado que obtienes y ahora mismo es todo lo contrario. Ahora disfruto mucho del tiempo libre, de la familia y de proyectos que tengo.<\/p>\n<p class=\"\"><b>P:<\/b> \u00bfHa sido muy dif\u00edcil adaptarse a esta nueva vida?<\/p>\n<p class=\"\"><b>R:<\/b> No me cost\u00f3. Siempre tienes esa duda. Ha sido una carrera muy larga en la que llevas unas rutinas y una forma de vida muy marcada y cambia totalmente. Pero creo que la decisi\u00f3n la ten\u00eda muy bien pensada y con tiempo. No fue una decisi\u00f3n de \u00faltimo mes, sino que ya el \u00faltimo a\u00f1o ten\u00eda bastante claro que era la \u00faltima temporada. A nivel mental me prepar\u00e9 bastante para, como digo, ahora llevarlo como lo estoy llevando, que es muy bien.<\/p>\n<p class=\"\"><b>P:<\/b> Cuando alguien, de peque\u00f1o, sue\u00f1a con hacerse futbolista, tener ese final que tuvo, fue como el sue\u00f1o perfecto, \u00bfno?<\/p>\n<p class=\"\"><b>R:<\/b> Yo la decisi\u00f3n la ten\u00eda tomada de antes. No iba a depender de si era un buen a\u00f1o o un mal a\u00f1o o depender de los resultados, pero, obviamente, a nivel individual y a nivel personal, quedarte tranquilo contigo mismo, tambi\u00e9n ayuda.<\/p>\n<p class=\"\"><b>P:<\/b> \u00bfQu\u00e9 supuso, personalmente hablando, ese t\u00edtulo de Copa con el Athletic?<\/p>\n<p class=\"\"><b>R:<\/b> Ven\u00edamos tambi\u00e9n de muchas finales que no hab\u00edamos conseguido ganar. Entonces, como digo siempre, al final representas a muchas personas, no es solo lo individual, no es solo lo que a ti te perjudica, sino que sabes que la alegr\u00eda o la tristeza de muchos aficionados tambi\u00e9n depende de lo que t\u00fa hagas. Por ese motivo me alegr\u00e9 mucho por la gente cercana que sufre conmigo cuando las cosas no han salido y cuando, sobre todo, en esas finales no conseguimos los t\u00edtulos. <\/p>\n<p class=\"\"><b>P:<\/b> 609 partidos en 20 a\u00f1os en Primera Divisi\u00f3n. \u00bfQu\u00e9 siente cuando echa la vista atr\u00e1s?<\/p>\n<p class=\"\"><b>R:<\/b> Siempre he dicho que yo no so\u00f1aba con ser futbolista. Simplemente, iba quemando etapas y cuando ya me acerqu\u00e9 un poco a esas categor\u00edas de juvenil, sobre todo en el filial de Osasuna, es cuando de verdad me plante\u00e9 que pod\u00eda llegar. He sido una persona que, entre comillas, desconfiaba mucho de lo que hac\u00eda por el hecho de esforzarme m\u00e1s todav\u00eda, no porque no confiara en m\u00ed. Todo lo contrario, soy una persona que confiaba mucho en lo que pod\u00eda dar, pero siempre ten\u00eda ese punto de desconfianza para seguir mejorando y, obviamente, ahora cuando ya ha pasado toda mi carrera, soy consciente de la dificultad que tiene jugar tantos partidos. Cuando est\u00e1s en activo, lo que quieres es seguir mejorando, no te paras a pensar en lo hecho, sino que quieres seguir cumpliendo cosas. No me gusta decir que he tenido la suerte, sino que me lo he currado porque es cierto que he invertido mucho.<\/p>\n<p class=\"\"><b>P:<\/b> \u00bfCu\u00e1nto ha invertido?<\/p>\n<p class=\"\"><b>R:<\/b> Cada d\u00eda. Quiz\u00e1 no he disfrutado tanto el f\u00fatbol. No es una afirmaci\u00f3n, es m\u00e1s una frase hecha. Cuando digo eso lo digo porque he sido tan exigente conmigo, he sido tan de querer ir a mejorar a cada detalle, que muchas veces hac\u00eda partidos buenos para el resto y para m\u00ed siempre hab\u00eda un pero, \u00bfno? Nunca me conformaba con lo que hac\u00eda, sino que siempre quer\u00eda m\u00e1s y eso es lo que me ha hecho llegar a las cifras que he llegado.<\/p>\n<p class=\"\"><b>P:<\/b> \u00bfEra dif\u00edcil convivir con ese grado de exigencia?<\/p>\n<p class=\"\"><b>R:<\/b> No, porque soy muy as\u00ed. En mi d\u00eda a d\u00eda, tambi\u00e9n. Soy una persona que me gusta ser perfeccionista sabiendo que la perfecci\u00f3n no existe y que el error y el d\u00e9ficit es una parte no del f\u00fatbol, sino de la vida. Pero s\u00ed, soy exigente y creo que eso hace conseguir que el techo est\u00e9 m\u00e1s arriba de lo que hubiese conseguido si no hubiese sido as\u00ed.<\/p>\n<p class=\"\"><b>P:<\/b> Se refiere a ese car\u00e1cter guerrero que le ha caracterizado siempre, \u00bfno?<\/p>\n<p class=\"\"><b>R:<\/b> S\u00ed, pero creo que es un complemento. Es verdad que muchas veces, por un lado, parece injusto, que la gente parece que solo se queda con que era un jugador de mucho trabajo, agresivo, de meter el pie. Pero creo que solo con eso no llegas a las cifras que he llegado.<\/p>\n<p class=\"\"><b>P:<\/b> En este sentido, encontrarse con el Cholo Simeone, \u00bfcu\u00e1nto le ayud\u00f3?<\/p>\n<p class=\"\"><b>R:<\/b> Al Cholo le estoy muy agradecido porque yo ven\u00eda de una etapa en la que en Madrid tampoco me salieron las cosas como yo quer\u00eda. Hab\u00eda dudas alrededor de m\u00ed como jugador y \u00e9l, desde el primer momento, me apoy\u00f3 mucho y eso tambi\u00e9n hizo que yo pudiera poder dar ese paso adelante. Creo que yo lo entend\u00ed enseguida, su manera de ser y su forma de competir.<\/p>\n<p class=\"\"><b>P:<\/b> \u00bfQu\u00e9 te parece lo que est\u00e1 consiguiendo<a href=\"https:\/\/elpais.com\/economia\/2025-11-10\/el-fondo-apollo-toma-la-mayoria-accionarial-del-atletico-de-madrid.html\" target=\"_self\" rel=\"nofollow noopener\" title=\"https:\/\/elpais.com\/economia\/2025-11-10\/el-fondo-apollo-toma-la-mayoria-accionarial-del-atletico-de-madrid.html\"> en el Atl\u00e9tico de Madrid<\/a>?<\/p>\n<p class=\"\"><b>R:<\/b> Hoy en d\u00eda en el f\u00fatbol no hay paciencia, no se espera para que la gente tenga esos proyectos, que normalmente necesitan sus periodos, su tiempo. Vivimos en una sociedad que es todo ya, que no se espera a nadie. En el f\u00fatbol el resultado te marca mucho el tener esa continuidad o no tenerla y en este caso, el m\u00e9rito que tiene el Cholo no es solo a nivel de resultado. No s\u00e9 si vamos a ver alg\u00fan entrador que haga lo mismo.<\/p>\n<p class=\"\"><b>P:<\/b> Querido por sus aficiones y odiado por el resto. \u00bfC\u00f3mo lo llevaba?<\/p>\n<p class=\"\"><b>R:<\/b> Yo entiendo esa parte. Tambi\u00e9n yo la he utilizado para motivarme. Cuando iba a un campo y sientes esa cr\u00edtica, esa presi\u00f3n, la tienes que utilizar de la otra manera. Decir, bueno, obviamente ellos quieren que yo no gane, que no me salga bien y si lo hago bien, les va a molestar m\u00e1s. Entonces, centrarse en sacar ese rendimiento y buscar ese punto de motivaci\u00f3n tambi\u00e9n.<\/p>\n<p class=\"\"><b>P:<\/b> \u00bfUno llega a cansarse de esa imagen?<\/p>\n<p class=\"\"><b>R:<\/b> Esto es muy sencillo. En el f\u00fatbol, a la gente le da igual la persona. El resumen es muy claro. Nos ponemos la bufanda y ya enseguida hablamos sin conocer. Obviamente, el que habla as\u00ed es porque me ha visto en los terrenos de juego. Siempre he dicho lo mismo. Cuando yo estaba, por ejemplo, en el Atl\u00e9tico y no gan\u00e1bamos y el Madrid llevaba muchos a\u00f1os ganando, nadie hablaba mal de m\u00ed, todo el contrario, todo el mundo pasaba. Pero luego, cuando empezamos a rendir, ya molestaba un poquito m\u00e1s. Le daba la importancia justa. Obviamente creo que no es justo porque son cosas que van de la mano, la persona y el jugador, pero la llego a entender porque el f\u00fatbol, como digo, la conversaci\u00f3n de bar es muy t\u00edpica y siempre vamos a las etiquetas.<\/p>\n<p class=\"\"><b>P:<\/b> \u00bfTiene pensado, como lo ha hecho su amigo Gabi, pasarse a los banquillos?<\/p>\n<p class=\"\"><b>R:<\/b> Si algo ten\u00eda claro cuando dej\u00e9 el f\u00fatbol era que necesitaba estar en casa los fines de semana, darle ese tiempo a mi familia que me ha dado la posibilidad de cumplir todo lo que he ido cumpliendo. Entonces, de momento, lo descarto. Es peor incluso que ser jugador. Es m\u00e1s inestable, es m\u00e1s de cambios. Pero, como digo, soy de f\u00fatbol, me gusta el f\u00fatbol y nunca sabes. Igual el d\u00eda de ma\u00f1ana puedo estar ah\u00ed, pero de momento, a corto plazo, no.<\/p>\n<p class=\"\"><b>P:<\/b> Tiempo para disfrutar de la familia y de los caballos. Otra de sus pasiones, \u00bfno?<\/p>\n<p class=\"\"><b>R:<\/b> Mi mujer era la que quer\u00eda empezar a montar. <a href=\"https:\/\/elpais.com\/deportes\/ciclismo\/2025-12-03\/primero-el-entrenador-ahora-el-masajista-el-athletic-pesca-en-el-entorno-de-tadej-pogacar.html\" target=\"_self\" rel=\"nofollow noopener\" title=\"https:\/\/elpais.com\/deportes\/ciclismo\/2025-12-03\/primero-el-entrenador-ahora-el-masajista-el-athletic-pesca-en-el-entorno-de-tadej-pogacar.html\">Cuando llegamos a Bilbao<\/a> ella busc\u00f3 un lugar para aprender. Poco a poco me fue enganchando a m\u00ed tambi\u00e9n porque lo ve\u00eda como una v\u00eda de escape para mi carrera y, sobre todo, a nivel mental. Obviamente no para montar porque todav\u00eda, estando en activo, no pod\u00eda. Compramos un caballo para que un profesor lo llevara a competir y lo \u00edbamos a ver. Al principio era una v\u00eda de escape de esa rutina del f\u00fatbol, porque, fuera donde fuera, todo el mundo te hablaba de lo mismo. Ahora he empezado a montar.<\/p>\n<p class=\"\"><b>P:<\/b> \u00bfPuede explicar con palabras lo que siente cuando sube a un caballo?<\/p>\n<p class=\"\"><b>R:<\/b> Es dif\u00edcil. Es esa libertad, pero, a veces, es esa adrenalina de saber que tienes debajo un animal tan grande, que es muy, sobre todo, muy sano, muy leal, pero que, obviamente, tiene la fuerza que tiene. Es una combinaci\u00f3n entre adrenalina y libertad.<\/p>\n","protected":false},"excerpt":{"rendered":"Despu\u00e9s de 20 a\u00f1os en Primera Divisi\u00f3n y m\u00e1s de 600 partidos, Ra\u00fal Garc\u00eda ha dejado atr\u00e1s la&hellip;\n","protected":false},"author":2,"featured_media":274093,"comment_status":"","ping_status":"","sticky":false,"template":"","format":"standard","meta":{"footnotes":""},"categories":[268],"tags":[2182,3409,1540,168,1539,25,24,280,282,1538,67020,281,23,167],"class_list":{"0":"post-274092","1":"post","2":"type-post","3":"status-publish","4":"format-standard","5":"has-post-thumbnail","7":"category-futbol","8":"tag-athletic","9":"tag-atletico-de-madrid","10":"tag-competiciones","11":"tag-deportes","12":"tag-entrenadores","13":"tag-es","14":"tag-espana","15":"tag-football","16":"tag-futbol","17":"tag-futbolistas","18":"tag-raul-garcia","19":"tag-soccer","20":"tag-spain","21":"tag-sports"},"share_on_mastodon":{"url":"https:\/\/pubeurope.com\/@es\/115672370779415166","error":""},"_links":{"self":[{"href":"https:\/\/www.europesays.com\/es\/wp-json\/wp\/v2\/posts\/274092","targetHints":{"allow":["GET"]}}],"collection":[{"href":"https:\/\/www.europesays.com\/es\/wp-json\/wp\/v2\/posts"}],"about":[{"href":"https:\/\/www.europesays.com\/es\/wp-json\/wp\/v2\/types\/post"}],"author":[{"embeddable":true,"href":"https:\/\/www.europesays.com\/es\/wp-json\/wp\/v2\/users\/2"}],"replies":[{"embeddable":true,"href":"https:\/\/www.europesays.com\/es\/wp-json\/wp\/v2\/comments?post=274092"}],"version-history":[{"count":0,"href":"https:\/\/www.europesays.com\/es\/wp-json\/wp\/v2\/posts\/274092\/revisions"}],"wp:featuredmedia":[{"embeddable":true,"href":"https:\/\/www.europesays.com\/es\/wp-json\/wp\/v2\/media\/274093"}],"wp:attachment":[{"href":"https:\/\/www.europesays.com\/es\/wp-json\/wp\/v2\/media?parent=274092"}],"wp:term":[{"taxonomy":"category","embeddable":true,"href":"https:\/\/www.europesays.com\/es\/wp-json\/wp\/v2\/categories?post=274092"},{"taxonomy":"post_tag","embeddable":true,"href":"https:\/\/www.europesays.com\/es\/wp-json\/wp\/v2\/tags?post=274092"}],"curies":[{"name":"wp","href":"https:\/\/api.w.org\/{rel}","templated":true}]}}